{"id":164281,"date":"2022-07-05T10:36:13","date_gmt":"2022-07-05T13:36:13","guid":{"rendered":"https:\/\/www.novaconcursos.com.br\/portal\/?p=164281"},"modified":"2022-07-05T10:36:17","modified_gmt":"2022-07-05T13:36:17","slug":"concurso-prf-minuta-de-mp-preve-reestruturacao-carreira","status":"publish","type":"post","link":"https:\/\/www.novaconcursos.com.br\/portal\/noticias\/concurso-prf-minuta-de-mp-preve-reestruturacao-carreira\/","title":{"rendered":"Concurso PRF: Minuta de MP prev\u00ea reestrutura\u00e7\u00e3o da carreira. Veja detalhes!"},"content":{"rendered":"<p>Aten\u00e7\u00e3o concurseiros! Ainda <strong>sem data<\/strong> para o novo <a href=\"https:\/\/www.novaconcursos.com.br\/portal\/concursos\/concurso-prf\/\">concurso PRF<\/a>, ele deve ser publicado com <strong>mudan\u00e7as <\/strong>em rela\u00e7\u00e3o aos \u00faltimos, uma vez que uma minuta prev\u00ea <strong>reestrutura\u00e7\u00e3o <\/strong>na carreira. Al\u00e9m disso, o MP<strong> ainda luta<\/strong> por cotas nas sele\u00e7\u00f5es. Entenda!<\/p>\n\n\n\n<ul class=\"wp-block-list\"><li><strong>Confira:<\/strong>\u00a0<a rel=\"noreferrer noopener\" aria-label=\" (abre numa nova aba)\" href=\"https:\/\/www.novaconcursos.com.br\/eventos\/curso-gratis-prf\/\" target=\"_blank\">Curso Gr\u00e1tis Pol\u00edcia Rodovi\u00e1ria Federal<\/a><\/li><\/ul><p><\/p>\n\n\n\n<p>Estude para o concurso dos seus sonhos com a\u00a0<a href=\"https:\/\/www.novaconcursos.com.br\/eventos\/assinatura\" target=\"_blank\" rel=\"noreferrer noopener\" aria-label=\" (abre numa nova aba)\">Assinatura Completa da Nova<\/a>\u00a0. Tenha acesso a Cursos, Plataforma de Quest\u00f5es, Eventos Exclusivos para Assinantes e Muito Mais!<\/p>\n\n\n\n<h2 class=\"wp-block-heading\" id=\"concurso-prf-restruturao-prevista-na-carreira\">Concurso PRF: restrutura\u00e7\u00e3o prevista na carreira<\/h2>\n\n\n\n<p>Um novo\u00a0<a href=\"https:\/\/www.novaconcursos.com.br\/portal\/concursos-previstos\/nacional\">concurso<\/a> PRF pode ser <strong>realizado em 2022<\/strong> e com mudan\u00e7as em rela\u00e7\u00e3o aos \u00faltimos certames.<\/p>\n\n\n\n<ul class=\"wp-block-list\"><li><strong>Adquira<\/strong>:\u00a0<a href=\"https:\/\/www.novaconcursos.com.br\/concurso\/prf-policia-rodoviaria-federal\/apostila\">Apostila Concurso PRF<\/a><\/li><li><strong>Adquira<\/strong>:\u00a0<a href=\"https:\/\/www.novaconcursos.com.br\/concurso\/prf-policia-rodoviaria-federal\/curso-online\">Curso Online PRF<\/a><\/li><\/ul><p><\/p>\n\n\n\n<p>Isso porque uma minuta do projeto que estabelece o <strong>Plano de Moderniza\u00e7\u00e3o <\/strong>da corpora\u00e7\u00e3o foi assinado no dia 28 de junho.<\/p>\n\n\n\n<p>Entretanto, ainda \u00e9 uma\u00a0<strong>medida provis\u00f3ria <\/strong>(MP), ou seja, o documento ainda passa pelos tr\u00e2mites burocr\u00e1ticos necess\u00e1rios.<\/p>\n\n\n\n<p>Sendo assim, <strong>somente ap\u00f3s os tr\u00e2mites<\/strong> \u00e9 que ele trar\u00e1 as altera\u00e7\u00f5es e ser\u00e1 publicado. Por\u00e9m, a reestrutura\u00e7\u00e3o \u00e9 aguardada com otimismo pela PRF.<\/p>\n\n\n\n<p>Assim, a <strong>minuta disciplina<\/strong> suas compet\u00eancias e atribui\u00e7\u00f5es, prerrogativas e direitos da Carreira de Oficial.<\/p>\n\n\n\n<h3 class=\"wp-block-heading\">Aumento do efetivo<\/h3>\n\n\n\n<p>Portanto, o <strong>primeiro ponto<\/strong> de destaque \u00e9 o aumento do efetivo. Atualmente, o quadro prev\u00ea 13.098 policiais rodovi\u00e1rios federais.<\/p>\n\n\n\n<p>Entretanto, o <strong>texto prev\u00ea que a carreira<\/strong> seja composta por 17 mil Oficiais de Opera\u00e7\u00f5es e 1.000 (mil) cargos de Oficial de Opera\u00e7\u00f5es T\u00e9cnicas. Sendo assim, veja o que est\u00e1 previsto:<\/p>\n\n\n\n<ul class=\"wp-block-list\"><li>I \u2013 transforma\u00e7\u00e3o dos atuais 13.098 (treze mil e noventa e oito) cargos efetivos de Policial Rodovi\u00e1rio Federal, do quadro geral do Minist\u00e9rio da Justi\u00e7a e Seguran\u00e7a P\u00fablica, em cargos de\u00a0<strong>Oficial de Opera\u00e7\u00f5es da Pol\u00edcia Rodovi\u00e1ria Federal<\/strong>;<\/li><li>II \u2013 cria\u00e7\u00e3o de\u00a0<strong>3.902<\/strong>\u00a0(tr\u00eas mil, novecentos e dois) novos cargos de Oficial de Opera\u00e7\u00f5es da Pol\u00edcia Rodovi\u00e1ria Federal; e<\/li><li>III \u2013 cria\u00e7\u00e3o de\u00a0<strong>1.000 (mil) cargos<\/strong>\u00a0de Oficial de Opera\u00e7\u00f5es T\u00e9cnicas da Pol\u00edcia Rodovi\u00e1ria Federal. Art. 3\u00ba Integram os cargos de Oficial de Opera\u00e7\u00f5es T\u00e9cnicas da Pol\u00edcia Rodovi\u00e1ria Federal as especialidades descritas abaixo:<ul><li><strong>I \u2013 Sa\u00fade \u2013 concurso PRF:<\/strong><ul><li>m\u00e9dico;<\/li><li>psic\u00f3logo;<\/li><li>fisioterapeuta;<\/li><li>enfermeiro;<\/li><li>nutricionista;<\/li><li>farmac\u00eautico bioqu\u00edmico; e<\/li><li>biom\u00e9dico;<\/li><\/ul><\/li><li><strong>II \u2013 Assist\u00eancia Social:<\/strong><ul><li>assistente social; e<\/li><li>te\u00f3logo;<\/li><\/ul><\/li><li><strong>III \u2013 Sa\u00fade Animal:<\/strong><ul><li>veterin\u00e1rio;<\/li><\/ul><\/li><li><strong>IV \u2013 Engenharia;<\/strong><ul><li>engenheiro <ul><li>civil;<\/li><li>el\u00e9trico;<\/li><li>sanit\u00e1rio;<\/li><li>ambiental;<\/li><li>de tr\u00e1fego;<\/li><li>mec\u00e2nico;<\/li><li>aeron\u00e1utico;<\/li><li>t\u00eaxtil;<\/li><li>da computa\u00e7\u00e3o; e<\/li><\/ul><\/li><li>arquiteto;<\/li><\/ul><\/li><li><strong>V \u2013 Tecnologia:<\/strong><ul><li>redes e sistemas; e<\/li><li>ci\u00eancia da computa\u00e7\u00e3o;<\/li><\/ul><\/li><li><strong>VI \u2013 Avia\u00e7\u00e3o:<\/strong><ul><li>ci\u00eancias aeron\u00e1uticas;<\/li><\/ul><\/li><li><strong>VII \u2013 Comunica\u00e7\u00e3o:<\/strong><ul><li>comunica\u00e7\u00e3o social;<\/li><li>designer gr\u00e1fico;<\/li><li>jornalismo;<\/li><li>publicidade e propaganda.<\/li><\/ul><\/li><li><strong>VIII \u2013 Exatas e Humanas:<\/strong><ul><li>contador;<\/li><li>economista;<\/li><li>estat\u00edstico;<\/li><li>log\u00edstico; e<\/li><li>matem\u00e1tico;<\/li><\/ul><\/li><li><strong>IX \u2013 Ensino:<\/strong><ul><li>pedagogo;<\/li><li>bibliotec\u00e1rio;<\/li><li>arquivista;<\/li><li>muse\u00f3logo; e<\/li><li>educador f\u00edsico.<\/li><\/ul><\/li><\/ul><\/li><\/ul><p><\/p>\n\n\n\n<h3 class=\"wp-block-heading\">Carreiras<\/h3>\n\n\n\n<p>Al\u00e9m disso, em caso de aprova\u00e7\u00e3o, as <strong>carreiras <\/strong>de Oficial de Opera\u00e7\u00f5es e Oficial de Opera\u00e7\u00f5es T\u00e9cnicas seriam <strong>estruturadas<\/strong>.<\/p>\n\n\n\n<p>Assim, elas <strong>teriam as seguintes classes<\/strong>: Cadete, Aspirante, Agente, Agente Especial, Inspetor e Inspetor Especial.<\/p>\n\n\n\n<h3 class=\"wp-block-heading\">Investidura no cargo<\/h3>\n\n\n\n<p>Ademais, caso o texto avance, o\u00a0<strong>curso de forma\u00e7\u00e3o do concurso PRF teria dura\u00e7\u00e3o de 12 meses.<\/strong> Al\u00e9m disso, o concurso p\u00fablico compreender\u00e1:<\/p>\n\n\n\n<ul class=\"wp-block-list\"><li>I \u2013 provas objetiva e discursiva e\u00a0<strong>exame de aptid\u00e3o f\u00edsica, de car\u00e1ter eliminat\u00f3rio e classificat\u00f3rio<\/strong>;<\/li><li>II \u2013 avalia\u00e7\u00f5es de sa\u00fade e psicol\u00f3gica,\u00a0<strong>exame de dire\u00e7\u00e3o veicular<\/strong>\u00a0e investiga\u00e7\u00e3o social, de car\u00e1ter eliminat\u00f3rio; e<\/li><li>III \u2013 avalia\u00e7\u00e3o de t\u00edtulos, de car\u00e1ter classificat\u00f3rio.<ul><li>\u00a7 1\u00ba \u00c9 exigido para o ingresso na carreira o diploma de curso superior completo, em n\u00edvel de gradua\u00e7\u00e3o, devidamente reconhecido pelo Minist\u00e9rio da Educa\u00e7\u00e3o,\u00a0<strong>idade m\u00e1xima de 35 (trinta e cinco) anos<\/strong>\u00a0no ato da publica\u00e7\u00e3o do edital de abertura do concurso PRF e o preenchimento aos demais requisitos estabelecidos no edital do concurso.<\/li><li>\u00a7 2\u00ba A investidura na carreira de Oficial da Pol\u00edcia Rodovi\u00e1ria Federal dar-se-\u00e1 no padr\u00e3o \u00fanico da classe de Cadete.<\/li><\/ul><\/li><li><strong>Art. 11. O candidato aprovado em concurso p\u00fablico, ap\u00f3s nomeado e empossado, ser\u00e1 submetido a curso de forma\u00e7\u00e3o policial.<\/strong><ul><li>1\u00ba O curso de forma\u00e7\u00e3o policial ter\u00e1 in\u00edcio com a matr\u00edcula e obedecer\u00e1 a matriz curricular e carga hor\u00e1ria prevista para cada carreira, em conformidade com as especifica\u00e7\u00f5es do Regimento Interno e Disciplinar da unidade de ensino da Pol\u00edcia Rodovi\u00e1ria Federal, estabelecido por ato do Diretor-Geral.<\/li><li>2\u00ba O Regimento Interno e Disciplinar da unidade de ensino da Pol\u00edcia Rodovi\u00e1ria Federal, em conson\u00e2ncia com as disposi\u00e7\u00f5es legais, regular\u00e1 o curso de forma\u00e7\u00e3o policial, estabelecendo diretrizes e regras de funcionamento, nas quais constem os direitos, os deveres, as proibi\u00e7\u00f5es e as prerrogativas do oficial da Pol\u00edcia Rodovi\u00e1ria Federal, sem preju\u00edzo do disposto nesta Lei.<\/li><li>3\u00ba A reprova\u00e7\u00e3o do Cadete no curso de forma\u00e7\u00e3o policial, ocorrer\u00e1 ap\u00f3s o devido processo acad\u00eamico, garantido o contradit\u00f3rio e a ampla defesa.<\/li><li>4\u00ba O curso de forma\u00e7\u00e3o policial \u00e9 requisito fundamental do est\u00e1gio probat\u00f3rio, bem como etapa indispon\u00edvel do processo de avalia\u00e7\u00e3o de desempenho individual do servidor.<\/li><li>5\u00ba O Cadete reprovado no curso de forma\u00e7\u00e3o policial, at\u00e9 findar o processo de exonera\u00e7\u00e3o, ser\u00e1 afastado de suas fun\u00e7\u00f5es com perda da remunera\u00e7\u00e3o, podendo:<ul><li>I \u2013 ter acesso e participar de todas as fases do processo;<\/li><li>II \u2013 interpor os recursos pertinentes; e<\/li><li>III \u2013 utilizar todos os meios probat\u00f3rio permitidos pela legisla\u00e7\u00e3o.<\/li><\/ul><\/li><li>6\u00ba A reprova\u00e7\u00e3o em qualquer das disciplinas e\/ou fases do curso de forma\u00e7\u00e3o policial implicar\u00e1 na imediata instaura\u00e7\u00e3o do processo de exonera\u00e7\u00e3o.<\/li><li>7\u00ba Durante o curso de forma\u00e7\u00e3o policial o Cadete ser\u00e1 submetido a acompanhamento de sua vida social, segundo crit\u00e9rios estabelecidos no Regimento Interno e Disciplinar da unidade de ensino do \u00f3rg\u00e3o, que ser\u00e1 considerado para efeito de avalia\u00e7\u00e3o no est\u00e1gio probat\u00f3rio.<\/li><li>8\u00ba O Oficial da Pol\u00edcia Rodovi\u00e1ria Federal, caso requeira exonera\u00e7\u00e3o ou seja demitido com menos de 4 (quatro) anos do seu ingresso na carreira, dever\u00e1 indenizar ao er\u00e1rio as despesas realizadas com a sua forma\u00e7\u00e3o durante o curso de forma\u00e7\u00e3o policial, devidamente atualizadas, descontando-se em cada ano de servi\u00e7o prestado \u00e0 Uni\u00e3o o importe de 25% (vinte e cinco por cento) do valor total despendido.<\/li><li>9\u00ba O valor total despendido por oficial durante o curso de forma\u00e7\u00e3o policial dever\u00e1 estar expressamente previsto no edital convocat\u00f3rio do concurso, e ser\u00e1 atualizado anualmente.<\/li><\/ul><\/li><\/ul><p><\/p>\n\n\n\n<h2 class=\"wp-block-heading\" id=\"mp-pede-respeito-s-cotas\">MP pede respeito \u00e0s cotas<\/h2>\n\n\n\n<p>Al\u00e9m das mudan\u00e7as acima, o Minist\u00e9rio P\u00fablico Federal (MPF) voltou a refor\u00e7ar que seja <strong>respeitada a lei de cotas<\/strong> no <a href=\"https:\/\/www.novaconcursos.com.br\/portal\/concursos-abertos\/nacional\">concurso <\/a>realizado em 2021.<\/p>\n\n\n\n<p>Assim, a a\u00e7\u00e3o pede reserva de <strong>20% das vagas<\/strong> para negros no momento da apura\u00e7\u00e3o final, n\u00e3o em todas as fases do certame.<\/p>\n\n\n\n<p>Com a a\u00e7\u00e3o, o MP relata que os<strong> negros tiveram nota suficiente <\/strong>para estarem nas corre\u00e7\u00f5es de reda\u00e7\u00f5es em ampla concorr\u00eancia e foram inclu\u00eddos no n\u00famero limite para cotistas.<\/p>\n\n\n\n<p>Vale destacar que a sele\u00e7\u00e3o <strong>chegou a ser suspensa<\/strong>. Al\u00e9m disso, a Uni\u00e3o e Cebraspe foram processadas para que haja respeito a reserva. <\/p>\n\n\n\n<p>Assim, o concurso de 2021 ofertou\u00a0<strong>1.500 vagas<\/strong>\u00a0para os cargos de Agente, Escriv\u00e3o, Papiloscopista e\u00a0Delegado, com mais de\u00a0<strong>321.615 inscritos<\/strong>. <\/p>\n\n\n\n<p>Ademais, os candidatos inscritos foram <strong>avaliados <\/strong>por meio das seguintes etapas avaliativas:<\/p>\n\n\n\n<ul class=\"wp-block-list\"><li>Prova objetiva e discursiva, de car\u00e1ter eliminat\u00f3rio e classificat\u00f3rio;<\/li><li>Exame de aptid\u00e3o f\u00edsica, de car\u00e1ter eliminat\u00f3rio;<\/li><li>Avalia\u00e7\u00e3o psicol\u00f3gica, de car\u00e1ter eliminat\u00f3rio;<\/li><li>Apresenta\u00e7\u00e3o de documentos, de car\u00e1ter eliminat\u00f3rio;<\/li><li>Avalia\u00e7\u00e3o de sa\u00fade, de car\u00e1ter eliminat\u00f3rio;<\/li><li>Avalia\u00e7\u00e3o de t\u00edtulos, de car\u00e1ter classificat\u00f3rio; e<\/li><li>Investiga\u00e7\u00e3o social, de car\u00e1ter eliminat\u00f3rio.<\/li><\/ul><p><\/p>\n\n\n\n<figure class=\"wp-block-image size-large\"><a href=\"https:\/\/www.novaconcursos.com.br\/eventos\/assinatura\" target=\"_blank\" rel=\"noreferrer noopener\"><img decoding=\"async\" src=\"https:\/\/www.novaconcursos.com.br\/portal\/wp-content\/uploads\/2022\/01\/Faixa-Frete-Gr%E2%80%A0tis-portal.png\" alt=\"assinatura completa\" class=\"wp-image-153078\" loading=\"lazy\" title=\"\"><\/a><figcaption><\/figcaption><\/figure>","protected":false},"excerpt":{"rendered":"<p>Aten\u00e7\u00e3o concurseiros! Ainda sem data para o novo concurso PRF, ele deve ser publicado com mudan\u00e7as em rela\u00e7\u00e3o aos \u00faltimos, uma vez que uma minuta prev\u00ea reestrutura\u00e7\u00e3o na carreira. Al\u00e9m disso, o MP ainda luta por cotas nas sele\u00e7\u00f5es. Entenda! Confira:\u00a0Curso Gr\u00e1tis Pol\u00edcia Rodovi\u00e1ria Federal Estude para o concurso dos seus sonhos com a\u00a0Assinatura Completa [&hellip;]<\/p>\n","protected":false},"author":54671,"featured_media":157187,"comment_status":"closed","ping_status":"closed","sticky":false,"template":"","format":"standard","meta":{"_acf_changed":false,"footnotes":"","_wp_rev_ctl_limit":""},"categories":[228],"tags":[],"class_list":["post-164281","post","type-post","status-publish","format-standard","has-post-thumbnail","hentry","category-noticias"],"acf":[],"_links":{"self":[{"href":"https:\/\/www.novaconcursos.com.br\/portal\/wp-json\/wp\/v2\/posts\/164281","targetHints":{"allow":["GET"]}}],"collection":[{"href":"https:\/\/www.novaconcursos.com.br\/portal\/wp-json\/wp\/v2\/posts"}],"about":[{"href":"https:\/\/www.novaconcursos.com.br\/portal\/wp-json\/wp\/v2\/types\/post"}],"author":[{"embeddable":true,"href":"https:\/\/www.novaconcursos.com.br\/portal\/wp-json\/wp\/v2\/users\/54671"}],"replies":[{"embeddable":true,"href":"https:\/\/www.novaconcursos.com.br\/portal\/wp-json\/wp\/v2\/comments?post=164281"}],"version-history":[{"count":4,"href":"https:\/\/www.novaconcursos.com.br\/portal\/wp-json\/wp\/v2\/posts\/164281\/revisions"}],"predecessor-version":[{"id":164286,"href":"https:\/\/www.novaconcursos.com.br\/portal\/wp-json\/wp\/v2\/posts\/164281\/revisions\/164286"}],"wp:featuredmedia":[{"embeddable":true,"href":"https:\/\/www.novaconcursos.com.br\/portal\/wp-json\/wp\/v2\/media\/157187"}],"wp:attachment":[{"href":"https:\/\/www.novaconcursos.com.br\/portal\/wp-json\/wp\/v2\/media?parent=164281"}],"wp:term":[{"taxonomy":"category","embeddable":true,"href":"https:\/\/www.novaconcursos.com.br\/portal\/wp-json\/wp\/v2\/categories?post=164281"},{"taxonomy":"post_tag","embeddable":true,"href":"https:\/\/www.novaconcursos.com.br\/portal\/wp-json\/wp\/v2\/tags?post=164281"}],"curies":[{"name":"wp","href":"https:\/\/api.w.org\/{rel}","templated":true}]}}