{"id":164287,"date":"2022-07-05T10:50:53","date_gmt":"2022-07-05T13:50:53","guid":{"rendered":"https:\/\/www.novaconcursos.com.br\/portal\/?p=164287"},"modified":"2022-07-05T17:33:24","modified_gmt":"2022-07-05T20:33:24","slug":"concurso-pm-ap-disponivel-consulta-aos-locais-de-prova-confira","status":"publish","type":"post","link":"https:\/\/www.novaconcursos.com.br\/portal\/noticias\/concurso-pm-ap-disponivel-consulta-aos-locais-de-prova-confira\/","title":{"rendered":"Concurso PM AP: Dispon\u00edvel consulta aos locais de prova. Confira!"},"content":{"rendered":"<p>N\u00e3o perca o prazo, concurseiro! As\u00a0<strong>provas objetivas <\/strong>do\u00a0<a href=\"https:\/\/www.novaconcursos.com.br\/portal\/concursos\/concurso-pm-ap\/\">concurso PM AP<\/a> (Pol\u00edcia Militar do Estado do Amap\u00e1) est\u00e3o se aproximando e ser\u00e3o dia 17 de julho. Por isso, veja os locais de avalia\u00e7\u00e3o. S\u00e3o <strong>2.500 vagas\u00a0<\/strong>de Soldado para formar um\u00a0<strong>cadastro reserva.<\/strong><\/p>\n\n\n\n<ul class=\"wp-block-list\"><li><strong>Confira:<\/strong>\u00a0<a rel=\"noreferrer noopener\" aria-label=\" (abre numa nova aba)\" href=\"https:\/\/www.novaconcursos.com.br\/curso-online\/pm-ap-soldado?q=PM%20AP\" target=\"_blank\">Curso Online PM AP \u2013 Soldado<\/a><\/li><li> <strong>Confira:<\/strong> <a href=\"https:\/\/www.novaconcursos.com.br\/apostila\/pm-ap-soldado?q=PM%20AP\" target=\"_blank\" rel=\"noreferrer noopener\" aria-label=\"Apostila PM AP - Soldado (abre numa nova aba)\">Apostila PM AP \u2013 Soldado<\/a><\/li><\/ul><p><\/p>\n\n\n\n<h2 class=\"wp-block-heading\" id=\"concurso-pm-ap-provas-se-aproximando-saiba-detalhes\">Concurso PM AP: provas se aproximando; saiba detalhes!<\/h2>\n\n\n\n<p>Assim, as <strong>provas <\/strong>objetivas do concurso da Pol\u00edcia Militar do <a href=\"https:\/\/www.novaconcursos.com.br\/portal\/concursos-previstos\/ap\">Estado do Amap\u00e1<\/a> est\u00e3o se <strong>aproximando<\/strong>.<\/p>\n\n\n\n<p>Elas ser\u00e3o aplicadas no pr\u00f3ximo dia <strong>17 de julho<\/strong>. Por isso, \u00e9 importante que os concurseiros se atentem as informa\u00e7\u00f5es que j\u00e1 est\u00e3o publicadas!<\/p>\n\n\n\n<h3 class=\"wp-block-heading\">Locais de prova<\/h3>\n\n\n\n<p>A banca organizadora da sele\u00e7\u00e3o, <strong>Funda\u00e7\u00e3o Carlos Chagas<\/strong> (FCC), divulgou os locais de prova para consulta.<\/p>\n\n\n\n<p>Assim, os inscritos dever\u00e3o entrar no <a rel=\"noreferrer noopener\" aria-label=\"site da banca (abre numa nova aba)\" href=\"http:\/\/concursosfcc.com.br\/concursos\/seaap122\/index.html\" target=\"_blank\">site da banca<\/a>, de forma individual, para conferir onde far\u00e1 a avalia\u00e7\u00e3o. Lembrando que elas <strong>ser\u00e3o aplicadas em Macap\u00e1!<\/strong><\/p>\n\n\n\n<h3 class=\"wp-block-heading\">Como ser\u00e3o as provas?<\/h3>\n\n\n\n<p>Portanto, os candidatos inscritos ter\u00e3o que responder a <strong>60 quest\u00f5es <\/strong>sobre v\u00e1rias disciplinas. Sendo assim, confira:<\/p>\n\n\n\n<ul class=\"wp-block-list\"><li>L\u00edngua Portuguesa;<\/li><li>Direito <ul><li>Constitucional;<\/li><li>Administrativo;<\/li><li>Penal;<\/li><li>Humanos;<\/li><\/ul><\/li><li>Racioc\u00ednio L\u00f3gico e Matem\u00e1tico;<\/li><li>Atualidades;<\/li><li>Hist\u00f3ria do estado do Amap\u00e1; e<\/li><li>Geografia do estado do Amap\u00e1.<\/li><\/ul><p><\/p>\n\n\n\n<h3 class=\"wp-block-heading\">O que \u00e9 preciso para aprova\u00e7\u00e3o?<\/h3>\n\n\n\n<p>Al\u00e9m disso, a avalia\u00e7\u00e3o valer\u00e1\u00a0<strong>60 pontos,<\/strong>\u00a0e para ser\u00a0<strong>aprovado<\/strong>\u00a0o candidato dever\u00e1 obter, no m\u00ednimo,\u00a0<strong>60% de acerto<\/strong>\u00a0na prova.<\/p>\n\n\n\n<p>Ademais, n\u00e3o poder\u00e1 zerar nenhuma disciplina e dever\u00e1 ser classificado\u00a0<strong>at\u00e9 a 2.500\u00aa posi\u00e7\u00e3o.<\/strong><\/p>\n\n\n\n<h3 class=\"wp-block-heading\">Demais etapas<\/h3>\n\n\n\n<p>Al\u00e9m da prova objetiva, que ser\u00e1 em <strong>car\u00e1ter eliminat\u00f3rio e classificat\u00f3rio, <\/strong>os inscritos ainda ser\u00e3o avaliados por meio de:<\/p>\n\n\n\n<ul class=\"wp-block-list\"><li>Exame Documental (car\u00e1ter eliminat\u00f3rio)<\/li><li>Avalia\u00e7\u00e3o das Capacidades F\u00edsicas (ACF) (car\u00e1ter eliminat\u00f3rio)<\/li><li>Teste de Avalia\u00e7\u00e3o Psicol\u00f3gica (TAP) (car\u00e1ter eliminat\u00f3rio)<\/li><li>Exame de Sa\u00fade (car\u00e1ter eliminat\u00f3rio)<\/li><li>Investiga\u00e7\u00e3o Social (car\u00e1ter eliminat\u00f3rio)<\/li><\/ul><p><\/p>\n\n\n\n<h2 class=\"wp-block-heading\" id=\"concurso-pm-ap-vagas-cargos-e-remuneraes\">Concurso PM AP: vagas, cargos e remunera\u00e7\u00f5es<\/h2>\n\n\n\n<p>Sendo assim, o concurso da Pol\u00edcia Militar do <a href=\"https:\/\/www.novaconcursos.com.br\/portal\/concursos-abertos\/ap\">Estado do Amap\u00e1<\/a> oferta<strong>\u00a02.500 vagas<\/strong>, todas para a forma\u00e7\u00e3o de um\u00a0<strong>cadastro reserva<\/strong>.<\/p>\n\n\n\n<p>Assim, o aprovado poder\u00e1 ser convocado durante todo o\u00a0<strong>prazo de validade<\/strong> do concurso, que pode chegar a\u00a0<strong>4 anos<\/strong> em caso de prorroga\u00e7\u00e3o ap\u00f3s os 2 primeiros.<\/p>\n\n\n\n<p>Al\u00e9m disso, as vagas s\u00e3o destinadas ao cargo de\u00a0<strong>Soldado<\/strong>, que exigir\u00e1 dos concurseiros apenas o\u00a0<strong>n\u00edvel m\u00e9dio<\/strong>\u00a0de escolaridade, visto que o Curso de Forma\u00e7\u00e3o a ser realizado ser\u00e1\u00a0<strong>equivalente ao n\u00edvel superior:<\/strong><\/p>\n\n\n\n<p><em>\u201cDeixamos de exigir que tenha necessariamente o curso superior. Voc\u00ea pode concorrer s\u00f3 tendo o n\u00edvel m\u00e9dio. Porque o curso de forma\u00e7\u00e3o dos soldados, seja dos Bombeiros ou da Pol\u00edcia Militar, ser\u00e1 de tecn\u00f3logo (n\u00edvel superior) em Seguran\u00e7a P\u00fablica\u201d,<\/em>\u00a0comunicou o governador Waldez G\u00f3es.<\/p>\n\n\n\n<p>Ademais, os aprovados contar\u00e3o com\u00a0<strong>sal\u00e1rios\u00a0<\/strong>que variam entre\u00a0<strong>R$ 2.827,00<\/strong> durante o Curso de Forma\u00e7\u00e3o e\u00a0<strong>R$ 5.313,18<\/strong>\u00a0ap\u00f3s a finaliza\u00e7\u00e3o dele.<\/p>\n\n\n\n<h3 class=\"wp-block-heading\">Requisitos b\u00e1sicos<\/h3>\n\n\n\n<p>\u00c9 importante que os concurseiros saibam que para a <strong>investidura no cargo<\/strong>\u00a0ser\u00e3o necess\u00e1rios os seguintes requisitos:<\/p>\n\n\n\n<ul class=\"wp-block-list\"><li>ter sido considerado apto em todas as fases do concurso;<\/li><li>ser brasileiro nato ou naturalizado ou portugu\u00eas em condi\u00e7\u00e3o de igualdade de direitos com os brasileiros, na forma do Art.12, \u00a7 1\u00ba, da Constitui\u00e7\u00e3o Federal;<\/li><li>estar em dia com os deveres do Servi\u00e7o Militar, para os candidatos do sexo masculino;<\/li><li>estar em dia com as obriga\u00e7\u00f5es militares e eleitorais;<\/li><li>possuir n\u00edvel m\u00e9dio completo no ato da matr\u00edcula no curso de forma\u00e7\u00e3o, cursado em estabelecimento de ensino reconhecido pelo \u00f3rg\u00e3o competente;<\/li><li>possuir idade m\u00ednima de 18 (dezoito) anos no ato da matr\u00edcula e m\u00e1xima de 30(trinta) anos, at\u00e9 o \u00faltimo dia de inscri\u00e7\u00e3o no concurso p\u00fablico;<\/li><li>estar no gozo de seus direitos civis e pol\u00edticos;<\/li><li>n\u00e3o ter sido isentado do servi\u00e7o militar por incapacidade f\u00edsica definitiva;<\/li><li>n\u00e3o exercer, nem ter exercido, atividades prejudiciais ou perigosas \u00e0 Seguran\u00e7a Nacional;<\/li><li>ter no m\u00ednimo 1,60m (um metro e sessenta cent\u00edmetros) de altura, se masculino e 1,55m (um metro e cinquenta e cinco cent\u00edmetros) de altura se feminino;<\/li><li>n\u00e3o estar cumprindo pena em raz\u00e3o de senten\u00e7a criminal condenat\u00f3ria transitada em julgado ou qualquer condena\u00e7\u00e3o incompat\u00edvel com o cargo e a fun\u00e7\u00e3o militar;<\/li><li>n\u00e3o apresentar, quando em uso dos diversos uniformes tatuagem vis\u00edvel, que por seu significado, seja incompat\u00edvel com o exerc\u00edcio da atividade militar.<\/li><\/ul><p><\/p>\n\n\n\n<figure class=\"wp-block-image size-large\"><a href=\"https:\/\/www.novaconcursos.com.br\/eventos\/assinatura\" target=\"_blank\" rel=\"noreferrer noopener\"><img decoding=\"async\" src=\"https:\/\/www.novaconcursos.com.br\/portal\/wp-content\/uploads\/2022\/01\/Faixa-Frete-Gr%E2%80%A0tis-portal.png\" alt=\"assinatura completa\" class=\"wp-image-153078\" loading=\"lazy\" title=\"\"><\/a><figcaption><\/figcaption><\/figure>","protected":false},"excerpt":{"rendered":"<p>N\u00e3o perca o prazo, concurseiro! As\u00a0provas objetivas do\u00a0concurso PM AP (Pol\u00edcia Militar do Estado do Amap\u00e1) est\u00e3o se aproximando e ser\u00e3o dia 17 de julho. Por isso, veja os locais de avalia\u00e7\u00e3o. S\u00e3o 2.500 vagas\u00a0de Soldado para formar um\u00a0cadastro reserva. Confira:\u00a0Curso Online PM AP \u2013 Soldado Confira: Apostila PM AP \u2013 Soldado Concurso PM AP: [&hellip;]<\/p>\n","protected":false},"author":54671,"featured_media":156945,"comment_status":"closed","ping_status":"closed","sticky":false,"template":"","format":"standard","meta":{"_acf_changed":false,"footnotes":"","_wp_rev_ctl_limit":""},"categories":[228],"tags":[],"class_list":["post-164287","post","type-post","status-publish","format-standard","has-post-thumbnail","hentry","category-noticias"],"acf":[],"_links":{"self":[{"href":"https:\/\/www.novaconcursos.com.br\/portal\/wp-json\/wp\/v2\/posts\/164287","targetHints":{"allow":["GET"]}}],"collection":[{"href":"https:\/\/www.novaconcursos.com.br\/portal\/wp-json\/wp\/v2\/posts"}],"about":[{"href":"https:\/\/www.novaconcursos.com.br\/portal\/wp-json\/wp\/v2\/types\/post"}],"author":[{"embeddable":true,"href":"https:\/\/www.novaconcursos.com.br\/portal\/wp-json\/wp\/v2\/users\/54671"}],"replies":[{"embeddable":true,"href":"https:\/\/www.novaconcursos.com.br\/portal\/wp-json\/wp\/v2\/comments?post=164287"}],"version-history":[{"count":6,"href":"https:\/\/www.novaconcursos.com.br\/portal\/wp-json\/wp\/v2\/posts\/164287\/revisions"}],"predecessor-version":[{"id":164357,"href":"https:\/\/www.novaconcursos.com.br\/portal\/wp-json\/wp\/v2\/posts\/164287\/revisions\/164357"}],"wp:featuredmedia":[{"embeddable":true,"href":"https:\/\/www.novaconcursos.com.br\/portal\/wp-json\/wp\/v2\/media\/156945"}],"wp:attachment":[{"href":"https:\/\/www.novaconcursos.com.br\/portal\/wp-json\/wp\/v2\/media?parent=164287"}],"wp:term":[{"taxonomy":"category","embeddable":true,"href":"https:\/\/www.novaconcursos.com.br\/portal\/wp-json\/wp\/v2\/categories?post=164287"},{"taxonomy":"post_tag","embeddable":true,"href":"https:\/\/www.novaconcursos.com.br\/portal\/wp-json\/wp\/v2\/tags?post=164287"}],"curies":[{"name":"wp","href":"https:\/\/api.w.org\/{rel}","templated":true}]}}