{"id":164378,"date":"2022-07-06T10:25:54","date_gmt":"2022-07-06T13:25:54","guid":{"rendered":"https:\/\/www.novaconcursos.com.br\/portal\/?p=164378"},"modified":"2022-07-06T10:25:59","modified_gmt":"2022-07-06T13:25:59","slug":"concurso-prefeitura-de-fortaleza-ce-inscricoes-prorrogadas","status":"publish","type":"post","link":"https:\/\/www.novaconcursos.com.br\/portal\/noticias\/concurso-prefeitura-de-fortaleza-ce-inscricoes-prorrogadas\/","title":{"rendered":"Concurso Prefeitura de Fortaleza CE: Inscri\u00e7\u00f5es prorrogadas at\u00e9 10\/07!"},"content":{"rendered":"<p>Boa not\u00edcia, concurseiros! As <strong>inscri\u00e7\u00f5es <\/strong>para o\u00a0<a href=\"https:\/\/www.novaconcursos.com.br\/portal\/concursos\/concurso-prefeitura-de-fortaleza-ce\/\">concurso Prefeitura Fortaleza CE<\/a> foram <strong>prorrogadas <\/strong>at\u00e9 dia 10 de julho. Ademais, s\u00e3o ofertadas\u00a0<strong>2 mil vagas efetivas <\/strong>para a Educa\u00e7\u00e3o. N\u00e3o perca o prazo!<\/p>\n\n\n\n<ul class=\"wp-block-list\"><li><strong>Confira:<\/strong>\u00a0<a rel=\"noreferrer noopener\" aria-label=\" (abre numa nova aba)\" href=\"https:\/\/www.novaconcursos.com.br\/eventos\/guia-definitivo-como-montar-um-mapa-mental\/\" target=\"_blank\">Guia Definitivo Como montar um mapa mental (Gr\u00e1tis)<\/a><\/li><\/ul><p><\/p>\n\n\n\n<p>Estude para o concurso dos seus sonhos com a\u00a0<a rel=\"noreferrer noopener\" aria-label=\" (abre numa nova aba)\" href=\"https:\/\/www.novaconcursos.com.br\/eventos\/assinatura\" target=\"_blank\">Assinatura Completa da Nova<\/a>. Tenha acesso a Cursos, Plataforma de Quest\u00f5es, Eventos Exclusivos para Assinantes e Muito Mais!<\/p>\n\n\n\n<h2 class=\"wp-block-heading\" id=\"concurso-prefeitura-fortaleza-ce-como-realizar-inscrio\">Concurso Prefeitura Fortaleza CE: como realizar inscri\u00e7\u00e3o?<\/h2>\n\n\n\n<p>Sendo assim, \u00e9 essencial que os interessados no concurso da Prefeitura de Fortaleza, no <a href=\"https:\/\/www.novaconcursos.com.br\/portal\/concursos-previstos\/ce\/\">Cear\u00e1<\/a>, saibam que as<strong> inscri\u00e7\u00f5es foram prorrogadas.<\/strong><\/p>\n\n\n\n<p>Assim, elas venceriam neste dia 03 de julho e agora <strong>poder\u00e3o ser realizadas at\u00e9 o dia 10 de julho<\/strong>, ou seja, at\u00e9 o fim de semana.<\/p>\n\n\n\n<p>Os interessados dever\u00e3o fazer o cadastro\u00a0por meio do site da\u00a0<strong>banca organizadora<\/strong>, o\u00a0<a rel=\"noreferrer noopener\" href=\"https:\/\/concursos.fortaleza.ce.gov.br\/selecoes\/em-andamento\" target=\"_blank\">Imparh<\/a>\u00a0(Instituto Municipal de Desenvolvimento de Recursos Humanos).<\/p>\n\n\n\n<p>Al\u00e9m disso, para efetivar a participa\u00e7\u00e3o \u00e9 necess\u00e1rio que os candidatos efetuem o pagamento da\u00a0<strong>taxa de inscri\u00e7\u00e3o<\/strong>.<\/p>\n\n\n\n<p>Assim, ela possui o valor fixo de\u00a0<strong>R$ 180,00<\/strong>, at\u00e9 a data de<strong>\u00a0vencimento<\/strong>\u00a0do boleto. Antes, por\u00e9m, \u00e9 preciso preencher o <strong>formul\u00e1rio <\/strong>com todos os dados solicitados. <\/p>\n\n\n\n<h2 class=\"wp-block-heading\" id=\"vagas-cargos-e-remuneraes\">Vagas, cargos e remunera\u00e7\u00f5es<\/h2>\n\n\n\n<p>Nesse sentido, o concurso da Prefeitura de Fortaleza, no\u00a0<a href=\"https:\/\/www.novaconcursos.com.br\/portal\/concursos-abertos\/ce\/\">Cear\u00e1,<\/a>\u00a0oferta\u00a0<strong>2 mil oportunidades efetivas<\/strong>\u00a0para a \u00e1rea da Educa\u00e7\u00e3o.<\/p>\n\n\n\n<p>Portanto, s\u00e3o 1.056 para\u00a0<strong>Professor Pedagogo<\/strong>\u00a0e 944 para\u00a0<strong>Professor\u00a0<\/strong>em diversas\u00a0<strong>especialidades.<\/strong> Sendo assim, confira a\u00a0<strong>distribui\u00e7\u00e3o<\/strong>:<\/p>\n\n\n\n<ul class=\"wp-block-list\"><li><strong>Professor Pedagogo<\/strong><ul><li>Ampla concorr\u00eancia \u2013 792 vagas;<\/li><li>Candidatos negros \u2013 211 vagas;<\/li><li>Candidatos com defici\u00eancia \u2013 53 vagas.<\/li><\/ul><\/li><li><strong>Professor (diversas especialidades):<\/strong><ul><li>Ci\u00eancias \u2013 48 vagas;<\/li><li>L\u00edngua Portuguesa \u2013 86 vagas;<\/li><li>Educa\u00e7\u00e3o F\u00edsica \u2013 307 vagas;<\/li><li>Geografia \u2013 54 vagas;<\/li><li>Hist\u00f3ria \u2013 92 vagas;<\/li><li>L\u00edngua Portuguesa\/Literatura \u2013 92 vagas;<\/li><li>Matem\u00e1tica \u2013 175 vagas;<\/li><li>Ensino Religioso \u2013 30 vagas;<\/li><li>Artes \u2013 60 vagas.<\/li><\/ul><\/li><\/ul><p><\/p>\n\n\n\n<p>Al\u00e9m disso, \u00e9 essencial frisar que para concorrer \u00e9 preciso possuir o\u00a0<strong>n\u00edvel superior<\/strong>\u00a0de escolaridade na\u00a0<strong>\u00e1rea espec\u00edfica escolhida.<\/strong><\/p>\n\n\n\n<p>Ademais, os aprovados contar\u00e3o com\u00a0<strong>remunera\u00e7\u00f5es<\/strong>\u00a0no valor de\u00a0<strong>R$ 4.384,82<\/strong>\u00a0para as cargas hor\u00e1rias de\u00a0<strong>200 horas.<\/strong><\/p>\n\n\n\n<h2 class=\"wp-block-heading\" id=\"concurso-prefeitura-fortaleza-ce-provas-sero-em-agosto\">Concurso Prefeitura Fortaleza CE: provas ser\u00e3o em agosto<\/h2>\n\n\n\n<p>Sendo assim, \u00e9 importante que os inscritos saibam que ser\u00e3o avaliados por meio de\u00a0<strong>3 etapas avaliativas,<\/strong>\u00a0sendo elas:<\/p>\n\n\n\n<ul class=\"wp-block-list\"><li>prova objetiva;<\/li><li>prova pr\u00e1tica de did\u00e1tica (aula);<\/li><li>an\u00e1lise de t\u00edtulos e experi\u00eancia profissional.<\/li><\/ul><p><\/p>\n\n\n\n<p>Al\u00e9m disso, todas as etapas ser\u00e3o realizadas na\u00a0<strong>cidade de Fortaleza\/CE.<\/strong> Dessa forma, as provas objetivas para\u00a0<strong>Professor <\/strong>ocorrer\u00e3o no dia\u00a0<strong>07 de agosto,<\/strong>\u00a0no turno da tarde.<\/p>\n\n\n\n<p>Nesse sentido, nessa data os inscritos na sele\u00e7\u00e3o dever\u00e3o responder a<strong>\u00a060 quest\u00f5es<\/strong>\u00a0de m\u00faltipla escolha acerca das\u00a0<strong>disciplinas<\/strong>\u00a0abaixo:<\/p>\n\n\n\n<ul class=\"wp-block-list\"><li><strong>Ci\u00eancias, L\u00edngua Inglesa, Educa\u00e7\u00e3o F\u00edsica, Geografia, Hist\u00f3ria, Ensino Religioso e Artes:<\/strong><ul><li>L\u00edngua Portuguesa \u2013 05;<\/li><li>Racioc\u00ednio L\u00f3gico-Matem\u00e1tico \u2013 05;<\/li><li>Legisla\u00e7\u00e3o B\u00e1sica da Educa\u00e7\u00e3o \u2013 10;<\/li><li>Educa\u00e7\u00e3o Brasileira: Temas Educacionais e Pedag\u00f3gicos \u2013 10;<\/li><li>Conte\u00fados Espec\u00edficos da \u00c1rea \u2013 30.<\/li><\/ul><\/li><li><strong>L\u00edngua Portuguesa\/Literatura<\/strong><ul><li>Racioc\u00ednio L\u00f3gico-Matem\u00e1tico \u2013 10;<\/li><li>Legisla\u00e7\u00e3o B\u00e1sica da Educa\u00e7\u00e3o \u2013 10;<\/li><li>Educa\u00e7\u00e3o Brasileira: Temas Educacionais e Pedag\u00f3gicos \u2013 10;<\/li><li>Conte\u00fados Espec\u00edficos da \u00c1rea \u2013 30.<\/li><\/ul><\/li><li><strong>Matem\u00e1tica<\/strong><ul><li>L\u00edngua Portuguesa \u2013 10;<\/li><li>Legisla\u00e7\u00e3o B\u00e1sica da Educa\u00e7\u00e3o \u2013 10;<\/li><li>Educa\u00e7\u00e3o Brasileira: Temas Educacionais e Pedag\u00f3gicos \u2013 10;<\/li><li>Conte\u00fados Espec\u00edficos da \u00c1rea \u2013 30.<\/li><\/ul><\/li><\/ul><p><\/p>\n\n\n\n<p>Por outro lado, as provas para o cargo de\u00a0<strong>Professor Pedagogo<\/strong>\u00a0ocorrer\u00e3o no dia<strong>\u00a014 de agosto,<\/strong>\u00a0tamb\u00e9m no turno da tarde.<\/p>\n\n\n\n<p>Assim, os concurseiros tamb\u00e9m responder\u00e3o a\u00a0<strong>60 quest\u00f5es<\/strong>\u00a0sobre os conte\u00fados a seguir:<\/p>\n\n\n\n<ul class=\"wp-block-list\"><li>L\u00edngua Portuguesa \u2013 10;<\/li><li>Racioc\u00ednio L\u00f3gico-Matem\u00e1tico \u2013 10;<\/li><li>Legisla\u00e7\u00e3o B\u00e1sica da Educa\u00e7\u00e3o \u2013 10;<\/li><li>Educa\u00e7\u00e3o Brasileira: Temas Educacionais e Pedag\u00f3gicos \u2013 10;<\/li><li>Conte\u00fados Espec\u00edficos da \u00c1rea \u2013 20.<\/li><\/ul><p><\/p>\n\n\n\n<figure class=\"wp-block-image size-large\"><a href=\"https:\/\/www.novaconcursos.com.br\/eventos\/assinatura\" target=\"_blank\" rel=\"noreferrer noopener\"><img decoding=\"async\" src=\"https:\/\/www.novaconcursos.com.br\/portal\/wp-content\/uploads\/2022\/01\/Faixa-Frete-Gr%E2%80%A0tis-portal.png\" alt=\"assinatura completa\" class=\"wp-image-153078\" loading=\"lazy\" title=\"\"><\/a><figcaption><\/figcaption><\/figure>","protected":false},"excerpt":{"rendered":"<p>Boa not\u00edcia, concurseiros! As inscri\u00e7\u00f5es para o\u00a0concurso Prefeitura Fortaleza CE foram prorrogadas at\u00e9 dia 10 de julho. Ademais, s\u00e3o ofertadas\u00a02 mil vagas efetivas para a Educa\u00e7\u00e3o. N\u00e3o perca o prazo! Confira:\u00a0Guia Definitivo Como montar um mapa mental (Gr\u00e1tis) Estude para o concurso dos seus sonhos com a\u00a0Assinatura Completa da Nova. Tenha acesso a Cursos, Plataforma [&hellip;]<\/p>\n","protected":false},"author":54671,"featured_media":161320,"comment_status":"closed","ping_status":"closed","sticky":false,"template":"","format":"standard","meta":{"_acf_changed":false,"footnotes":"","_wp_rev_ctl_limit":""},"categories":[228],"tags":[],"class_list":["post-164378","post","type-post","status-publish","format-standard","has-post-thumbnail","hentry","category-noticias"],"acf":[],"_links":{"self":[{"href":"https:\/\/www.novaconcursos.com.br\/portal\/wp-json\/wp\/v2\/posts\/164378","targetHints":{"allow":["GET"]}}],"collection":[{"href":"https:\/\/www.novaconcursos.com.br\/portal\/wp-json\/wp\/v2\/posts"}],"about":[{"href":"https:\/\/www.novaconcursos.com.br\/portal\/wp-json\/wp\/v2\/types\/post"}],"author":[{"embeddable":true,"href":"https:\/\/www.novaconcursos.com.br\/portal\/wp-json\/wp\/v2\/users\/54671"}],"replies":[{"embeddable":true,"href":"https:\/\/www.novaconcursos.com.br\/portal\/wp-json\/wp\/v2\/comments?post=164378"}],"version-history":[{"count":4,"href":"https:\/\/www.novaconcursos.com.br\/portal\/wp-json\/wp\/v2\/posts\/164378\/revisions"}],"predecessor-version":[{"id":164383,"href":"https:\/\/www.novaconcursos.com.br\/portal\/wp-json\/wp\/v2\/posts\/164378\/revisions\/164383"}],"wp:featuredmedia":[{"embeddable":true,"href":"https:\/\/www.novaconcursos.com.br\/portal\/wp-json\/wp\/v2\/media\/161320"}],"wp:attachment":[{"href":"https:\/\/www.novaconcursos.com.br\/portal\/wp-json\/wp\/v2\/media?parent=164378"}],"wp:term":[{"taxonomy":"category","embeddable":true,"href":"https:\/\/www.novaconcursos.com.br\/portal\/wp-json\/wp\/v2\/categories?post=164378"},{"taxonomy":"post_tag","embeddable":true,"href":"https:\/\/www.novaconcursos.com.br\/portal\/wp-json\/wp\/v2\/tags?post=164378"}],"curies":[{"name":"wp","href":"https:\/\/api.w.org\/{rel}","templated":true}]}}