{"id":164444,"date":"2022-07-07T10:39:51","date_gmt":"2022-07-07T13:39:51","guid":{"rendered":"https:\/\/www.novaconcursos.com.br\/portal\/?p=164444"},"modified":"2022-07-07T10:39:57","modified_gmt":"2022-07-07T13:39:57","slug":"concurso-receita-federal-definicao-banca-proximos-dias","status":"publish","type":"post","link":"https:\/\/www.novaconcursos.com.br\/portal\/noticias\/concurso-receita-federal-definicao-banca-proximos-dias\/","title":{"rendered":"Concurso Receita Federal: Defini\u00e7\u00e3o da banca nos pr\u00f3ximos dias!"},"content":{"rendered":"<p>Aten\u00e7\u00e3o, concurseiros! Autorizado em<strong> junho,<\/strong>\u00a0o edital do <a href=\"https:\/\/www.novaconcursos.com.br\/portal\/concursos\/concurso-receita-federal\/\">concurso Receita Federal<\/a>\u00a0est\u00e1 cada vez mais perto. A defini\u00e7\u00e3o da <strong>banca <\/strong>dever\u00e1 se encerrar nos pr\u00f3ximos dias<strong>.<\/strong>\u00a0A sele\u00e7\u00e3o ofertar\u00e1\u00a0<strong>699 oportunidades.<\/strong><\/p>\n\n\n\n<ul class=\"wp-block-list\"><li><strong>Confira:\u00a0<\/strong><a href=\"https:\/\/www.novaconcursos.com.br\/eventos\/guia-definitivo-como-montar-um-mapa-mental\/\" target=\"_blank\" rel=\"noreferrer noopener\" aria-label=\" (abre numa nova aba)\">Como montar um mapa mental \u2013 Gr\u00e1tis<\/a><\/li><\/ul><p><\/p>\n\n\n\n<p>Estude para o concurso dos seus sonhos com a\u00a0<a rel=\"noreferrer noopener\" aria-label=\" (abre numa nova aba)\" href=\"https:\/\/www.novaconcursos.com.br\/eventos\/assinatura\" target=\"_blank\">Assinatura Completa da Nova<\/a>. Tenha acesso a Cursos, Plataforma de Quest\u00f5es, Eventos Exclusivos para Assinantes e Muito Mais!<\/p>\n\n\n\n<h2 class=\"wp-block-heading\" id=\"concurso-receita-federal-edital-cada-vez-mais-perto\">Concurso Receita Federal: edital cada vez mais perto<\/h2>\n\n\n\n<p>Um novo\u00a0<a href=\"https:\/\/www.novaconcursos.com.br\/portal\/concursos-abertos\/nacional\">concurso<\/a>\u00a0para a Receita Federal est\u00e1\u00a0<strong>cada vez mais perto<\/strong>. Assim, a expectativa \u00e9 divulgar a banca organizadora j\u00e1 na pr\u00f3xima semana <\/p>\n\n\n\n<ul class=\"wp-block-list\"><li><strong>Adquira:\u00a0<\/strong><a href=\"https:\/\/www.novaconcursos.com.br\/concurso\/rf-receita-federal\/apostila\">Apostila Concurso Receita Federal<\/a><\/li><li><strong>Adquira:<\/strong>\u00a0<a href=\"https:\/\/www.novaconcursos.com.br\/concurso\/rf-receita-federal\/curso-online\">Curso Online Concurso Receita Federal<\/a><\/li><\/ul><p><\/p>\n\n\n\n<p>Portanto, as informa\u00e7\u00f5es s\u00e3o da<strong>\u00a0vice-presidente<\/strong> do Sindifisco Nacional, Nat\u00e1lia Saraiva, em resposta a seguidores nas redes sociais.<\/p>\n\n\n\n<p><em>\u201c\u00c9 poss\u00edvel, mas vai depender da banca examinadora. A banca deve ser escolhida nas pr\u00f3ximas duas semanas. A\u00ed teremos mais defini\u00e7\u00f5es\u201d<\/em>, disse ela.<\/p>\n\n\n\n<p>Vale destacar que a Receita Federal j\u00e1 havia confirmado que <strong>o processo estava em andamento<\/strong>, mas sem dar prazos.<\/p>\n\n\n\n<h2 class=\"wp-block-heading\" id=\"concurso-receita-federal-vagas-salrios-e-requisitos\">Concurso Receita Federal: vagas, sal\u00e1rios e requisitos<\/h2>\n\n\n\n<p>Sendo assim, o novo\u00a0<a href=\"https:\/\/www.novaconcursos.com.br\/portal\/concursos-previstos\/nacional\">concurso\u00a0<\/a>da Receita Federal contar\u00e1 com a oferta de\u00a0<strong>699 vagas\u00a0<\/strong>de n\u00edvel superior, conforme a seguinte distribui\u00e7\u00e3o:<\/p>\n\n\n\n<ul class=\"wp-block-list\"><li>Auditor-Fiscal da Receita Federal do Brasil \u2013 230 vagas;<\/li><li>Analista-Tribut\u00e1rio da Receita Federal do Brasil \u2013 469 vagas.<\/li><\/ul><p><\/p>\n\n\n\n<p>Al\u00e9m disso, \u00e9 importante mencionar que os<strong>\u00a0atuais sal\u00e1rios<\/strong> possuem os atrativos valores de\u00a0<strong>R$ 12.142,39<\/strong>\u00a0para Analista e\u00a0<strong>R$ 21.487,09<\/strong>\u00a0para Auditor.<\/p>\n\n\n\n<p>Entretanto, sabemos que na realidade, esses valores podem sofrer altera\u00e7\u00e3o devido aos <strong>descontos obrigat\u00f3rios. <\/strong><\/p>\n\n\n\n<p>Assim, \u00e9 poss\u00edvel encontrar Analista ganhado\u00a0<strong>mais de R$ 12 mil<\/strong>\u00a0mesmo com os descontos.<\/p>\n\n\n\n<h3 class=\"wp-block-heading\">Requisitos<\/h3>\n\n\n\n<p>O \u00faltimo\u00a0<strong>concurso\u00a0<\/strong>para a carreira de Analista Tribut\u00e1rio foi realizado em\u00a0<strong>2012<\/strong>, quando era preciso preencher os seguintes requisitos:<\/p>\n\n\n\n<ul class=\"wp-block-list\"><li>a) ter sido aprovado e classificado no concurso, na forma estabelecida no edital;<\/li><li>b) ter nacionalidade brasileira; no caso de nacionalidade portuguesa, estar amparado pelo estatuto de igualdade entre brasileiros e portugueses;<\/li><li>c) gozar dos direitos pol\u00edticos;<\/li><li>d) estar quite com as obriga\u00e7\u00f5es eleitorais;<\/li><li>e) estar quite com as obriga\u00e7\u00f5es do Servi\u00e7o Militar, para os candidatos do sexo masculino;<\/li><li>f) ter idade m\u00ednima de 18 anos;<\/li><li>g) ter aptid\u00e3o f\u00edsica e mental para o exerc\u00edcio das atribui\u00e7\u00f5es do cargo, comprovadas por junta m\u00e9dica oficial;<\/li><li>h) possuir diploma de curso superior conclu\u00eddo em qualquer \u00e1rea, em n\u00edvel de gradua\u00e7\u00e3o, devidamente registrado no Minist\u00e9rio da Educa\u00e7\u00e3o (MEC);<\/li><li>i) apresentar declara\u00e7\u00e3o de bens com dados at\u00e9 a data da posse;<\/li><li>j) apresentar todas as declara\u00e7\u00f5es solicitadas;<\/li><li>k) apresentar outros documentos que se fizerem necess\u00e1rios, \u00e0 \u00e9poca da posse.<\/li><\/ul><p><\/p>\n\n\n\n<h2 class=\"wp-block-heading\" id=\"provas-do-concurso-receita-esto-previstas-para-este-ano\"><strong>Provas do concurso Receita est\u00e3o previstas para este ano<\/strong><\/h2>\n\n\n\n<p>Portanto, a expectativa \u00e9 que as provas do concurso da Receita Federal sejam aplicadas ainda em 2022.<\/p>\n\n\n\n<p><em>\u201cA expectativa \u00e9 de que as provas aconte\u00e7am ainda em 2022, com posterior curso de forma\u00e7\u00e3o de 60 dias para o cargo de Auditor, 40 dias para o cargo de Analista e nomea\u00e7\u00e3o em meados de 2023\u201d,<\/em> disse a vice-presidente do Sindifisco.<\/p>\n\n\n\n<p>Al\u00e9m disso, vale recordar que nos\u00a0<strong>\u00faltimos concursos<\/strong>\u00a0do \u00f3rg\u00e3o, as <strong>disciplinas\u00a0<\/strong>cobradas em comum entre os cargos foram as seguintes:<\/p>\n\n\n\n<ul class=\"wp-block-list\"><li>L\u00edngua Portuguesa;<\/li><li>Espanhol ou Ingl\u00eas;<\/li><li>Racioc\u00ednio L\u00f3gico-Quantitativo;<\/li><li>Direito Constitucional; e<\/li><li>Direito Administrativo.<\/li><\/ul><p><\/p>\n\n\n\n<p>Ademais, o subsecret\u00e1rio\u00a0Juliano Brito\u00a0Neves ainda\u00a0garante que as <strong>provas ser\u00e3o aplicadas<\/strong> no mesmo dia, sendo auditores e analistas.<\/p>\n\n\n\n<p><em>\u201cTeremos que garantir que as provas n\u00e3o caiam durante o per\u00edodo eleitoral, momento em que as escolas estar\u00e3o reservadas para as elei\u00e7\u00f5es. Estamos atuando para realiz\u00e1-lo [o concurso] o mais r\u00e1pido poss\u00edvel\u201d<\/em>, disse.<\/p>\n\n\n\n<p>Recentemente foi autorizada a\u00a0<strong>redu\u00e7\u00e3o do prazo<\/strong>\u00a0entre a publica\u00e7\u00e3o do edital e a realiza\u00e7\u00e3o da primeira etapa avaliativa da sele\u00e7\u00e3o.  <\/p>\n\n\n\n<p><em>\u201cPar\u00e1grafo \u00fanico. Fica autorizada a redu\u00e7\u00e3o, para dois meses, do prazo de anteced\u00eancia m\u00ednima entre a publica\u00e7\u00e3o do edital de que trata o caput e a realiza\u00e7\u00e3o da primeira prova do certame\u201d,\u00a0<\/em>informa o documento.<\/p>\n\n\n\n<p>Al\u00e9m disso, vale frisar que tal redu\u00e7\u00e3o tem sido muito\u00a0<strong>comum<\/strong> nos <strong>concursos federais,\u00a0<\/strong>como o concurso CGU, PRF, PF, entre outros.<\/p>\n\n\n\n<figure class=\"wp-block-image size-large\"><a href=\"https:\/\/www.novaconcursos.com.br\/eventos\/assinatura\" target=\"_blank\" rel=\"noreferrer noopener\"><img decoding=\"async\" src=\"https:\/\/www.novaconcursos.com.br\/portal\/wp-content\/uploads\/2022\/01\/Faixa-Frete-Gr%E2%80%A0tis-portal.png\" alt=\"assinatura completa\" class=\"wp-image-153078\" loading=\"lazy\" title=\"\"><\/a><figcaption><\/figcaption><\/figure>","protected":false},"excerpt":{"rendered":"<p>Aten\u00e7\u00e3o, concurseiros! Autorizado em junho,\u00a0o edital do concurso Receita Federal\u00a0est\u00e1 cada vez mais perto. A defini\u00e7\u00e3o da banca dever\u00e1 se encerrar nos pr\u00f3ximos dias.\u00a0A sele\u00e7\u00e3o ofertar\u00e1\u00a0699 oportunidades. Confira:\u00a0Como montar um mapa mental \u2013 Gr\u00e1tis Estude para o concurso dos seus sonhos com a\u00a0Assinatura Completa da Nova. Tenha acesso a Cursos, Plataforma de Quest\u00f5es, Eventos Exclusivos [&hellip;]<\/p>\n","protected":false},"author":54671,"featured_media":155964,"comment_status":"closed","ping_status":"closed","sticky":false,"template":"","format":"standard","meta":{"_acf_changed":false,"footnotes":"","_wp_rev_ctl_limit":""},"categories":[228],"tags":[],"class_list":["post-164444","post","type-post","status-publish","format-standard","has-post-thumbnail","hentry","category-noticias"],"acf":[],"_links":{"self":[{"href":"https:\/\/www.novaconcursos.com.br\/portal\/wp-json\/wp\/v2\/posts\/164444","targetHints":{"allow":["GET"]}}],"collection":[{"href":"https:\/\/www.novaconcursos.com.br\/portal\/wp-json\/wp\/v2\/posts"}],"about":[{"href":"https:\/\/www.novaconcursos.com.br\/portal\/wp-json\/wp\/v2\/types\/post"}],"author":[{"embeddable":true,"href":"https:\/\/www.novaconcursos.com.br\/portal\/wp-json\/wp\/v2\/users\/54671"}],"replies":[{"embeddable":true,"href":"https:\/\/www.novaconcursos.com.br\/portal\/wp-json\/wp\/v2\/comments?post=164444"}],"version-history":[{"count":7,"href":"https:\/\/www.novaconcursos.com.br\/portal\/wp-json\/wp\/v2\/posts\/164444\/revisions"}],"predecessor-version":[{"id":300208,"href":"https:\/\/www.novaconcursos.com.br\/portal\/wp-json\/wp\/v2\/posts\/164444\/revisions\/300208"}],"wp:featuredmedia":[{"embeddable":true,"href":"https:\/\/www.novaconcursos.com.br\/portal\/wp-json\/wp\/v2\/media\/155964"}],"wp:attachment":[{"href":"https:\/\/www.novaconcursos.com.br\/portal\/wp-json\/wp\/v2\/media?parent=164444"}],"wp:term":[{"taxonomy":"category","embeddable":true,"href":"https:\/\/www.novaconcursos.com.br\/portal\/wp-json\/wp\/v2\/categories?post=164444"},{"taxonomy":"post_tag","embeddable":true,"href":"https:\/\/www.novaconcursos.com.br\/portal\/wp-json\/wp\/v2\/tags?post=164444"}],"curies":[{"name":"wp","href":"https:\/\/api.w.org\/{rel}","templated":true}]}}