{"id":164500,"date":"2022-07-08T10:05:24","date_gmt":"2022-07-08T13:05:24","guid":{"rendered":"https:\/\/www.novaconcursos.com.br\/portal\/?p=164500"},"modified":"2022-07-08T10:05:29","modified_gmt":"2022-07-08T13:05:29","slug":"concurso-fasepa-cetap-vence-licitacao-podem-interpor-recurso","status":"publish","type":"post","link":"https:\/\/www.novaconcursos.com.br\/portal\/noticias\/concurso-fasepa-cetap-vence-licitacao-podem-interpor-recurso\/","title":{"rendered":"Concurso Fasepa: CETAP vence licita\u00e7\u00e3o. Concorrentes podem interpor recurso!"},"content":{"rendered":"<p>Boa not\u00edcia concurseiros! O <a href=\"https:\/\/www.novaconcursos.com.br\/portal\/concursos\/concurso-fasepa\/\">concurso Fasepa<\/a> (Funda\u00e7\u00e3o de Atendimento Socioeducativo do Estado do Par\u00e1)\u00a0est\u00e1<strong> cada vez mais perto<\/strong>. A banca organizadora foi escolhida, mas cabe recurso. Al\u00e9m disso, ser\u00e3o\u00a0<strong>67 vagas imediatas e forma\u00e7\u00e3o de cadastro reserva<\/strong>. <\/p>\n\n\n\n<ul class=\"wp-block-list\"><li><strong>Confira:<\/strong>\u00a0<a rel=\"noreferrer noopener\" aria-label=\" (abre numa nova aba)\" href=\"https:\/\/www.novaconcursos.com.br\/eventos\/guia-definitivo-como-montar-um-mapa-mental\/\" target=\"_blank\">Guia Definitivo Como montar um mapa mental (Gr\u00e1tis)<\/a><\/li><\/ul><p><\/p>\n\n\n\n<p>Estude para o concurso dos seus sonhos com a\u00a0<a rel=\"noreferrer noopener\" aria-label=\" (abre numa nova aba)\" href=\"https:\/\/www.novaconcursos.com.br\/eventos\/assinatura\" target=\"_blank\">Assinatura Completa da Nova<\/a>. Tenha acesso a Cursos, Plataforma de Quest\u00f5es, Eventos Exclusivos para Assinantes e Muito Mais!<\/p>\n\n\n\n<h2 class=\"wp-block-heading\" id=\"concurso-fasepa-banca-definida-e-agora\">Concurso Fasepa: banca definida; e agora?<\/h2>\n\n\n\n<p>Assim, o edital do <a href=\"https:\/\/www.novaconcursos.com.br\/portal\/concursos-previstos\/nacional\">concurso <\/a>da Funda\u00e7\u00e3o de Atendimento Socioeducativo est\u00e1 prestes a ser publicado e <strong>deve sair at\u00e9 agosto.<\/strong><\/p>\n\n\n\n<p>Isso porque a <strong>banca <\/strong>organizadora foi definida e ser\u00e1 o <strong>CETAP <\/strong>\u2013 Centro de Extens\u00e3o, Treinamento e Aperfei\u00e7oamento Profissional LTDA.<\/p>\n\n\n\n<p>Al\u00e9m disso, a decis\u00e3o foi <strong>publicada <\/strong>no Di\u00e1rio Oficial do estado desta quinta-feira, 7 de julho.<\/p>\n\n\n\n<h3 class=\"wp-block-heading\">Cabe recurso<\/h3>\n\n\n\n<p>Vale destacar que as bancas que n\u00e3o venceram a licita\u00e7\u00e3o<strong> podem interpor recurso <\/strong>contra a decis\u00e3o.<\/p>\n\n\n\n<p>Assim, para <strong>protocolar <\/strong>o recurso as empresas ter\u00e3o 5 dias \u00fateis, a contar da publica\u00e7\u00e3o no di\u00e1rio, ou seja, <strong>at\u00e9 o dia 13 de julho. <\/strong><\/p>\n\n\n\n<p>Portanto, a <strong>IADES <\/strong>ficou em segundo lugar, <strong>Objetiva <\/strong>em terceiro, <strong>Consulplan <\/strong>em quarto e <strong>AOCP <\/strong>em quinto.<\/p>\n\n\n\n<h3 class=\"wp-block-heading\">Banca organizadora<\/h3>\n\n\n\n<p>Al\u00e9m disso, a <strong>comiss\u00e3o <\/strong>organizadora, formada por cinco representantes, \u00e9 quem trabalha na <strong>escolha <\/strong>da banca. Confira os nomes:<\/p>\n\n\n\n<ul class=\"wp-block-list\"><li>Neuza Fernanda de Moraes Melo \u2013 Presidente;<\/li><li>Washington Ricardo de Menezes Santos \u2013 Membro;<\/li><li>Daniel Aben Athar Lobato da Silva \u2013 Membro;<\/li><li>Emmanoel Henrique Guimar\u00e3es dos Santos \u2013 Membro;<\/li><li>Jovelina Maria Sousa Matos \u2013 Membro.<\/li><\/ul><p><\/p>\n\n\n\n<h2 class=\"wp-block-heading\" id=\"concurso-fasepa-projeto-bsico\">Concurso Fasepa: projeto b\u00e1sico<\/h2>\n\n\n\n<p>Contudo, o projeto b\u00e1sico do <a href=\"https:\/\/www.novaconcursos.com.br\/portal\/concursos-abertos\/nacional\">concurso <\/a>para a Funda\u00e7\u00e3o de Atendimento Socioeducativo do Par\u00e1 foi publicado e confirmou a <strong>oferta de 67 vagas.<\/strong><\/p>\n\n\n\n<p>Assim, este ser\u00e1 o n\u00famero de vagas imediatas. Al\u00e9m disso, tamb\u00e9m ser\u00e1 formado um<strong> cadastro reserva.<\/strong><\/p>\n\n\n\n<p>Ademais, s\u00e3o oportunidades para cargos que exigem o <strong>n\u00edvel m\u00e9dio e superior<\/strong> como escolaridade.<\/p>\n\n\n\n<p>Por fim, \u00e9 importante destacar que os concurseiros <strong>inscritos <\/strong>ser\u00e3o avaliados por meio de <strong>duas etapas<\/strong>. Portanto, veja:<\/p>\n\n\n\n<ul class=\"wp-block-list\"><li>1\u00aa Etapa \u2013 Exame de Avalia\u00e7\u00e3o de Conhecimentos, com Prova Objetiva e Discursiva, de car\u00e1ter eliminat\u00f3rio e classificat\u00f3rio;<\/li><li>2\u00aa Etapa \u2013 Avalia\u00e7\u00e3o de T\u00edtulos, de car\u00e1ter classificat\u00f3rio, a ser realizada apenas para os cargos de N\u00edvel Superior.<\/li><\/ul><p><\/p>\n\n\n\n<p>Assim, as provas e a Avalia\u00e7\u00e3o de T\u00edtulos <strong>ser\u00e3o realizados<\/strong> nos munic\u00edpios de Altamira, Bel\u00e9m, Marab\u00e1, Santar\u00e9m, Itaituba e Reden\u00e7\u00e3o.<\/p>\n\n\n\n<p>Ademais, as remunera\u00e7\u00f5es giram em torno de\u00a0<strong>R$ 1.200,00 a R$ 2.809,37<\/strong>, com inscri\u00e7\u00f5es previstas nos valores de R$ 82,00 para o n\u00edvel m\u00e9dio e R$ 92,50 para o superior.<\/p>\n\n\n\n<p>Nesse sentido, a expectativa \u00e9 que a sele\u00e7\u00e3o registre mais de <strong>12 mil inscri\u00e7\u00f5es.<\/strong><\/p>\n\n\n\n<figure class=\"wp-block-image size-large\"><a href=\"https:\/\/www.novaconcursos.com.br\/eventos\/assinatura\" target=\"_blank\" rel=\"noreferrer noopener\"><img decoding=\"async\" src=\"https:\/\/www.novaconcursos.com.br\/portal\/wp-content\/uploads\/2022\/01\/Faixa-Frete-Gr%E2%80%A0tis-portal.png\" alt=\"assinatura completa\" class=\"wp-image-153078\" loading=\"lazy\" title=\"\"><\/a><figcaption><\/figcaption><\/figure>","protected":false},"excerpt":{"rendered":"<p>Boa not\u00edcia concurseiros! O concurso Fasepa (Funda\u00e7\u00e3o de Atendimento Socioeducativo do Estado do Par\u00e1)\u00a0est\u00e1 cada vez mais perto. A banca organizadora foi escolhida, mas cabe recurso. Al\u00e9m disso, ser\u00e3o\u00a067 vagas imediatas e forma\u00e7\u00e3o de cadastro reserva. Confira:\u00a0Guia Definitivo Como montar um mapa mental (Gr\u00e1tis) Estude para o concurso dos seus sonhos com a\u00a0Assinatura Completa da [&hellip;]<\/p>\n","protected":false},"author":54671,"featured_media":164516,"comment_status":"closed","ping_status":"closed","sticky":false,"template":"","format":"standard","meta":{"_acf_changed":false,"footnotes":"","_wp_rev_ctl_limit":""},"categories":[228],"tags":[],"class_list":["post-164500","post","type-post","status-publish","format-standard","has-post-thumbnail","hentry","category-noticias"],"acf":[],"_links":{"self":[{"href":"https:\/\/www.novaconcursos.com.br\/portal\/wp-json\/wp\/v2\/posts\/164500","targetHints":{"allow":["GET"]}}],"collection":[{"href":"https:\/\/www.novaconcursos.com.br\/portal\/wp-json\/wp\/v2\/posts"}],"about":[{"href":"https:\/\/www.novaconcursos.com.br\/portal\/wp-json\/wp\/v2\/types\/post"}],"author":[{"embeddable":true,"href":"https:\/\/www.novaconcursos.com.br\/portal\/wp-json\/wp\/v2\/users\/54671"}],"replies":[{"embeddable":true,"href":"https:\/\/www.novaconcursos.com.br\/portal\/wp-json\/wp\/v2\/comments?post=164500"}],"version-history":[{"count":5,"href":"https:\/\/www.novaconcursos.com.br\/portal\/wp-json\/wp\/v2\/posts\/164500\/revisions"}],"predecessor-version":[{"id":164517,"href":"https:\/\/www.novaconcursos.com.br\/portal\/wp-json\/wp\/v2\/posts\/164500\/revisions\/164517"}],"wp:featuredmedia":[{"embeddable":true,"href":"https:\/\/www.novaconcursos.com.br\/portal\/wp-json\/wp\/v2\/media\/164516"}],"wp:attachment":[{"href":"https:\/\/www.novaconcursos.com.br\/portal\/wp-json\/wp\/v2\/media?parent=164500"}],"wp:term":[{"taxonomy":"category","embeddable":true,"href":"https:\/\/www.novaconcursos.com.br\/portal\/wp-json\/wp\/v2\/categories?post=164500"},{"taxonomy":"post_tag","embeddable":true,"href":"https:\/\/www.novaconcursos.com.br\/portal\/wp-json\/wp\/v2\/tags?post=164500"}],"curies":[{"name":"wp","href":"https:\/\/api.w.org\/{rel}","templated":true}]}}