{"id":164540,"date":"2022-07-08T11:38:06","date_gmt":"2022-07-08T14:38:06","guid":{"rendered":"https:\/\/www.novaconcursos.com.br\/portal\/?p=164540"},"modified":"2022-07-08T11:38:13","modified_gmt":"2022-07-08T14:38:13","slug":"concursos-federais-entidades-acusam-governo-de-descaso","status":"publish","type":"post","link":"https:\/\/www.novaconcursos.com.br\/portal\/noticias\/concursos-federais-entidades-acusam-governo-de-descaso\/","title":{"rendered":"Concursos Federais: Entidades acusam governo de descaso com os policiais federais. Entenda!"},"content":{"rendered":"<p>A Federa\u00e7\u00e3o Nacional dos\u00a0Policiais Rodovi\u00e1rios Federais e outras <strong>entidades <\/strong>que representam os servidores da Pol\u00edcia Federal e Depen, publicaram <strong>notas de rep\u00fadio<\/strong> pela n\u00e3o concess\u00e3o dos <strong>recursos prometidos<\/strong> para a reestrutura\u00e7\u00e3o das carreiras, o que mexe nos <a href=\"https:\/\/www.novaconcursos.com.br\/portal\/concursos-abertos\/nacional\">concursos<\/a>. Entenda!<\/p>\n\n\n\n<ul class=\"wp-block-list\"><li><strong>Confira:<\/strong>\u00a0<a rel=\"noreferrer noopener\" aria-label=\" (abre numa nova aba)\" href=\"https:\/\/www.novaconcursos.com.br\/eventos\/guia-definitivo-como-montar-um-mapa-mental\/\" target=\"_blank\">Guia Definitivo Como montar um mapa mental (Gr\u00e1tis)<\/a><\/li><\/ul><p><\/p>\n\n\n\n<p>Estude para o concurso dos seus sonhos com a\u00a0<a rel=\"noreferrer noopener\" aria-label=\" (abre numa nova aba)\" href=\"https:\/\/www.novaconcursos.com.br\/eventos\/assinatura\" target=\"_blank\">Assinatura Completa da Nova<\/a>. Tenha acesso a Cursos, Plataforma de Quest\u00f5es, Eventos Exclusivos para Assinantes e Muito Mais!<\/p>\n\n\n\n<h2 class=\"wp-block-heading\" id=\"concursos-federais-entenda-a-reclamao\">Concursos Federais: entenda a reclama\u00e7\u00e3o<\/h2>\n\n\n\n<p>A Federa\u00e7\u00e3o Nacional dos\u00a0Policiais Rodovi\u00e1rios Federais e diversas outras entidades que representam os servidores da Pol\u00edcia Federal e Depen, publicaram <strong>notas de rep\u00fadio.<\/strong><\/p>\n\n\n\n<p>Assim, a decis\u00e3o foi ap\u00f3s o Governo Federal <strong>n\u00e3o conceder os recursos <\/strong>prometidos para a reestrutura\u00e7\u00e3o das carreiras.<\/p>\n\n\n\n<p>De acordo com a entidade, o <strong>presidente <\/strong>Jair Bolsonaro ignorou a Lei Or\u00e7ament\u00e1ria Anual (LOA) de 2022 ap\u00f3s <strong>n\u00e3o conceder <\/strong>o reajuste prometido. <\/p>\n\n\n\n<p>Vale destacar que o <strong>reajuste aos policiais foi aprovado<\/strong> pela Comiss\u00e3o Mista de Or\u00e7amento e a inclus\u00e3o inclu\u00edda no exerc\u00edcio financeiro para 2022.<\/p>\n\n\n\n<p>Entretanto, <strong>ainda em janeiro, <\/strong>o presidente da Rep\u00fablica j\u00e1 havia apresentado ind\u00edcios de que o aumento n\u00e3o poderia sair. <\/p>\n\n\n\n<p><em> \u201cFica aquela pergunta a todos: vamos salvar tr\u00eas categoria ou vai todo mundo sofrer no corrente ano?\u201d,<\/em> questionou.<\/p>\n\n\n\n<p>Sendo assim, novos <a href=\"https:\/\/www.novaconcursos.com.br\/portal\/concursos-previstos\/nacional\">editais previstos<\/a> para o pa\u00eds devem ser mexidos com a decis\u00e3o.<\/p>\n\n\n\n<h3 class=\"wp-block-heading\">Nota na \u00edntegra<\/h3>\n\n\n\n<p><em>As entidades que representam as for\u00e7as de seguran\u00e7a p\u00fablica da Uni\u00e3o v\u00eam a p\u00fablico repudiar o descaso promovido pelo presidente Jair Bolsonaro por seu deliberado abandono e ato de menosprezo aos homens e mulheres integrantes das pol\u00edcias Federal, Rodovi\u00e1ria Federal e Penal Federal.<\/em><\/p>\n\n\n\n<p><em>No dia de ontem, 4 de julho, a palavra do senhor presidente da Rep\u00fablica, tantas vezes empenhada publicamente, verificou-se completamente in\u00f3cua. <\/em><\/p>\n\n\n\n<p><em>Com o t\u00e9rmino do prazo legal para a t\u00e3o esperada, necess\u00e1ria e justa concess\u00e3o da reestrutura\u00e7\u00e3o das carreiras policiais da Uni\u00e3o no ano em curso, as for\u00e7as de seguran\u00e7a p\u00fablica federais sentiram, mais uma vez, o estigma da desvaloriza\u00e7\u00e3o e ataque aos direitos de seus profissionais, pr\u00e1tica, infelizmente, tantas vezes registrada ao longo do atual governo.<\/em><\/p>\n\n\n\n<p><em>Sob argumentos fr\u00e1geis de que \u201cn\u00e3o tem de onde tirar o dinheiro\u201d e outros tomados pela fal\u00e1cia, o chefe m\u00e1ximo da na\u00e7\u00e3o, deliberadamente, ignora o recurso previsto na Lei Or\u00e7ament\u00e1ria Anual de 2022 e caminha, ao longo de seu mandato, sob o manto do esquecimento e completa desvaloriza\u00e7\u00e3o das carreiras policiais, como nunca visto nas \u00faltimas tr\u00eas d\u00e9cadas.<\/em><\/p>\n\n\n\n<p><em>A despeito das promessas de campanha e compromissos firmados de fortalecimento da Pol\u00edcia, por meio do reconhecimento de seu quadro humano, o presidente oculta maldosamente o fato de que os resultados institucionais entregues pelas for\u00e7as policiais da Uni\u00e3o s\u00e3o fruto do desprendimento e dedica\u00e7\u00e3o dos homens e mulheres que comp\u00f5em as carreiras da PF, PRF e DEPEN. <\/em><\/p>\n\n\n\n<p><em>Tais resultados j\u00e1 eram alcan\u00e7ados muito antes de seu governo e assim seguir\u00e3o, independentemente de quem comande o pa\u00eds nos pr\u00f3ximos anos.<\/em><\/p>\n\n\n\n<p><em>Com mais um duro golpe aos policiais confirmado, o fr\u00e1gil discurso eleitoreiro de defesa da seguran\u00e7a p\u00fablica n\u00e3o mais encontra espa\u00e7o ou eco na sociedade brasileira, que passa a enxergar um mandat\u00e1rio que tem se utilizado de expedientes ilus\u00f3rios, mas jamais realizou efetivamente um ato qualquer em defesa de quem verdadeiramente promove a seguran\u00e7a p\u00fablica neste pa\u00eds: os policiais civis da Uni\u00e3o. <\/em><\/p>\n\n\n\n<p><em>Com a certeza de que n\u00e3o h\u00e1 mal que dure para sempre, as entidades que representam as for\u00e7as de seguran\u00e7a p\u00fablica da Uni\u00e3o seguir\u00e3o lutando pela verdadeira valoriza\u00e7\u00e3o dos profissionais que diuturnamente entregam suas vidas em defesa da sociedade e de um pa\u00eds mais seguro. <\/em><\/p>\n\n\n\n<h2 class=\"wp-block-heading\" id=\"prazo-para-reajuste-encerrado\">Prazo para reajuste encerrado<\/h2>\n\n\n\n<p>Vale destacar ainda que o <strong>prazo <\/strong>para que o governo desse reajuste salarial para os servidores <strong>terminou <\/strong>no m\u00eas de <strong>junho<\/strong>. <\/p>\n\n\n\n<p>Assim, porque h\u00e1 <strong>limita\u00e7\u00f5es impostas<\/strong> ao chefe do Executivo em ano eleitoral, como as regras para concess\u00e3o de aumento de sal\u00e1rio.<\/p>\n\n\n\n<p>Este impedimento, no entanto, se refere exclusivamente ao prazo dos \u00faltimos\u00a0<strong>180 dias<\/strong>\u00a0de mandato.\u00a0 <\/p>\n\n\n\n<p>Assim, elas <strong>est\u00e3o previstas<\/strong> na lei n\u00ba 9.504, de 1998 (Presta\u00e7\u00e3o de Contas), e na lei complementar n\u00ba 101, de 2000 (Lei de Responsabilidade Fiscal).<\/p>\n\n\n\n<figure class=\"wp-block-image size-large\"><a href=\"https:\/\/www.novaconcursos.com.br\/eventos\/assinatura\" target=\"_blank\" rel=\"noreferrer noopener\"><img decoding=\"async\" src=\"https:\/\/www.novaconcursos.com.br\/portal\/wp-content\/uploads\/2022\/01\/Faixa-Frete-Gr%E2%80%A0tis-portal.png\" alt=\"assinatura completa\" class=\"wp-image-153078\" loading=\"lazy\" title=\"\"><\/a><figcaption><\/figcaption><\/figure>","protected":false},"excerpt":{"rendered":"<p>A Federa\u00e7\u00e3o Nacional dos\u00a0Policiais Rodovi\u00e1rios Federais e outras entidades que representam os servidores da Pol\u00edcia Federal e Depen, publicaram notas de rep\u00fadio pela n\u00e3o concess\u00e3o dos recursos prometidos para a reestrutura\u00e7\u00e3o das carreiras, o que mexe nos concursos. Entenda! Confira:\u00a0Guia Definitivo Como montar um mapa mental (Gr\u00e1tis) Estude para o concurso dos seus sonhos com [&hellip;]<\/p>\n","protected":false},"author":54671,"featured_media":161743,"comment_status":"closed","ping_status":"closed","sticky":false,"template":"","format":"standard","meta":{"_acf_changed":false,"footnotes":"","_wp_rev_ctl_limit":""},"categories":[228],"tags":[],"class_list":["post-164540","post","type-post","status-publish","format-standard","has-post-thumbnail","hentry","category-noticias"],"acf":[],"_links":{"self":[{"href":"https:\/\/www.novaconcursos.com.br\/portal\/wp-json\/wp\/v2\/posts\/164540","targetHints":{"allow":["GET"]}}],"collection":[{"href":"https:\/\/www.novaconcursos.com.br\/portal\/wp-json\/wp\/v2\/posts"}],"about":[{"href":"https:\/\/www.novaconcursos.com.br\/portal\/wp-json\/wp\/v2\/types\/post"}],"author":[{"embeddable":true,"href":"https:\/\/www.novaconcursos.com.br\/portal\/wp-json\/wp\/v2\/users\/54671"}],"replies":[{"embeddable":true,"href":"https:\/\/www.novaconcursos.com.br\/portal\/wp-json\/wp\/v2\/comments?post=164540"}],"version-history":[{"count":4,"href":"https:\/\/www.novaconcursos.com.br\/portal\/wp-json\/wp\/v2\/posts\/164540\/revisions"}],"predecessor-version":[{"id":164544,"href":"https:\/\/www.novaconcursos.com.br\/portal\/wp-json\/wp\/v2\/posts\/164540\/revisions\/164544"}],"wp:featuredmedia":[{"embeddable":true,"href":"https:\/\/www.novaconcursos.com.br\/portal\/wp-json\/wp\/v2\/media\/161743"}],"wp:attachment":[{"href":"https:\/\/www.novaconcursos.com.br\/portal\/wp-json\/wp\/v2\/media?parent=164540"}],"wp:term":[{"taxonomy":"category","embeddable":true,"href":"https:\/\/www.novaconcursos.com.br\/portal\/wp-json\/wp\/v2\/categories?post=164540"},{"taxonomy":"post_tag","embeddable":true,"href":"https:\/\/www.novaconcursos.com.br\/portal\/wp-json\/wp\/v2\/tags?post=164540"}],"curies":[{"name":"wp","href":"https:\/\/api.w.org\/{rel}","templated":true}]}}