{"id":164581,"date":"2022-07-11T09:38:50","date_gmt":"2022-07-11T12:38:50","guid":{"rendered":"https:\/\/www.novaconcursos.com.br\/portal\/?p=164581"},"modified":"2022-07-11T09:38:55","modified_gmt":"2022-07-11T12:38:55","slug":"concursos-rondonia-saiu-edital-policia-civil-militar","status":"publish","type":"post","link":"https:\/\/www.novaconcursos.com.br\/portal\/noticias\/concursos-rondonia-saiu-edital-policia-civil-militar\/","title":{"rendered":"Concursos Rond\u00f4nia: Saiu o edital para Pol\u00edcia Civil e Militar. 359 vagas!"},"content":{"rendered":"<p>Boa not\u00edcia concurseiros de <strong>Rond\u00f4nia<\/strong>! Foram publicados <strong>dois importantes concursos <\/strong>para o estado, um para a <a href=\"https:\/\/www.novaconcursos.com.br\/portal\/concursos\/concurso-pc-rondonia\/\">Pol\u00edcia Civil<\/a> e outro para a <a href=\"https:\/\/www.novaconcursos.com.br\/portal\/concursos\/concurso-pm-ro\/\">Pol\u00edcia Militar<\/a>. S\u00e3o <strong>359 vagas <\/strong>ofertadas e sal\u00e1rios que chegam a R$ 15 mil!<\/p>\n\n\n\n<ul class=\"wp-block-list\"><li><strong>Confira:<\/strong>\u00a0<a rel=\"noreferrer noopener\" aria-label=\" (abre numa nova aba)\" href=\"https:\/\/www.novaconcursos.com.br\/eventos\/guia-definitivo-como-montar-um-mapa-mental\/\" target=\"_blank\">Guia Definitivo Como montar um mapa mental (Gr\u00e1tis)<\/a><\/li><\/ul><p><\/p>\n\n\n\n<p>Estude para o concurso dos seus sonhos com a\u00a0<a rel=\"noreferrer noopener\" aria-label=\" (abre numa nova aba)\" href=\"https:\/\/www.novaconcursos.com.br\/eventos\/assinatura\" target=\"_blank\">Assinatura Completa da Nova<\/a>. Tenha acesso a Cursos, Plataforma de Quest\u00f5es, Eventos Exclusivos para Assinantes e Muito Mais!<\/p>\n\n\n\n<h2 class=\"wp-block-heading\" id=\"concursos-rondnia-editais-publicados\">Concursos Rond\u00f4nia: editais publicados<\/h2>\n\n\n\n<p>Assim, est\u00e3o publicados<strong> dois importantes concursos <\/strong>para o estado de <a href=\"https:\/\/www.novaconcursos.com.br\/portal\/concursos-previstos\/ro\/\">Rond\u00f4nia<\/a>, um para a Pol\u00edcia Civil e outro para a Pol\u00edcia Militar.  <\/p>\n\n\n\n<p>Saiba detalhes das sele\u00e7\u00f5es e <strong>n\u00e3o perca o prazo de inscri\u00e7\u00f5es<\/strong>. Al\u00e9m disso, inicie os estudos, uma vez que os concursos s\u00e3o concorridos.<\/p>\n\n\n\n<h2 class=\"wp-block-heading\" id=\"concurso-polcia-civil-de-rondnia\">Concurso Pol\u00edcia Civil de Rond\u00f4nia<\/h2>\n\n\n\n<p>Portanto, o concurso da Pol\u00edcia Civil est\u00e1 <strong>ofertando 319 vagas <\/strong>de n\u00edvel superior de forma\u00e7\u00e3o. Sendo assim, confira os cargos:<\/p>\n\n\n\n<ul class=\"wp-block-list\"><li>Agente<\/li><li>Escriv\u00e3o<\/li><li>Delegado<\/li><li>Datiloscopista<\/li><li>M\u00e9dico-Legista<\/li><li>T\u00e9cnico em Necropsia<\/li><\/ul><p><\/p>\n\n\n\n<h3 class=\"wp-block-heading\">Inscri\u00e7\u00f5es<\/h3>\n\n\n\n<p>Al\u00e9m disso, os interessados poder\u00e3o realizar as inscri\u00e7\u00f5es entre os dias <strong>15 de julho e 5 de agosto<\/strong>, pelo site da banca, o\u00a0<a rel=\"noreferrer noopener\" href=\"https:\/\/www.cebraspe.org.br\/\" target=\"_blank\">Cebraspe<\/a>. Assim, as taxas ter\u00e3o os seguintes valores:<\/p>\n\n\n\n<ul class=\"wp-block-list\"><li><strong>R$ 204,96<\/strong>\u00a0para os cargos de: Delegado de Pol\u00edcia e M\u00e9dico-Legista;<\/li><li><strong>R$ 190,00<\/strong>\u00a0para os cargos de: Agente de Pol\u00edcia, Datiloscopista Policial, Escriv\u00e3o de Pol\u00edcia e T\u00e9cnico em Necropsia.<\/li><\/ul><p><\/p>\n\n\n\n<h3 class=\"wp-block-heading\">Sal\u00e1rios<\/h3>\n\n\n\n<p>Por fim, em rela\u00e7\u00e3o aos sal\u00e1rios ofertados aos contratados, eles podem <strong>ultrapassar os R$15 mil. <\/strong>Portanto, veja:<\/p>\n\n\n\n<ul class=\"wp-block-list\"><li><strong>R$ 5.083,00<\/strong>\u00a0para os cargos de Agente, Escriv\u00e3o, Datiloscopista e T\u00e9cnico em Necropsia<\/li><li><strong>R$ 15.500,00<\/strong>\u00a0para os cargos de Delegado e M\u00e9dico-Legista<\/li><\/ul><p><\/p>\n\n\n\n<h3 class=\"wp-block-heading\">Provas<\/h3>\n\n\n\n<p>Por outro lado, os concurseiros ser\u00e3o avaliados por meio de <strong>provas objetivas,<\/strong> de m\u00faltipla escolha.<\/p>\n\n\n\n<p>Assim, as avalia\u00e7\u00f5es ter\u00e3o <strong>cinco alternativas<\/strong> cada e valer\u00e3o 100 pontos. Sendo assim, confira as datas:<\/p>\n\n\n\n<ul class=\"wp-block-list\"><li><strong>25 de setembro<\/strong>: Delegado, M\u00e9dico-Legista, Datiloscopista e T\u00e9cnico em Necropsia;<\/li><li><strong>9 de outubro<\/strong>: Agente de Pol\u00edcia e Escriv\u00e3o de Pol\u00edcia<\/li><\/ul><p><\/p>\n\n\n\n<p>Al\u00e9m disso, as provas ser\u00e3o <strong>realizadas <\/strong>nas cidades de Ariquemes\/RO, Cacoal\/RO, Ji-Paran\u00e1\/RO, Porto Velho\/RO e Vilhena\/RO. Confira ainda as demais etapas de avalia\u00e7\u00e3o:<\/p>\n\n\n\n<ul class=\"wp-block-list\"><li><strong>Primeira etapa<\/strong>\u00a0<ul><li><strong>Prova objetivas<\/strong>, de car\u00e1ter eliminat\u00f3rio e classificat\u00f3rio, para todos os cargos, de responsabilidade do Cebraspe;<\/li><li><strong>Prova discursiva<\/strong>, de car\u00e1ter eliminat\u00f3rio e classificat\u00f3rio, para todos os cargos, de responsabilidade do Cebraspe;<\/li><li><strong>Teste de aptid\u00e3o f\u00edsica<\/strong>, de car\u00e1ter eliminat\u00f3rio, para todos os cargos, de responsabilidade do Cebraspe;<\/li><li><strong>Prova <\/strong><ul><li><strong>pr\u00e1tica de operador de microcomputador<\/strong>, de car\u00e1ter eliminat\u00f3rio, somente para o cargo de Escriv\u00e3o de Pol\u00edcia, de responsabilidade do Cebraspe;<\/li><li><strong>oral<\/strong>, de car\u00e1ter eliminat\u00f3rio e classificat\u00f3rio, para os cargos de Delegado de Pol\u00edcia e M\u00e9dico-Legista, de responsabilidade do Cebraspe;<\/li><li><strong>de t\u00edtulos<\/strong>, de car\u00e1ter classificat\u00f3rio, para os cargos de Delegado de Pol\u00edcia e M\u00e9dico-Legista, de responsabilidade do Cebraspe;<\/li><\/ul><\/li><li><strong>Exame psicot\u00e9cnico<\/strong>, de car\u00e1ter eliminat\u00f3rio, para todos os cargos, de responsabilidade do Cebraspe;<\/li><li><strong>Exames m\u00e9dicos e toxicol\u00f3gico<\/strong>, de car\u00e1ter eliminat\u00f3rio, para todos os cargos, de responsabilidade do N\u00facleo de Per\u00edcias M\u00e9dicas do Estado de Rond\u00f4nia (NUPEM\/SEGEP);<\/li><li><strong>Investiga\u00e7\u00e3o social<\/strong>, de car\u00e1ter eliminat\u00f3rio, para todos os cargos, de responsabilidade da PCRO.<\/li><\/ul><\/li><li><strong>Segunda etapa<\/strong>\u00a0<ul><li><strong>Curso de forma\u00e7\u00e3o<\/strong>\u00a0t\u00e9cnico-profissional, de car\u00e1ter eliminat\u00f3rio e classificat\u00f3rio, promovido pela Academia de Pol\u00edcia Civil.<\/li><\/ul><\/li><\/ul><p><\/p>\n\n\n\n<h2 class=\"wp-block-heading\" id=\"concurso-polcia-militar-de-rondnia\">Concurso Pol\u00edcia Militar de Rond\u00f4nia<\/h2>\n\n\n\n<p>Tamb\u00e9m foi publicado o concurso da Pol\u00edcia Militar de <a href=\"https:\/\/www.novaconcursos.com.br\/portal\/concursos-abertos\/ro\/\">Rond\u00f4nia<\/a>, que oferta 20 vagas <strong>imediatas <\/strong>e 20 para formar um cadastro de reserva para <strong>Oficiais Combatentes. <\/strong>Confira distribui\u00e7\u00e3o:<\/p>\n\n\n\n<ul class=\"wp-block-list\"><li><strong>Vagas imediatas<\/strong><ul><li>18 vagas para sexo masculino<\/li><li>2 vagas para sexo feminino<\/li><\/ul><\/li><li><strong>Cadastro de reserva<\/strong><ul><li>18 vagas para sexo masculino<\/li><li>2 vagas para sexo feminino<\/li><\/ul><\/li><\/ul><p><\/p>\n\n\n\n<h3 class=\"wp-block-heading\">Inscri\u00e7\u00f5es<\/h3>\n\n\n\n<p>Assim, as inscri\u00e7\u00f5es acontecem entre os dias <strong>15 de julho a dia 5 de agosto<\/strong>, por meio do site da banca organizadora, o Cebraspe. Al\u00e9m disso, a taxa \u00e9 de <strong>R$ 204,96<\/strong>.<\/p>\n\n\n\n<h3 class=\"wp-block-heading\">Sal\u00e1rios<\/h3>\n\n\n\n<p>Com exig\u00eancia de<strong> n\u00edvel superior<\/strong> em Direito, os sal\u00e1rios ofertados aos aprovados na sele\u00e7\u00e3o, inicialmente, s\u00e3o de <strong>R$ 7.015,91<\/strong>.<\/p>\n\n\n\n<h3 class=\"wp-block-heading\">Provas<\/h3>\n\n\n\n<p>Assim, a prova objetiva e a discursiva ser\u00e3o <strong>realizadas nas cidades<\/strong> de Ariquemes\/RO, Cacoal\/RO, Ji-Paran\u00e1\/RO, Porto Velho\/RO e Vilhena\/RO.<\/p>\n\n\n\n<p>Al\u00e9m disso, a previs\u00e3o de aplica\u00e7\u00e3o \u00e9 na data de<strong> 25 de setembro<\/strong>. Veja ainda as demais etapas de avalia\u00e7\u00e3o:<\/p>\n\n\n\n<ul class=\"wp-block-list\"><li><strong>Primeira etapa:<\/strong><ul><li>prova objetiva, de car\u00e1ter eliminat\u00f3rio e classificat\u00f3rio, de responsabilidade do Cebraspe;<\/li><li>discursiva, de car\u00e1ter eliminat\u00f3rio e classificat\u00f3rio, de responsabilidade do Cebraspe;<\/li><li>de t\u00edtulos, de car\u00e1ter classificat\u00f3rio, de responsabilidade do Cebraspe;<\/li><li>teste de aptid\u00e3o f\u00edsica, de car\u00e1ter eliminat\u00f3rio, de responsabilidade do Cebraspe;<\/li><li>exame psicot\u00e9cnico, de car\u00e1ter eliminat\u00f3rio, de responsabilidade do Cebraspe;<\/li><li>apresenta\u00e7\u00e3o de exames m\u00e9dicos, de car\u00e1ter eliminat\u00f3rio, de responsabilidade da PM\/RO; e<\/li><\/ul><ul><li>investiga\u00e7\u00e3o social, de car\u00e1ter eliminat\u00f3rio, de responsabilidade do PM\/RO.<\/li><\/ul><\/li><li><strong>Segunda etapa:<\/strong><ul><li>Curso de Forma\u00e7\u00e3o de Oficiais PM (CFO-PM), de car\u00e1ter eliminat\u00f3rio e classificat\u00f3rio, de responsabilidade da PM\/RO.<\/li><\/ul><\/li><\/ul><p><\/p>\n\n\n\n<figure class=\"wp-block-image size-large\"><a href=\"https:\/\/www.novaconcursos.com.br\/eventos\/assinatura\" target=\"_blank\" rel=\"noreferrer noopener\"><img decoding=\"async\" src=\"https:\/\/www.novaconcursos.com.br\/portal\/wp-content\/uploads\/2022\/01\/Faixa-Frete-Gr%E2%80%A0tis-portal.png\" alt=\"assinatura completa\" class=\"wp-image-153078\" loading=\"lazy\" title=\"\"><\/a><figcaption><\/figcaption><\/figure>","protected":false},"excerpt":{"rendered":"<p>Boa not\u00edcia concurseiros de Rond\u00f4nia! Foram publicados dois importantes concursos para o estado, um para a Pol\u00edcia Civil e outro para a Pol\u00edcia Militar. S\u00e3o 359 vagas ofertadas e sal\u00e1rios que chegam a R$ 15 mil! Confira:\u00a0Guia Definitivo Como montar um mapa mental (Gr\u00e1tis) Estude para o concurso dos seus sonhos com a\u00a0Assinatura Completa da [&hellip;]<\/p>\n","protected":false},"author":54671,"featured_media":161029,"comment_status":"closed","ping_status":"closed","sticky":false,"template":"","format":"standard","meta":{"_acf_changed":false,"footnotes":"","_wp_rev_ctl_limit":""},"categories":[228],"tags":[],"class_list":["post-164581","post","type-post","status-publish","format-standard","has-post-thumbnail","hentry","category-noticias"],"acf":[],"_links":{"self":[{"href":"https:\/\/www.novaconcursos.com.br\/portal\/wp-json\/wp\/v2\/posts\/164581","targetHints":{"allow":["GET"]}}],"collection":[{"href":"https:\/\/www.novaconcursos.com.br\/portal\/wp-json\/wp\/v2\/posts"}],"about":[{"href":"https:\/\/www.novaconcursos.com.br\/portal\/wp-json\/wp\/v2\/types\/post"}],"author":[{"embeddable":true,"href":"https:\/\/www.novaconcursos.com.br\/portal\/wp-json\/wp\/v2\/users\/54671"}],"replies":[{"embeddable":true,"href":"https:\/\/www.novaconcursos.com.br\/portal\/wp-json\/wp\/v2\/comments?post=164581"}],"version-history":[{"count":4,"href":"https:\/\/www.novaconcursos.com.br\/portal\/wp-json\/wp\/v2\/posts\/164581\/revisions"}],"predecessor-version":[{"id":164587,"href":"https:\/\/www.novaconcursos.com.br\/portal\/wp-json\/wp\/v2\/posts\/164581\/revisions\/164587"}],"wp:featuredmedia":[{"embeddable":true,"href":"https:\/\/www.novaconcursos.com.br\/portal\/wp-json\/wp\/v2\/media\/161029"}],"wp:attachment":[{"href":"https:\/\/www.novaconcursos.com.br\/portal\/wp-json\/wp\/v2\/media?parent=164581"}],"wp:term":[{"taxonomy":"category","embeddable":true,"href":"https:\/\/www.novaconcursos.com.br\/portal\/wp-json\/wp\/v2\/categories?post=164581"},{"taxonomy":"post_tag","embeddable":true,"href":"https:\/\/www.novaconcursos.com.br\/portal\/wp-json\/wp\/v2\/tags?post=164581"}],"curies":[{"name":"wp","href":"https:\/\/api.w.org\/{rel}","templated":true}]}}