{"id":164770,"date":"2022-07-13T10:27:34","date_gmt":"2022-07-13T13:27:34","guid":{"rendered":"https:\/\/www.novaconcursos.com.br\/portal\/?p=164770"},"modified":"2022-07-13T10:27:38","modified_gmt":"2022-07-13T13:27:38","slug":"concurso-prefeitura-de-petropolis-rj-novo-edital-vagas-educacao","status":"publish","type":"post","link":"https:\/\/www.novaconcursos.com.br\/portal\/noticias\/concurso-prefeitura-de-petropolis-rj-novo-edital-vagas-educacao\/","title":{"rendered":"Concurso Prefeitura de Petr\u00f3polis &#8211; RJ: Novo edital ter\u00e1 877 vagas para Educa\u00e7\u00e3o!"},"content":{"rendered":"<p>Aten\u00e7\u00e3o concurseiros! Um novo <a href=\"https:\/\/www.novaconcursos.com.br\/portal\/concursos\/concurso-prefeitura-de-petropolis-rj\/\">concurso Prefeitura de Petr\u00f3polis<\/a>, na Regi\u00e3o Serrana do Rio de Janeiro, est\u00e1 <strong>previsto <\/strong>para 2022. Agora a <strong>escolha <\/strong>da banca organizadora ser\u00e1 o <strong>pr\u00f3ximo passo.<\/strong> A previs\u00e3o \u00e9 de 877 vagas na \u00e1rea da Educa\u00e7\u00e3o.<\/p>\n\n\n\n<ul class=\"wp-block-list\"><li><strong>Confira:<\/strong>\u00a0<a rel=\"noreferrer noopener\" aria-label=\" (abre numa nova aba)\" href=\"https:\/\/www.novaconcursos.com.br\/eventos\/guia-definitivo-como-montar-um-mapa-mental\/\" target=\"_blank\">Guia Definitivo Como montar um mapa mental (Gr\u00e1tis)<\/a><\/li><\/ul><p><\/p>\n\n\n\n<p>Estude para o concurso dos seus sonhos com o\u00a0<strong>M\u00e9todo<\/strong>\u00a0que j\u00e1 ajudou na\u00a0<strong>aprova\u00e7\u00e3o de mais de 70 mil alunos.<\/strong>\u00a0<a rel=\"noreferrer noopener\" aria-label=\" (abre numa nova aba)\" href=\"https:\/\/aprovacao.novaconcursos.com.br\/assinatura\" target=\"_blank\">Clique aqui<\/a>\u00a0e saiba mais!<\/p>\n\n\n\n<h2 class=\"wp-block-heading\" id=\"concurso-prefeitura-de-petrpolis-rj-edital-em-tramitao\">Concurso Prefeitura de Petr\u00f3polis \u2013 RJ: edital em tramita\u00e7\u00e3o<\/h2>\n\n\n\n<p>Sendo assim, a Prefeitura de Petr\u00f3polis, na Regi\u00e3o Serrana do <a href=\"https:\/\/www.novaconcursos.com.br\/portal\/concursos-previstos\/rj\/\">Rio de Janeiro<\/a>, tem como <strong>objetivo <\/strong>um novo concurso p\u00fablico em <strong>2022<\/strong>.<\/p>\n\n\n\n<p>Portanto, a oferta ser\u00e1 de\u00a0<strong>877 vagas imediatas\u00a0<\/strong>para cargos da Educa\u00e7\u00e3o, como Professor, Secret\u00e1rio Escolar e Educador Infantil.\u00a0 <\/p>\n\n\n\n<p>Al\u00e9m disso, o<strong> termo de<\/strong> <strong>refer\u00eancia <\/strong>do concurso foi assinado na \u00faltima segunda-feira (11), pelo prefeito Rubens Bomtempo.<\/p>\n\n\n\n<p>Sendo assim, agora o documento<strong> ser\u00e1 usado para escolha da banca<\/strong> organizadora e tamb\u00e9m funciona como um espelho para o edital.<\/p>\n\n\n\n<p>Nele foram reveladas algumas <strong>informa\u00e7\u00f5es <\/strong>sobre cargos, requisitos, sal\u00e1rios e estrutura de provas.\u00a0<\/p>\n\n\n\n<p><em>\u201cO \u00faltimo concurso realizado para a Educa\u00e7\u00e3o foi em 2014, para professores de Matem\u00e1tica e anos finais. Estamos cumprindo um compromisso firmado com a Educa\u00e7\u00e3o, que \u00e9 realizar o concurso p\u00fablico e atender a demanda das nossas escolas\u201d,<\/em> disse o prefeito.<\/p>\n\n\n\n<p>Portanto, o governo <strong>trabalha <\/strong>para publicar o <strong>edital <\/strong>o mais r\u00e1pido poss\u00edvel, uma vez que s\u00e3o 8 anos sem concursos.<\/p>\n\n\n\n<h3 class=\"wp-block-heading\">Edital \u00e9 muito aguardado<\/h3>\n\n\n\n<p>Para a secret\u00e1ria de Educa\u00e7\u00e3o de Petr\u00f3polis, Adriana de Paula, o concurso \u00e9 importante uma vez que o <strong>d\u00e9ficit nas escolas <\/strong>do munic\u00edpio \u00e9 grande.<\/p>\n\n\n\n<p><em>\u201cFomos autorizados pela justi\u00e7a a fazer contrata\u00e7\u00f5es e tamb\u00e9m convocamos os aprovados no processo seletivo para atender a car\u00eancia. Mas agora com o concurso p\u00fablico vamos estar atendendo uma reivindica\u00e7\u00e3o antiga da categoria e garantir a presen\u00e7a do professor em sala de aula\u201d<\/em>, afirmou Adriana.<\/p>\n\n\n\n<p>Al\u00e9m disso, a elabora\u00e7\u00e3o do processo do concurso est\u00e1 sendo feito pela Secretaria de Administra\u00e7\u00e3o. <\/p>\n\n\n\n<p>Portanto, para o titular da pasta, Ramon Mello, a inten\u00e7\u00e3o \u00e9 de publicar editais para outras \u00e1reas tamb\u00e9m. Entretanto, a<strong> prioridade \u00e9 a Educa\u00e7\u00e3o.<\/strong><\/p>\n\n\n\n<p><em>\u201cT\u00ednhamos a inten\u00e7\u00e3o de fazer um concurso p\u00fablico para toda administra\u00e7\u00e3o, mas devido \u00e0s duas chuvas de fevereiro e mar\u00e7o tivemos que priorizar a Educa\u00e7\u00e3o neste momento. Mas continuamos com os estudos para realizar concursos para outras \u00e1reas\u201d<\/em>, enfatizou.<\/p>\n\n\n\n<h3 class=\"wp-block-heading\"><strong>Justi\u00e7a<\/strong> determinou edital<\/h3>\n\n\n\n<p>Em <strong>2020<\/strong>, o Tribunal de Justi\u00e7a do <a href=\"https:\/\/www.novaconcursos.com.br\/portal\/concursos-abertos\/rj\/\">Rio de Janeiro <\/a><strong>determinou <\/strong>que a Prefeitura de Petr\u00f3polis <strong>realizasse <\/strong>um novo concurso para efetivos. <\/p>\n\n\n\n<p>Assim, de acordo com a decis\u00e3o, os profissionais <strong>contratados <\/strong>via Recibo de Pagamento Aut\u00f4nomo (RPA) deveriam ser <strong>demitidos<\/strong>.<\/p>\n\n\n\n<p>Al\u00e9m disso, a decis\u00e3o afirmava que o <strong>edital <\/strong>teria que ser <strong>divulgado <\/strong>naquele mesmo ano, o que n\u00e3o aconteceu.<\/p>\n\n\n\n<p>Mas, como est\u00e1vamos em meio a uma <strong>pandemia <\/strong>da Covid-19, a prefeitura conseguiu que o prazo fosse <strong>estendido<\/strong>.<\/p>\n\n\n\n<p>Sendo assim, para suprir as vac\u00e2ncias, foram abertas<strong> 300 vagas tempor\u00e1rias <\/strong>para Educa\u00e7\u00e3o e Assist\u00eancia Social. <\/p>\n\n\n\n<h3 class=\"wp-block-heading\">Sal\u00e1rios ofertados<\/h3>\n\n\n\n<p>Para a Educa\u00e7\u00e3o Infantil, a remunera\u00e7\u00e3o dos tempor\u00e1rios foi de <strong>R$ 1.838,86.<\/strong> Para os demais cargos era de <strong>R$ 2.059,52.<\/strong> <\/p>\n\n\n\n<p>Vale destacar que os valores correspondem a regime de trabalho de <strong>20 horas por semana.<\/strong><\/p>\n\n\n\n<p>Por outro lado, os Assistentes Sociais receberam<strong> R$ 2.091,89<\/strong> para trabalhar 40 horas semanais.<\/p>\n\n\n\n<figure class=\"wp-block-image size-large\"><a href=\"https:\/\/aprovacao.novaconcursos.com.br\/assinatura\" target=\"_blank\" rel=\"noreferrer noopener\"><img decoding=\"async\" src=\"https:\/\/www.novaconcursos.com.br\/portal\/wp-content\/uploads\/2022\/01\/Faixa-Frete-Gr%E2%80%A0tis-portal.png\" alt=\"assinatura completa\" class=\"wp-image-153078\" loading=\"lazy\" title=\"\"><\/a><figcaption><\/figcaption><\/figure>","protected":false},"excerpt":{"rendered":"<p>Aten\u00e7\u00e3o concurseiros! Um novo concurso Prefeitura de Petr\u00f3polis, na Regi\u00e3o Serrana do Rio de Janeiro, est\u00e1 previsto para 2022. Agora a escolha da banca organizadora ser\u00e1 o pr\u00f3ximo passo. A previs\u00e3o \u00e9 de 877 vagas na \u00e1rea da Educa\u00e7\u00e3o. Confira:\u00a0Guia Definitivo Como montar um mapa mental (Gr\u00e1tis) Estude para o concurso dos seus sonhos com [&hellip;]<\/p>\n","protected":false},"author":54671,"featured_media":164773,"comment_status":"closed","ping_status":"closed","sticky":false,"template":"","format":"standard","meta":{"_acf_changed":false,"footnotes":"","_wp_rev_ctl_limit":""},"categories":[228],"tags":[],"class_list":["post-164770","post","type-post","status-publish","format-standard","has-post-thumbnail","hentry","category-noticias"],"acf":[],"_links":{"self":[{"href":"https:\/\/www.novaconcursos.com.br\/portal\/wp-json\/wp\/v2\/posts\/164770","targetHints":{"allow":["GET"]}}],"collection":[{"href":"https:\/\/www.novaconcursos.com.br\/portal\/wp-json\/wp\/v2\/posts"}],"about":[{"href":"https:\/\/www.novaconcursos.com.br\/portal\/wp-json\/wp\/v2\/types\/post"}],"author":[{"embeddable":true,"href":"https:\/\/www.novaconcursos.com.br\/portal\/wp-json\/wp\/v2\/users\/54671"}],"replies":[{"embeddable":true,"href":"https:\/\/www.novaconcursos.com.br\/portal\/wp-json\/wp\/v2\/comments?post=164770"}],"version-history":[{"count":6,"href":"https:\/\/www.novaconcursos.com.br\/portal\/wp-json\/wp\/v2\/posts\/164770\/revisions"}],"predecessor-version":[{"id":164779,"href":"https:\/\/www.novaconcursos.com.br\/portal\/wp-json\/wp\/v2\/posts\/164770\/revisions\/164779"}],"wp:featuredmedia":[{"embeddable":true,"href":"https:\/\/www.novaconcursos.com.br\/portal\/wp-json\/wp\/v2\/media\/164773"}],"wp:attachment":[{"href":"https:\/\/www.novaconcursos.com.br\/portal\/wp-json\/wp\/v2\/media?parent=164770"}],"wp:term":[{"taxonomy":"category","embeddable":true,"href":"https:\/\/www.novaconcursos.com.br\/portal\/wp-json\/wp\/v2\/categories?post=164770"},{"taxonomy":"post_tag","embeddable":true,"href":"https:\/\/www.novaconcursos.com.br\/portal\/wp-json\/wp\/v2\/tags?post=164770"}],"curies":[{"name":"wp","href":"https:\/\/api.w.org\/{rel}","templated":true}]}}