{"id":164885,"date":"2022-07-14T09:48:07","date_gmt":"2022-07-14T12:48:07","guid":{"rendered":"https:\/\/www.novaconcursos.com.br\/portal\/?p=164885"},"modified":"2022-07-14T09:48:11","modified_gmt":"2022-07-14T12:48:11","slug":"concurso-publico-congresso-aprova-pldo-reajuste-policiais","status":"publish","type":"post","link":"https:\/\/www.novaconcursos.com.br\/portal\/noticias\/concurso-publico-congresso-aprova-pldo-reajuste-policiais\/","title":{"rendered":"Concurso P\u00fablico: Congresso aprova PLDO 2023. Texto prev\u00ea reajuste para policiais!"},"content":{"rendered":"<p>Aten\u00e7\u00e3o concurseiros! O <strong>Congresso Nacional <\/strong>aprovou o PLDO, o que pode mexer em <a href=\"https:\/\/www.novaconcursos.com.br\/portal\/concursos-previstos\/nacional\">concurso p\u00fablico<\/a>. Agora, o texto, que determina as metas e prioridades dos<strong> gastos p\u00fablicos para 2023<\/strong>, segue para san\u00e7\u00e3o do presidente Jair Bolsonaro.\u00a0Entenda!<\/p>\n\n\n\n<ul class=\"wp-block-list\"><li><strong>Confira:<\/strong>\u00a0<a rel=\"noreferrer noopener\" aria-label=\" (abre numa nova aba)\" href=\"https:\/\/www.novaconcursos.com.br\/eventos\/guia-definitivo-como-montar-um-mapa-mental\/\" target=\"_blank\">Guia Definitivo Como montar um mapa mental (Gr\u00e1tis)<\/a><\/li><\/ul><p><\/p>\n\n\n\n<p>Estude para o concurso dos seus sonhos com o\u00a0<strong>M\u00e9todo<\/strong>\u00a0que j\u00e1 ajudou na\u00a0<strong>aprova\u00e7\u00e3o de mais de 70 mil alunos.<\/strong>\u00a0<a rel=\"noreferrer noopener\" aria-label=\" (abre numa nova aba)\" href=\"https:\/\/aprovacao.novaconcursos.com.br\/assinatura\" target=\"_blank\">Clique aqui<\/a>\u00a0e saiba mais!<\/p>\n\n\n\n<h2 class=\"wp-block-heading\" id=\"concurso-pblico-entenda-o-que-muda-com-a-aprovao\">Concurso P\u00fablico: entenda o que muda com a aprova\u00e7\u00e3o<\/h2>\n\n\n\n<p>Portanto, o Congresso Nacional <strong>concluiu <\/strong>nesta ter\u00e7a-feira (12) a vota\u00e7\u00e3o do projeto de Lei das Diretrizes Or\u00e7ament\u00e1rias (<strong>PLDO<\/strong>). <\/p>\n\n\n\n<p>Assim, senadores e deputados <strong>aprovaram <\/strong>o parecer do relator, senador Marcos do Val (Podemos-ES).<\/p>\n\n\n\n<p>Sendo assim, eles foram <strong>favor\u00e1veis <\/strong>a sete dos nove destaques apresentados ao texto pelas bancadas partid\u00e1rias no Senado e na C\u00e2mara.<\/p>\n\n\n\n<p>Al\u00e9m disso, vale destacar que o <strong>texto-base <\/strong>do PLN 5\/2022 havia sido aprovado mais cedo pelos parlamentares. <\/p>\n\n\n\n<p>O substitutivo apresentado pelo relator do projeto autoriza a reestrutura\u00e7\u00e3o e reajuste salarial das seguintes <strong>for\u00e7as de Seguran\u00e7a.<\/strong><\/p>\n\n\n\n<p>Assim, poder\u00e3o ter <strong>reajuste no pr\u00f3ximo<\/strong> ano a Pol\u00edcia Federal, Pol\u00edcia Rodovi\u00e1ria Federal e Pol\u00edcia Penitenci\u00e1ria.\u00a0<\/p>\n\n\n\n<p>Tamb\u00e9m fica autorizado o provimento de cargos em\u00a0<a href=\"https:\/\/www.novaconcursos.com.br\/portal\/concursos-abertos\/nacional\">concursos p\u00fablicos<\/a><strong> vigentes<\/strong>\u00a0para essas carreiras.<\/p>\n\n\n\n<p><em>\u201cConsiderando a import\u00e2ncia da seguran\u00e7a p\u00fablica no contexto das fun\u00e7\u00f5es t\u00edpicas de estado, autorizamos desde j\u00e1 a reestrutura\u00e7\u00e3o e recomposi\u00e7\u00e3o salarial das carreiras\u201d,<\/em> disse Marcos do Val.\u00a0<\/p>\n\n\n\n<p>Agora, entretanto, a mat\u00e9ria <strong>segue para san\u00e7\u00e3o<\/strong> do presidente da Rep\u00fablica, Jair Bolsonaro.<\/p>\n\n\n\n<h2 class=\"wp-block-heading\" id=\"reajuste-salarial-deve-ser-includo-em-2023\"><strong>Reajuste salarial deve ser inclu\u00eddo em 2023<\/strong><\/h2>\n\n\n\n<p>Sendo assim, a <strong>corre\u00e7\u00e3o salarial d<\/strong>eve ser inclu\u00edda no PLDO de 2023, para que os reajustes sejam concedidos.<\/p>\n\n\n\n<p>Al\u00e9m disso, vale destacar que o <strong>projeto do pr\u00f3ximo ano<\/strong> deve ser enviado ao Congresso at\u00e9 agosto. <\/p>\n\n\n\n<p><em>\u201cJ\u00e1 pedi para encaminhar no Projeto de Lei Or\u00e7ament\u00e1ria Anual (PLOA) do ano que vem, reajuste e reestrutura\u00e7\u00e3o de carreiras\u201d<\/em>, declarou o presidente Jair Bolsonaro.<\/p>\n\n\n\n<p>Entretanto, o funcionalismo est\u00e1 <strong>cobrando <\/strong>que os reajustes sejam ofertados <strong>para todos<\/strong> os servidores p\u00fablicos.<\/p>\n\n\n\n<p>De acordo com eles, <strong>n\u00e3o deve ser s\u00f3 para as for\u00e7as de Seguran\u00e7a<\/strong>. Por isso, greves e manifesta\u00e7\u00f5es j\u00e1 foram feitas em prol do aumento amplo nos sal\u00e1rios.\u00a0<\/p>\n\n\n\n<p>Al\u00e9m disso, o ministro da Economia, Paulo Guedes, chegou a anunciar a tentativa de<strong> reajuste de 5% <\/strong>ainda em 2022 para todas as categorias do Executivo Federal. <\/p>\n\n\n\n<p>Entretanto, <strong>nem mesmo essa porcentagem<\/strong> foi poss\u00edvel e os servidores ficaram sem reajuste.<\/p>\n\n\n\n<p>Isso porque o governo <strong>n\u00e3o manteve no Or\u00e7amento<\/strong> a reserva de R$1,74 bilh\u00e3o para pagar uma parte do reajuste aos servidores federais este ano. <\/p>\n\n\n\n<p>Sendo assim, a partir disso, foi reduzido o bloqueio feito nos gastos dos minist\u00e9rios. A <strong>alternativa<\/strong>, segundo o ministro, <strong>\u00e9 reajustar em 2023.<\/strong><\/p>\n\n\n\n<p><em>\u201cO governo federal n\u00e3o conseguiu dar aumento para o funcionalismo, mas reduziu impostos para 200 milh\u00f5es de brasileiros. Logo, ali \u00e0 frente vai ter aumento para todo mundo, mas agora estamos em guerra ainda\u201d,<\/em> declarou Guedes.<\/p>\n\n\n\n<p><\/p>\n\n\n\n<figure class=\"wp-block-image size-large\"><a href=\"https:\/\/aprovacao.novaconcursos.com.br\/assinatura\" target=\"_blank\" rel=\"noreferrer noopener\"><img decoding=\"async\" src=\"https:\/\/www.novaconcursos.com.br\/portal\/wp-content\/uploads\/2022\/01\/Faixa-Frete-Gr%E2%80%A0tis-portal.png\" alt=\"assinatura completa\" class=\"wp-image-153078\" loading=\"lazy\" title=\"\"><\/a><figcaption><\/figcaption><\/figure>","protected":false},"excerpt":{"rendered":"<p>Aten\u00e7\u00e3o concurseiros! O Congresso Nacional aprovou o PLDO, o que pode mexer em concurso p\u00fablico. Agora, o texto, que determina as metas e prioridades dos gastos p\u00fablicos para 2023, segue para san\u00e7\u00e3o do presidente Jair Bolsonaro.\u00a0Entenda! Confira:\u00a0Guia Definitivo Como montar um mapa mental (Gr\u00e1tis) Estude para o concurso dos seus sonhos com o\u00a0M\u00e9todo\u00a0que j\u00e1 ajudou [&hellip;]<\/p>\n","protected":false},"author":54671,"featured_media":156720,"comment_status":"closed","ping_status":"closed","sticky":false,"template":"","format":"standard","meta":{"_acf_changed":false,"footnotes":"","_wp_rev_ctl_limit":""},"categories":[228],"tags":[],"class_list":["post-164885","post","type-post","status-publish","format-standard","has-post-thumbnail","hentry","category-noticias"],"acf":[],"_links":{"self":[{"href":"https:\/\/www.novaconcursos.com.br\/portal\/wp-json\/wp\/v2\/posts\/164885","targetHints":{"allow":["GET"]}}],"collection":[{"href":"https:\/\/www.novaconcursos.com.br\/portal\/wp-json\/wp\/v2\/posts"}],"about":[{"href":"https:\/\/www.novaconcursos.com.br\/portal\/wp-json\/wp\/v2\/types\/post"}],"author":[{"embeddable":true,"href":"https:\/\/www.novaconcursos.com.br\/portal\/wp-json\/wp\/v2\/users\/54671"}],"replies":[{"embeddable":true,"href":"https:\/\/www.novaconcursos.com.br\/portal\/wp-json\/wp\/v2\/comments?post=164885"}],"version-history":[{"count":6,"href":"https:\/\/www.novaconcursos.com.br\/portal\/wp-json\/wp\/v2\/posts\/164885\/revisions"}],"predecessor-version":[{"id":164892,"href":"https:\/\/www.novaconcursos.com.br\/portal\/wp-json\/wp\/v2\/posts\/164885\/revisions\/164892"}],"wp:featuredmedia":[{"embeddable":true,"href":"https:\/\/www.novaconcursos.com.br\/portal\/wp-json\/wp\/v2\/media\/156720"}],"wp:attachment":[{"href":"https:\/\/www.novaconcursos.com.br\/portal\/wp-json\/wp\/v2\/media?parent=164885"}],"wp:term":[{"taxonomy":"category","embeddable":true,"href":"https:\/\/www.novaconcursos.com.br\/portal\/wp-json\/wp\/v2\/categories?post=164885"},{"taxonomy":"post_tag","embeddable":true,"href":"https:\/\/www.novaconcursos.com.br\/portal\/wp-json\/wp\/v2\/tags?post=164885"}],"curies":[{"name":"wp","href":"https:\/\/api.w.org\/{rel}","templated":true}]}}