{"id":165010,"date":"2022-07-15T09:04:52","date_gmt":"2022-07-15T12:04:52","guid":{"rendered":"https:\/\/www.novaconcursos.com.br\/portal\/?p=165010"},"modified":"2022-07-15T09:04:57","modified_gmt":"2022-07-15T12:04:57","slug":"concurso-seduc-ce-assembleia-aprova-novo-edital","status":"publish","type":"post","link":"https:\/\/www.novaconcursos.com.br\/portal\/noticias\/concurso-seduc-ce-assembleia-aprova-novo-edital\/","title":{"rendered":"Concurso Seduc CE: Assembleia aprova novo edital. Oferta de 200 vagas!"},"content":{"rendered":"<p>\u00d3tima not\u00edcia, concurseiros! O\u00a0<a href=\"https:\/\/www.novaconcursos.com.br\/portal\/concursos\/concurso-seduc-ce\/\">concurso Seduc CE<\/a>\u00a0(Secretaria de Educa\u00e7\u00e3o do Cear\u00e1) est\u00e1 <strong>confirmado<\/strong>; ele foi <strong>aprovado<\/strong> pela Assembleia Legislativa. Ser\u00e3o <strong>200 vagas para Professores Ind\u00edgenas<\/strong> que contemplar\u00e3o 13 etnias. <\/p>\n\n\n\n<ul class=\"wp-block-list\"><li><strong>Confira:<\/strong>\u00a0<a href=\"https:\/\/www.novaconcursos.com.br\/eventos\/guia-definitivo-como-montar-um-mapa-mental\/\" target=\"_blank\" rel=\"noreferrer noopener\" aria-label=\" (abre numa nova aba)\">Guia Definitivo Como montar um mapa mental (Gr\u00e1tis)<\/a><\/li><\/ul><p><\/p>\n\n\n\n<p>Estude para o concurso dos seus sonhos com o\u00a0<strong>M\u00e9todo<\/strong>\u00a0que j\u00e1 ajudou na\u00a0<strong>aprova\u00e7\u00e3o de mais de 70 mil alunos.<\/strong>\u00a0<a href=\"https:\/\/aprovacao.novaconcursos.com.br\/assinatura\" target=\"_blank\" rel=\"noreferrer noopener\" aria-label=\" (abre numa nova aba)\">Clique aqui<\/a>\u00a0e saiba mais!<\/p>\n\n\n\n<h2 class=\"wp-block-heading\" id=\"concurso-seduc-ce-edital-confirmado-e-aprovado\">Concurso Seduc CE: edital confirmado e aprovado<\/h2>\n\n\n\n<p>Sendo assim, \u00e9 imprescind\u00edvel que os concurseiros saibam que um novo <strong>concurso <\/strong>para a Secretaria de Educa\u00e7\u00e3o do <a href=\"https:\/\/www.novaconcursos.com.br\/portal\/concursos-previstos\/ce\/\">Cear\u00e1 <\/a>ser\u00e1 <strong>realizado<\/strong>.<\/p>\n\n\n\n<p>Assim, provavelmente\u00a0<strong>ainda este ano,<\/strong>\u00a0mas, dessa vez as oportunidades ser\u00e3o para\u00a0<strong>Professores efetivos de escolas ind\u00edgenas.<\/strong><\/p>\n\n\n\n<p>Ademais, o edital foi <strong>aprovado<\/strong> pela Assembleia Legislativa, durante sess\u00e3o realizada na \u00faltima quarta-feira (13\/07).<\/p>\n\n\n\n<p>De acordo com a previs\u00e3o, ser\u00e3o ofertadas\u00a0<strong>200 vagas<\/strong>,<strong> <\/strong>que ir\u00e3o contemplar <strong>13 etnias.<\/strong> Portanto, veja:<\/p>\n\n\n\n<ul class=\"wp-block-list\"><li>Anac\u00e9<\/li><li>Gavi\u00e3o<\/li><li>Jenipapo-Kanind\u00e9<\/li><li>Kalaba\u00e7a<\/li><li>Kanind\u00e9<\/li><li>Kariri<\/li><li>Pitaguary<\/li><li>Potyguara<\/li><li>Tabajara<\/li><li>Tapeba<\/li><li>Tapuia Kariri<\/li><li>Tubiba Tapuia<\/li><li>Tupinamb\u00e1<\/li><\/ul><p><\/p>\n\n\n\n<p>Sendo assim, este ser\u00e1 o <strong>primeiro edital para ind\u00edgenas<\/strong> na secretaria do <a href=\"https:\/\/www.novaconcursos.com.br\/portal\/concursos-abertos\/ce\/\">Cear\u00e1<\/a>. A governadora Izolda Cela j\u00e1 havia comentado sobre a sele\u00e7\u00e3o.<\/p>\n\n\n\n<p><em>\u201cAs vagas ser\u00e3o tanto para o ensino fundamental, nos anos iniciais, portanto, para professor polivalente, como tamb\u00e9m para \u00e1reas de conhecimento, que os anos finais j\u00e1 exigem, assim como o ensino m\u00e9dio\u201d, disse a governadora, em maio.<\/em><\/p>\n\n\n\n<p>Al\u00e9m disso, j\u00e1 est\u00e1 confirmado que os inscritos ser\u00e3o avaliados por meio de tr\u00eas etapas: <strong>prova escrita, pr\u00e1tica e an\u00e1lise de t\u00edtulos.<\/strong><\/p>\n\n\n\n<p>Ademais, as vagas ser\u00e3o destinadas aos anos iniciais e finais do\u00a0<strong>ensino fundamental<\/strong>\u00a0e tamb\u00e9m ao\u00a0<strong>ensino m\u00e9dio<\/strong>, de maneira a contemplar os\u00a0<strong>componentes curriculares<\/strong>\u00a0abaixo:<\/p>\n\n\n\n<ul class=\"wp-block-list\"><li>Linguagens e suas Tecnologias;<\/li><li>Ci\u00eancias da Natureza e Matem\u00e1tica e suas Tecnologias; e<\/li><li>Ci\u00eancias Humanas, Sociais e Aplicadas.<\/li><\/ul><p><\/p>\n\n\n\n<p>Sendo assim, o que se prev\u00ea \u00e9 que seja exigido o\u00a0<strong>n\u00edvel superior<\/strong>\u00a0de escolaridade na\u00a0<strong>\u00e1rea espec\u00edfica<\/strong>\u00a0desejada pelo concurseiro.<\/p>\n\n\n\n<p><em>\u201c\u00c9 um momento hist\u00f3rico que a gente j\u00e1 espera h\u00e1 30 anos. Nossa classe de professores ind\u00edgenas j\u00e1 est\u00e1 com quase 700 professores. \u00c9 uma porta que est\u00e1 abrindo para que, futuramente, aconte\u00e7am outros. Hoje, vamos poder ver que alguns professores v\u00e3o ficar est\u00e1veis (em suas salas de aula)\u201d,<\/em>\u00a0contou a representante dos docentes.<\/p>\n\n\n\n<h3 class=\"wp-block-heading\">Pr\u00f3ximos passos<\/h3>\n\n\n\n<p>Agora, os <strong>pr\u00f3ximos passos <\/strong>s\u00e3o: formar a comiss\u00e3o; discutir o cronograma; escolher a banca e publicar o edital.<\/p>\n\n\n\n<p>Al\u00e9m disso, de acordo com a secret\u00e1ria da Educa\u00e7\u00e3o, Eliana Estrela, os procedimentos\u00a0<strong>ser\u00e3o realizados com celeridade<\/strong>\u00a0para que tudo ocorra o mais r\u00e1pido poss\u00edvel. <\/p>\n\n\n\n<p>Sendo assim, \u00e9 poss\u00edvel que o edital seja publicado<strong>\u00a0ainda este ano<\/strong>, at\u00e9 o m\u00eas de dezembro. <\/p>\n\n\n\n<p><em>\u201cAgora, vamos botar a m\u00e3o na massa para que em nenhum momento pare esse processo. Nosso compromisso \u00e9 que tudo possa acontecer o mais r\u00e1pido poss\u00edvel. Estivemos o tempo todo em uma mesa de negocia\u00e7\u00e3o, olhando as vagas. Tudo isso foi constru\u00eddo com cada um. \u00c9 um marco importante para que a gente possa construir uma educa\u00e7\u00e3o cada vez melhor<\/em>\u201c, disse ela.<\/p>\n\n\n\n<p><\/p>\n\n\n\n<figure class=\"wp-block-image size-large\"><a href=\"https:\/\/aprovacao.novaconcursos.com.br\/assinatura\" target=\"_blank\" rel=\"noreferrer noopener\"><img decoding=\"async\" src=\"https:\/\/www.novaconcursos.com.br\/portal\/wp-content\/uploads\/2022\/01\/Faixa-Frete-Gr%E2%80%A0tis-portal.png\" alt=\"assinatura completa\" class=\"wp-image-153078\" loading=\"lazy\" title=\"\"><\/a><figcaption><\/figcaption><\/figure>","protected":false},"excerpt":{"rendered":"<p>\u00d3tima not\u00edcia, concurseiros! O\u00a0concurso Seduc CE\u00a0(Secretaria de Educa\u00e7\u00e3o do Cear\u00e1) est\u00e1 confirmado; ele foi aprovado pela Assembleia Legislativa. Ser\u00e3o 200 vagas para Professores Ind\u00edgenas que contemplar\u00e3o 13 etnias. Confira:\u00a0Guia Definitivo Como montar um mapa mental (Gr\u00e1tis) Estude para o concurso dos seus sonhos com o\u00a0M\u00e9todo\u00a0que j\u00e1 ajudou na\u00a0aprova\u00e7\u00e3o de mais de 70 mil alunos.\u00a0Clique aqui\u00a0e [&hellip;]<\/p>\n","protected":false},"author":54671,"featured_media":161392,"comment_status":"closed","ping_status":"closed","sticky":false,"template":"","format":"standard","meta":{"_acf_changed":false,"footnotes":"","_wp_rev_ctl_limit":""},"categories":[228],"tags":[],"class_list":["post-165010","post","type-post","status-publish","format-standard","has-post-thumbnail","hentry","category-noticias"],"acf":[],"_links":{"self":[{"href":"https:\/\/www.novaconcursos.com.br\/portal\/wp-json\/wp\/v2\/posts\/165010","targetHints":{"allow":["GET"]}}],"collection":[{"href":"https:\/\/www.novaconcursos.com.br\/portal\/wp-json\/wp\/v2\/posts"}],"about":[{"href":"https:\/\/www.novaconcursos.com.br\/portal\/wp-json\/wp\/v2\/types\/post"}],"author":[{"embeddable":true,"href":"https:\/\/www.novaconcursos.com.br\/portal\/wp-json\/wp\/v2\/users\/54671"}],"replies":[{"embeddable":true,"href":"https:\/\/www.novaconcursos.com.br\/portal\/wp-json\/wp\/v2\/comments?post=165010"}],"version-history":[{"count":4,"href":"https:\/\/www.novaconcursos.com.br\/portal\/wp-json\/wp\/v2\/posts\/165010\/revisions"}],"predecessor-version":[{"id":165017,"href":"https:\/\/www.novaconcursos.com.br\/portal\/wp-json\/wp\/v2\/posts\/165010\/revisions\/165017"}],"wp:featuredmedia":[{"embeddable":true,"href":"https:\/\/www.novaconcursos.com.br\/portal\/wp-json\/wp\/v2\/media\/161392"}],"wp:attachment":[{"href":"https:\/\/www.novaconcursos.com.br\/portal\/wp-json\/wp\/v2\/media?parent=165010"}],"wp:term":[{"taxonomy":"category","embeddable":true,"href":"https:\/\/www.novaconcursos.com.br\/portal\/wp-json\/wp\/v2\/categories?post=165010"},{"taxonomy":"post_tag","embeddable":true,"href":"https:\/\/www.novaconcursos.com.br\/portal\/wp-json\/wp\/v2\/tags?post=165010"}],"curies":[{"name":"wp","href":"https:\/\/api.w.org\/{rel}","templated":true}]}}