{"id":165521,"date":"2022-07-20T12:14:30","date_gmt":"2022-07-20T15:14:30","guid":{"rendered":"https:\/\/www.novaconcursos.com.br\/portal\/?p=165521"},"modified":"2022-07-20T12:14:35","modified_gmt":"2022-07-20T15:14:35","slug":"concurso-detran-rn-greve-suspensa-nova-selecao","status":"publish","type":"post","link":"https:\/\/www.novaconcursos.com.br\/portal\/noticias\/concurso-detran-rn-greve-suspensa-nova-selecao\/","title":{"rendered":"Concurso Detran RN: Greve suspensa. Governadora informa que realizar\u00e1 nova sele\u00e7\u00e3o!"},"content":{"rendered":"<p>Aten\u00e7\u00e3o, concurseiros! Enfim um novo <strong>concurso Detran RN<\/strong> (Departamento de Tr\u00e2nsito do Rio Grande do Norte) <strong>deve ser publicado<\/strong>. A governador confirmou a sele\u00e7\u00e3o, o que fez a <strong>greve <\/strong>dos servidores ser <strong>suspensa<\/strong>. Veja!<\/p>\n\n\n\n<ul class=\"wp-block-list\"><li><strong>Confira:<\/strong>\u00a0<a rel=\"noreferrer noopener\" aria-label=\" (abre numa nova aba)\" href=\"https:\/\/www.novaconcursos.com.br\/eventos\/guia-definitivo-como-montar-um-mapa-mental\/\" target=\"_blank\">Guia Definitivo Como montar um mapa mental (Gr\u00e1tis)<\/a><\/li><\/ul><p><\/p>\n\n\n\n<p>Estude para o concurso dos seus sonhos com o\u00a0<strong>M\u00e9todo<\/strong>\u00a0que j\u00e1 ajudou na\u00a0<strong>aprova\u00e7\u00e3o de mais de 70 mil alunos.<\/strong>\u00a0<a rel=\"noreferrer noopener\" aria-label=\" (abre numa nova aba)\" href=\"https:\/\/aprovacao.novaconcursos.com.br\/assinatura\" target=\"_blank\">Clique aqui<\/a>\u00a0e saiba mais!<\/p>\n\n\n\n<h2 class=\"wp-block-heading\" id=\"concurso-detran-rn-novo-edital-em-2022\">Concurso Detran RN: novo edital em 2022?<\/h2>\n\n\n\n<p>Ao que tudo indica sim. Pelo menos \u00e9 o que <strong>citou <\/strong>a governadora do <a href=\"https:\/\/www.novaconcursos.com.br\/portal\/concursos-previstos\/rn\/\">Rio Grande do Norte<\/a>, F\u00e1tima Bezerra, nesta <strong>semana<\/strong>.<\/p>\n\n\n\n<p>Com o an\u00fancio dela, os <strong>servidores <\/strong>do Departamento Estadual de Tr\u00e2nsito <strong>suspenderam a greve<\/strong> que vinha sendo realizada no estado.<\/p>\n\n\n\n<p>Sendo assim, a decis\u00e3o de <strong>suspens\u00e3o <\/strong>foi tomada logo ap\u00f3s uma reuni\u00e3o que foi promovida em assembleia no dia <strong>15 de julho.<\/strong><\/p>\n\n\n\n<p>Al\u00e9m disso, uma assinatura do <strong>Termo de Ajustamento de Gest\u00e3o<\/strong> (TAG) foi solicitado formalmente ao Minist\u00e9rio P\u00fablico de Contas.<\/p>\n\n\n\n<p>Assim, o estado poder\u00e1 dar <strong>prosseguimento aos tr\u00e2mites<\/strong> do novo edital caso haja aprova\u00e7\u00e3o do termo.<\/p>\n\n\n\n<h2 class=\"wp-block-heading\" id=\"concurso-detran-rn-foi-anunciado-no-comeo-do-ano\">Concurso Detran RN foi anunciado no come\u00e7o do ano<\/h2>\n\n\n\n<p>Em <strong>janeiro <\/strong>deste ano, a secret\u00e1ria de Estado da Administra\u00e7\u00e3o e dos Recursos Humanos, Virg\u00ednia Ferreira, <strong>confirmou <\/strong>que o edital estava nos planos do governo. <\/p>\n\n\n\n<p>Assim, a informa\u00e7\u00e3o foi dada durante transmiss\u00e3o ao vivo pelas redes sociais, juntamente com o governador<strong>\u00a0F\u00e1tima Bezerra.<\/strong><\/p>\n\n\n\n<p>Al\u00e9m disso, na \u00e9poca a secret\u00e1ria afirmou que estava sendo realizado o\u00a0<strong>levantamento de vagas\u00a0<\/strong>para o certame.<\/p>\n\n\n\n<p>Entretanto, com a <strong>demora em seus tr\u00e2mites<\/strong>, os servidores iniciaram uma greve no decorrer do ano, o que aumentou a press\u00e3o sobre a sele\u00e7\u00e3o. <\/p>\n\n\n\n<h3 class=\"wp-block-heading\"><strong>Previs\u00e3o \u00e9 para mais de 100 vagas<\/strong><\/h3>\n\n\n\n<p>O Departamento de Tr\u00e2nsito do <a href=\"https:\/\/www.novaconcursos.com.br\/portal\/concursos-abertos\/rn\/\">Rio Grande do Norte<\/a> tem a\u00a0<strong>previs\u00e3o\u00a0<\/strong>de ofertar um total de\u00a0<strong>130 vagas.\u00a0<\/strong>Lembrando que o n\u00famero ainda est\u00e1 sendo estudado!<\/p>\n\n\n\n<p>Vale destacar que a listagem de vagas estava prevista para ser publicada em dezembro de 2021, entretanto,\u00a0<strong>isso n\u00e3o aconteceu<\/strong> at\u00e9 o momento.<\/p>\n\n\n\n<p>Assim, poder\u00e3o ser oportunidades para os\u00a0<strong>n\u00edveis m\u00e9dio\/t\u00e9cnico e superior<\/strong>. <\/p>\n\n\n\n<p>De acordo com a Assessoria, a situa\u00e7\u00e3o da\u00a0<strong>pandemia\u00a0<\/strong><em>\u201cgerou um atraso na elabora\u00e7\u00e3o do relat\u00f3rio de levantamento das vagas\u201d<\/em>, afirmou.<\/p>\n\n\n\n<h3 class=\"wp-block-heading\"><strong>Veja poss\u00edveis cargos<\/strong><\/h3>\n\n\n\n<p>Ademais, uma\u00a0<strong>comiss\u00e3o organizadora<\/strong>\u00a0chegou a ser formada em 2018 e informou que o concurso teria vagas para dois cargos.<\/p>\n\n\n\n<p>Assim, seriam oportunidades para\u00a0<strong>Assistente T\u00e9cnico (n\u00edveis m\u00e9dio e t\u00e9cnico) e Assessor T\u00e9cnico (superior)<\/strong>.<\/p>\n\n\n\n<p>Entretanto, j\u00e1 se passaram<strong>\u00a0quatro anos<\/strong>, ou seja, \u00e9 poss\u00edvel que algo seja mudado. Al\u00e9m disso, os\u00a0<strong>sal\u00e1rios\u00a0<\/strong>tamb\u00e9m n\u00e3o foram divulgados.<\/p>\n\n\n\n<h2 class=\"wp-block-heading\" id=\"ltimo-concurso-detran-rn-foi-h-12-anos\">\u00daltimo concurso Detran RN foi h\u00e1 12 anos<\/h2>\n\n\n\n<p>Sendo assim, o \u00faltimo concurso Detran RN foi <strong>realizado em 2010<\/strong>, ou seja, h\u00e1 12 anos, o que aumenta tamb\u00e9m mais ainda a <strong>press\u00e3o<\/strong>. <\/p>\n\n\n\n<p>Na \u00e9poca, o certame foi organizado pela <strong>Funda\u00e7\u00e3o Get\u00falio Vargas<\/strong> (FGV) e teve <strong>285 vagas<\/strong> imediatas. Confira:<\/p>\n\n\n\n<ul class=\"wp-block-list\"><li><strong>Assessor T\u00e9cnico<\/strong><ul><li>Administrativa \u2013 15 vagas ampla e 1 vaga PCDs;<\/li><li>Administrativa (Gerenciamento de Recursos Humanos) \u2013 2 vagas ampla e 1 PCDs<\/li><li>Arquitetura \u2013 1 vaga ampla<\/li><li>Comunica\u00e7\u00e3o (Rela\u00e7\u00f5es P\u00fablicas) \u2013 1 vaga ampla<\/li><li>Comunica\u00e7\u00e3o (Jornalismo) \u2013 1 vaga ampla<\/li><li>Contabilidade \u2013 1 vaga ampla<\/li><li>Economia \u2013 1 vaga ampla<\/li><li>Engenharia Civil \u2013 1 vaga ampla<\/li><li>Engenharia El\u00e9trica \u2013 1 vaga ampla<\/li><li>Estat\u00edstica \u2013 2 vagas ampla e 1 vaga PCDS<\/li><li>Inform\u00e1tica <ul><li>Gerenciamento de Projetos \u2013 1 vaga ampla e 1 vaga PCDs<\/li><li>Administra\u00e7\u00e3o de Bancos de Dados \u2013 1 vaga ampla<\/li><li>Administra\u00e7\u00e3o de Rede \u2013 1 vaga ampla<\/li><li>An\u00e1lise de Sistemas \u2013 2 vagas ampla e 1 vaga PCDs<\/li><\/ul><\/li><li>Medicina \u2013 3 vagas ampla e 1 PCDs<\/li><li>Educa\u00e7\u00e3o (Psicologia) \u2013 2 vagas ampla e 1 PCDs<\/li><li>Educa\u00e7\u00e3o (Letras) \u2013 1 vaga ampla<\/li><li>Psicologia (Avalia\u00e7\u00e3o Psicol\u00f3gica) \u2013 1 vaga ampla e 1 vaga PCDs<\/li><li>Psicologia (Administrativa) \u2013 1 vaga ampla<\/li><\/ul><\/li><li><strong>Assistente T\u00e9cnico<\/strong><ul><li>Administrativa \u2013 155 vagas ampla e 8 PCDs<\/li><li>T\u00e9cnica (Constru\u00e7\u00e3o Civil) \u2013 1 vaga ampla<\/li><li>T\u00e9cnica (Eletrot\u00e9cnica) \u2013 1 vaga ampla<\/li><\/ul><\/li><li><strong>Analista de Suporte<\/strong><ul><li>Inform\u00e1tica \u2013 5 vagas ampla e 1 PCDs<\/li><\/ul><\/li><li><strong>Eletricista\/Programador<\/strong><ul><li>T\u00e9cnica \u2013 1 vaga ampla e 1 vaga PCDs<\/li><\/ul><\/li><li><strong>Programador<\/strong><ul><li>Inform\u00e1tica \u2013 5 vagas ampla e 1 vaga PCDs<\/li><\/ul><\/li><li><strong>Vistoriador\/Emplacador<\/strong><ul><li>Inspe\u00e7\u00e3o Veicular \u2013 38 ampla e 2 PCDs<\/li><li>Emplacamento de Ve\u00edculos \u2013 18 vagas ampla e 1 vaga PCDs<\/li><\/ul><\/li><\/ul><p><\/p>\n\n\n\n<p><\/p>\n\n\n\n<p>Al\u00e9m disso, os candidatos foram avaliados por meio de provas objetivas, que contou com quest\u00f5es de:<\/p>\n\n\n\n<ul class=\"wp-block-list\"><li>L\u00edngua Portuguesa \u2013 12 quest\u00f5es;<\/li><li>Inform\u00e1tica \u2013 6 quest\u00f5es;<\/li><li>Quest\u00f5es t\u00e9cnicas \u2013 24 quest\u00f5es;<\/li><li>Legisla\u00e7\u00e3o de tr\u00e2nsito \u2013 12 quest\u00f5es; e<\/li><li>Conhecimentos gerais \u2013 6 quest\u00f5es.<\/li><\/ul><p><\/p>\n\n\n\n<p>Ademais, os aprovados receberam sal\u00e1rios iniciais de at\u00e9\u00a0<strong>R$ 2.337,31<\/strong>. Entretanto, com o decorrer dos anos, os valores podem ser maiores.<\/p>\n\n\n\n<figure class=\"wp-block-image size-large\"><a href=\"https:\/\/aprovacao.novaconcursos.com.br\/assinatura\" target=\"_blank\" rel=\"noreferrer noopener\"><img decoding=\"async\" src=\"https:\/\/www.novaconcursos.com.br\/portal\/wp-content\/uploads\/2022\/01\/Faixa-Frete-Gr%E2%80%A0tis-portal.png\" alt=\"assinatura completa\" class=\"wp-image-153078\" loading=\"lazy\" title=\"\"><\/a><figcaption><\/figcaption><\/figure>","protected":false},"excerpt":{"rendered":"<p>Aten\u00e7\u00e3o, concurseiros! Enfim um novo concurso Detran RN (Departamento de Tr\u00e2nsito do Rio Grande do Norte) deve ser publicado. A governador confirmou a sele\u00e7\u00e3o, o que fez a greve dos servidores ser suspensa. Veja! Confira:\u00a0Guia Definitivo Como montar um mapa mental (Gr\u00e1tis) Estude para o concurso dos seus sonhos com o\u00a0M\u00e9todo\u00a0que j\u00e1 ajudou na\u00a0aprova\u00e7\u00e3o de [&hellip;]<\/p>\n","protected":false},"author":54671,"featured_media":165522,"comment_status":"closed","ping_status":"closed","sticky":false,"template":"","format":"standard","meta":{"_acf_changed":false,"footnotes":"","_wp_rev_ctl_limit":""},"categories":[228],"tags":[],"class_list":["post-165521","post","type-post","status-publish","format-standard","has-post-thumbnail","hentry","category-noticias"],"acf":[],"_links":{"self":[{"href":"https:\/\/www.novaconcursos.com.br\/portal\/wp-json\/wp\/v2\/posts\/165521","targetHints":{"allow":["GET"]}}],"collection":[{"href":"https:\/\/www.novaconcursos.com.br\/portal\/wp-json\/wp\/v2\/posts"}],"about":[{"href":"https:\/\/www.novaconcursos.com.br\/portal\/wp-json\/wp\/v2\/types\/post"}],"author":[{"embeddable":true,"href":"https:\/\/www.novaconcursos.com.br\/portal\/wp-json\/wp\/v2\/users\/54671"}],"replies":[{"embeddable":true,"href":"https:\/\/www.novaconcursos.com.br\/portal\/wp-json\/wp\/v2\/comments?post=165521"}],"version-history":[{"count":6,"href":"https:\/\/www.novaconcursos.com.br\/portal\/wp-json\/wp\/v2\/posts\/165521\/revisions"}],"predecessor-version":[{"id":165533,"href":"https:\/\/www.novaconcursos.com.br\/portal\/wp-json\/wp\/v2\/posts\/165521\/revisions\/165533"}],"wp:featuredmedia":[{"embeddable":true,"href":"https:\/\/www.novaconcursos.com.br\/portal\/wp-json\/wp\/v2\/media\/165522"}],"wp:attachment":[{"href":"https:\/\/www.novaconcursos.com.br\/portal\/wp-json\/wp\/v2\/media?parent=165521"}],"wp:term":[{"taxonomy":"category","embeddable":true,"href":"https:\/\/www.novaconcursos.com.br\/portal\/wp-json\/wp\/v2\/categories?post=165521"},{"taxonomy":"post_tag","embeddable":true,"href":"https:\/\/www.novaconcursos.com.br\/portal\/wp-json\/wp\/v2\/tags?post=165521"}],"curies":[{"name":"wp","href":"https:\/\/api.w.org\/{rel}","templated":true}]}}