{"id":166013,"date":"2022-07-25T10:20:35","date_gmt":"2022-07-25T13:20:35","guid":{"rendered":"https:\/\/www.novaconcursos.com.br\/portal\/?p=166013"},"modified":"2022-07-25T10:20:40","modified_gmt":"2022-07-25T13:20:40","slug":"concurso-trt-mg-fumarc-sera-a-banca-da-nova-selecao","status":"publish","type":"post","link":"https:\/\/www.novaconcursos.com.br\/portal\/noticias\/concurso-trt-mg-fumarc-sera-a-banca-da-nova-selecao\/","title":{"rendered":"Concurso TRT MG: Fumarc ser\u00e1 a banca da nova sele\u00e7\u00e3o!"},"content":{"rendered":"<p>Aten\u00e7\u00e3o, concurseiros! O\u00a0<strong>edital<\/strong>\u00a0do\u00a0<a href=\"https:\/\/www.novaconcursos.com.br\/portal\/concursos\/concurso-trt-mg\/\">concurso TRT MG<\/a>\u00a0tem previs\u00e3o de ser publicado<strong>\u00a0at\u00e9 agosto<\/strong>. A banca foi confirmada e ser\u00e1 a\u00a0<strong>Fumarc<\/strong>. Agora s\u00f3 falta a assinatura do contrato. Veja <strong>como foram as \u00faltimas provas!<\/strong><\/p>\n\n\n\n<ul class=\"wp-block-list\"><li><strong>Confira:\u00a0<\/strong><a href=\"https:\/\/www.novaconcursos.com.br\/livro-impresso\/questoes-a-trt-tribunal-regional-trabalho\" target=\"_blank\" rel=\"noreferrer noopener\" aria-label=\" (abre numa nova aba)\">Livro de Quest\u00f5es Comentadas TRT<\/a><\/li><\/ul><p><\/p>\n\n\n\n<p>Estude para o concurso dos seus sonhos com o\u00a0<strong>M\u00e9todo<\/strong>\u00a0que j\u00e1 ajudou na\u00a0<strong>aprova\u00e7\u00e3o de mais de 70 mil alunos.<\/strong>\u00a0<a href=\"https:\/\/aprovacao.novaconcursos.com.br\/assinatura\" target=\"_blank\" rel=\"noreferrer noopener\" aria-label=\" (abre numa nova aba)\">Clique aqui<\/a>\u00a0e saiba mais!<\/p>\n\n\n\n<h2 class=\"wp-block-heading\" id=\"concurso-trt-mg-banca-confirmada-e-o-edital\">Concurso TRT MG: banca confirmada, e o edital?<\/h2>\n\n\n\n<p>\u00c9 o que os concurseiros querem saber! Assim, a <strong>previs\u00e3o <\/strong>continua mantida e o edital do concurso do Tribunal Regional do Trabalho de <a href=\"https:\/\/www.novaconcursos.com.br\/portal\/concursos-previstos\/mg\/\">Minas Gerais<\/a> <strong>deve sair at\u00e9 agosto.<\/strong><\/p>\n\n\n\n<p>Isso porque a <strong>banca <\/strong>organizadora foi definida nesta semana, faltando apenas a <strong>assinatura do contrato <\/strong>para que o documento possa ser publicado.<\/p>\n\n\n\n<p> Assim, de acordo com publica\u00e7\u00e3o no Di\u00e1rio Oficial da Uni\u00e3o desta segunda-feira (25), a\u00a0<strong>Funda\u00e7\u00e3o Mariana Resende Costa (Fumarc)\u00a0<\/strong>ficar\u00e1 \u00e0 frente da sele\u00e7\u00e3o. <\/p>\n\n\n\n<p>Portanto, os tr\u00e2mites devem ser conclu\u00eddos <strong>em breve,<\/strong> uma vez que o presidente do tribunal, o desembargador Ricardo Mohallem, confirmou as <strong>provas para outubro.<\/strong><\/p>\n\n\n\n<p>Ademais, vale recordar que o edital foi\u00a0<strong>oficialmente autorizado<\/strong>\u00a0no dia\u00a0<strong>11 de abril<\/strong>, por meio de publica\u00e7\u00e3o no Di\u00e1rio de Justi\u00e7a Eletr\u00f4nico.<\/p>\n\n\n\n<h3 class=\"wp-block-heading\"><strong>Vagas, cargos e sal\u00e1rios<\/strong><\/h3>\n\n\n\n<p>Em suma, o concurso do Tribunal Regional do Trabalho de\u00a0<a href=\"https:\/\/www.novaconcursos.com.br\/portal\/concursos-abertos\/mg\/\">Minas Gerais<\/a> ofertar\u00e1 vagas de\u00a0<strong>n\u00edveis m\u00e9dio e superior<\/strong>.<\/p>\n\n\n\n<p>Assim, ser\u00e3o oportunidades entre os cargos de\u00a0<strong>T\u00e9cnico e Analista Judici\u00e1rio.<\/strong> Entretanto, o quantitativo de vagas ainda\u00a0<strong>n\u00e3o foi confirmado<\/strong>.<\/p>\n\n\n\n<p>Mas, vale destacar que atualmente o tribunal conta com cerca de\u00a0<strong>425 cargos vagos<\/strong>, n\u00famero que pode ser ofertado na nova sele\u00e7\u00e3o.<\/p>\n\n\n\n<p>Ademais, vale destacar que os\u00a0<strong>sal\u00e1rios<\/strong>\u00a0recebidos por esses cargos, j\u00e1 incluindo a Gratifica\u00e7\u00e3o de Atividade Judici\u00e1rio\u00a0<strong>(GAJ),<\/strong>\u00a0s\u00e3o os seguintes:<\/p>\n\n\n\n<ul class=\"wp-block-list\"><li><strong>T\u00e9cnico Judici\u00e1rio:<\/strong><ul><li>Inicial: R$ 7.591,37<\/li><li>Final: R$ 11.389,39<\/li><\/ul><\/li><li><strong>Analista Judici\u00e1rio:<\/strong><ul><li>Inicial: R$ 12.455,30<\/li><li>Final: R$ 18.701,52<\/li><\/ul><\/li><\/ul><p><\/p>\n\n\n\n<h2 class=\"wp-block-heading\" id=\"como-foram-as-provas-do-ltimo-concurso-trt-mg\">Como foram as provas do \u00faltimo concurso TRT MG?<\/h2>\n\n\n\n<p>Ademais, a \u00faltima sele\u00e7\u00e3o para o TRT MG aconteceu em 2015, quando os inscritos foram avaliados por meio de\u00a0<strong>Prova Objetiva e Estudo de Caso<\/strong>.<\/p>\n\n\n\n<p>Nesse sentido, os candidatos responderam a\u00a0<strong>60 quest\u00f5es<\/strong>\u00a0sobre Conhecimentos B\u00e1sicos e Espec\u00edficos, al\u00e9m de um estudo de caso. Portanto, veja:<\/p>\n\n\n\n<ul class=\"wp-block-list\"><li><strong>Conhecimentos B\u00e1sicos<\/strong>\u00a0\u2013 20 quest\u00f5es (peso 1) \u2013 L\u00edngua Portuguesa e Regimento Interno do TRT da 3\u00aa Regi\u00e3o<\/li><li><strong>Conhecimentos Espec\u00edficos<\/strong>\u00a0\u2013 40 quest\u00f5es (peso 3)<\/li><li><strong>Estudo de Caso<\/strong>\u00a0\u2013 2 quest\u00f5es (peso 1) \u2013 2 quest\u00f5es discursivas<\/li><\/ul><p><\/p>\n\n\n\n<p>Ainda, veja abaixo\u00a0<strong>detalhes das disciplinas<\/strong>\u00a0que foram cobradas na parte de Conhecimentos B\u00e1sicos e inicie os estudos:<\/p>\n\n\n\n<ul class=\"wp-block-list\"><li><strong>L\u00edngua portuguesa:\u00a0<\/strong>ortografia oficial, acentua\u00e7\u00e3o, pontua\u00e7\u00e3o, flex\u00e3o, pronomes, coes\u00e3o, tempos e modos verbais, concord\u00e2ncia, reg\u00eancia, sintaxe, reda\u00e7\u00e3o, compreens\u00e3o e interpreta\u00e7\u00e3o de textos de g\u00eaneros variados, adequa\u00e7\u00e3o da linguagem e formato do texto ao g\u00eanero textual.<\/li><li><strong>Regimento interno do TRT 3\u00aa Regi\u00e3o:\u00a0<\/strong><ul><li>T\u00edtulo I \u2013 Do Tribunal:<ul><li>Cap\u00edtulo I \u2013 Disposi\u00e7\u00f5es Preliminares;<\/li><li>II \u2013 Da Organiza\u00e7\u00e3o do Tribunal; Cap\u00edtulo<\/li><li>III \u2013 Do Tribunal Pleno;<\/li><li>IV \u2013 Do \u00d3rg\u00e3o Especial;<\/li><li>V \u2013 Do Presidente do Tribunal;<\/li><li>VI \u2013 Das 1\u00aa e 2\u00aa Vice-Presid\u00eancias;<\/li><li>VII \u2013 Da Corregedoria:<ul><li>Se\u00e7\u00e3o I \u2013 Da Secretaria da Corregedoria,<\/li><li>II \u2013 Da Compet\u00eancia do Corregedor e do Vice \u2013 Corregedor.<\/li><\/ul><\/li><\/ul><\/li><li>T\u00edtulo II \u2013 Da Ordem de Servi\u00e7o no Tribunal:<ul><li>Cap\u00edtulo I \u2013 Do Cadastramento e da Distribui\u00e7\u00e3o de Processos;<\/li><li>II \u2013 Do Relator e do Revisor;<\/li><li>III \u2013 Das Pautas de Julgamento;<\/li><li>IV \u2013 Das Sess\u00f5es;<\/li><li>V \u2013 Dos Ac\u00f3rd\u00e3os;<\/li><li>VI \u2013 Da Execu\u00e7\u00e3o contra a Fazenda P\u00fablica.<\/li><\/ul><\/li><li>T\u00edtulo IV \u2013 Das Comiss\u00f5es:<ul><li>Cap\u00edtulo I \u2013 Das Disposi\u00e7\u00f5es Gerais;<\/li><li>II \u2013 Da Comiss\u00e3o de Regimento Interno;<\/li><li>III \u2013 Da Comiss\u00e3o de Jurisprud\u00eancia;<\/li><li>IV \u2013 Da Comiss\u00e3o de Inform\u00e1tica;<\/li><li>V \u2013 Da Comiss\u00e3o de Planejamento Estrat\u00e9gico.<\/li><\/ul><\/li><li>T\u00edtulo V \u2013 Dos Servi\u00e7os Administrativos.<\/li><\/ul><\/li><li><strong>Conhecimentos espec\u00edficos:<\/strong>\u00a0de acordo com o cargo pretendido.<\/li><\/ul><p><\/p>\n\n\n\n<figure class=\"wp-block-image size-large\"><a href=\"https:\/\/aprovacao.novaconcursos.com.br\/assinatura\" target=\"_blank\" rel=\"noreferrer noopener\"><img decoding=\"async\" src=\"https:\/\/www.novaconcursos.com.br\/portal\/wp-content\/uploads\/2022\/01\/Faixa-Frete-Gr%E2%80%A0tis-portal.png\" alt=\"assinatura completa\" class=\"wp-image-153078\" loading=\"lazy\" title=\"\"><\/a><figcaption><\/figcaption><\/figure>","protected":false},"excerpt":{"rendered":"<p>Aten\u00e7\u00e3o, concurseiros! O\u00a0edital\u00a0do\u00a0concurso TRT MG\u00a0tem previs\u00e3o de ser publicado\u00a0at\u00e9 agosto. A banca foi confirmada e ser\u00e1 a\u00a0Fumarc. Agora s\u00f3 falta a assinatura do contrato. Veja como foram as \u00faltimas provas! Confira:\u00a0Livro de Quest\u00f5es Comentadas TRT Estude para o concurso dos seus sonhos com o\u00a0M\u00e9todo\u00a0que j\u00e1 ajudou na\u00a0aprova\u00e7\u00e3o de mais de 70 mil alunos.\u00a0Clique aqui\u00a0e saiba [&hellip;]<\/p>\n","protected":false},"author":54671,"featured_media":158929,"comment_status":"closed","ping_status":"closed","sticky":false,"template":"","format":"standard","meta":{"_acf_changed":false,"footnotes":"","_wp_rev_ctl_limit":""},"categories":[228],"tags":[],"class_list":["post-166013","post","type-post","status-publish","format-standard","has-post-thumbnail","hentry","category-noticias"],"acf":[],"_links":{"self":[{"href":"https:\/\/www.novaconcursos.com.br\/portal\/wp-json\/wp\/v2\/posts\/166013","targetHints":{"allow":["GET"]}}],"collection":[{"href":"https:\/\/www.novaconcursos.com.br\/portal\/wp-json\/wp\/v2\/posts"}],"about":[{"href":"https:\/\/www.novaconcursos.com.br\/portal\/wp-json\/wp\/v2\/types\/post"}],"author":[{"embeddable":true,"href":"https:\/\/www.novaconcursos.com.br\/portal\/wp-json\/wp\/v2\/users\/54671"}],"replies":[{"embeddable":true,"href":"https:\/\/www.novaconcursos.com.br\/portal\/wp-json\/wp\/v2\/comments?post=166013"}],"version-history":[{"count":6,"href":"https:\/\/www.novaconcursos.com.br\/portal\/wp-json\/wp\/v2\/posts\/166013\/revisions"}],"predecessor-version":[{"id":166019,"href":"https:\/\/www.novaconcursos.com.br\/portal\/wp-json\/wp\/v2\/posts\/166013\/revisions\/166019"}],"wp:featuredmedia":[{"embeddable":true,"href":"https:\/\/www.novaconcursos.com.br\/portal\/wp-json\/wp\/v2\/media\/158929"}],"wp:attachment":[{"href":"https:\/\/www.novaconcursos.com.br\/portal\/wp-json\/wp\/v2\/media?parent=166013"}],"wp:term":[{"taxonomy":"category","embeddable":true,"href":"https:\/\/www.novaconcursos.com.br\/portal\/wp-json\/wp\/v2\/categories?post=166013"},{"taxonomy":"post_tag","embeddable":true,"href":"https:\/\/www.novaconcursos.com.br\/portal\/wp-json\/wp\/v2\/tags?post=166013"}],"curies":[{"name":"wp","href":"https:\/\/api.w.org\/{rel}","templated":true}]}}