{"id":166217,"date":"2022-07-26T10:17:49","date_gmt":"2022-07-26T13:17:49","guid":{"rendered":"https:\/\/www.novaconcursos.com.br\/portal\/?p=166217"},"modified":"2022-07-26T10:17:53","modified_gmt":"2022-07-26T13:17:53","slug":"concurso-detran-df-publicada-dispensa-de-licitacao","status":"publish","type":"post","link":"https:\/\/www.novaconcursos.com.br\/portal\/noticias\/concurso-detran-df-publicada-dispensa-de-licitacao\/","title":{"rendered":"Concurso Detran DF: Publicada dispensa de licita\u00e7\u00e3o. Edital at\u00e9 31\/07!"},"content":{"rendered":"<p>Aten\u00e7\u00e3o concurseiros! Um novo\u00a0<a href=\"https:\/\/www.novaconcursos.com.br\/portal\/concursos\/concurso-detran-df\/\">concurso Detran DF<\/a>\u00a0<strong>dever\u00e1 ter edital ainda em julho<\/strong>; a previs\u00e3o \u00e9 que ele saia at\u00e9 dia 31. Nesta semana foi publicada a <strong>dispensa de licita\u00e7\u00e3o<\/strong>. Veja!<\/p>\n\n\n\n<ul class=\"wp-block-list\"><li><strong>Confira:<\/strong>\u00a0<a href=\"https:\/\/www.novaconcursos.com.br\/eventos\/guia-definitivo-plano-de-estudos-passo-a-passo\/\" target=\"_blank\" rel=\"noreferrer noopener\" aria-label=\" (abre numa nova aba)\">Material gr\u00e1tis \u2013 Guia Definitivo Plano de Estudos<\/a><\/li><\/ul><p><\/p>\n\n\n\n<p>Estude para o concurso dos seus sonhos com o\u00a0<strong>M\u00e9todo<\/strong>\u00a0que j\u00e1 ajudou na\u00a0<strong>aprova\u00e7\u00e3o de mais de 70 mil alunos.<\/strong>\u00a0<a href=\"https:\/\/aprovacao.novaconcursos.com.br\/assinatura\" target=\"_blank\" rel=\"noreferrer noopener\" aria-label=\" (abre numa nova aba)\">Clique aqui<\/a>\u00a0e saiba mais!<\/p>\n\n\n\n<h2 class=\"wp-block-heading\" id=\"concurso-detran-df-edital-ainda-em-julho\">Concurso Detran DF: edital ainda em julho<\/h2>\n\n\n\n<p>Os\u00a0<strong>tr\u00e2mites\u00a0<\/strong>para publica\u00e7\u00e3o do concurso do Departamento de Tr\u00e2nsito do\u00a0<a href=\"https:\/\/www.novaconcursos.com.br\/portal\/concursos-previstos\/df\/\">Distrito Federal<\/a>\u00a0continuam\u00a0<strong>avan\u00e7ando<\/strong>.<\/p>\n\n\n\n<ul class=\"wp-block-list\"><li><strong>Adquira:<\/strong>\u00a0<a href=\"https:\/\/www.novaconcursos.com.br\/concurso\/detran-df\/apostila\">Apostila completa Detran DF<\/a><\/li><\/ul><p><\/p>\n\n\n\n<p>Nesta semana foi publicada a<strong> dispensa de licita\u00e7\u00e3o<\/strong>, confirmando o\u00a0Instituto Brasileiro de Forma\u00e7\u00e3o e Capacita\u00e7\u00e3o (<strong>IBFC<\/strong>) como banca organizadora.<\/p>\n\n\n\n<p>Assim, o IBFC ser\u00e1 <strong>respons\u00e1vel<\/strong> por receber as inscri\u00e7\u00f5es e aplicar as etapas da sele\u00e7\u00e3o.<\/p>\n\n\n\n<p>Portanto, de acordo  om o diretor-geral do departamento, Thiago Nascimento, o<strong>\u00a0edital deve sair at\u00e9 o final de julho<\/strong>. <\/p>\n\n\n\n<p><em>\u201cA Secretaria de Economia saneou alguns questionamentos da PGDF e agora devem liberar o edital. Espero que at\u00e9 o final deste m\u00eas\u201d<\/em>, disse.<\/p>\n\n\n\n<p>Ademais, o diretor ainda afirmou que as\u00a0<strong>provas objetivas<\/strong>\u00a0est\u00e3o previstas para\u00a0<strong>outubro,<\/strong>\u00a0de maneira que as\u00a0<strong>nomea\u00e7\u00f5es<\/strong>\u00a0poder\u00e3o ocorrer em<strong>\u00a0novembro.<\/strong><\/p>\n\n\n\n<h2 class=\"wp-block-heading\" id=\"concurso-detran-df-vagas-cargos-e-salrios\"><strong>Concurso Detran DF: vagas, cargos e sal\u00e1rios<\/strong><\/h2>\n\n\n\n<p>Recentemente, durante entrevista no primeiro semestre, o diretor j\u00e1 deu<strong> mais detalhes<\/strong>\u00a0sobre o edital que est\u00e1 se aproximando.<\/p>\n\n\n\n<p>Em suma, o concurso ofertar\u00e1<strong>\u00a0366 vagas<\/strong> no total, sendo 123 <strong>imediatas<\/strong>\u00a0e 243 voltadas para a forma\u00e7\u00e3o de\u00a0<strong>cadastro reserva.<\/strong><\/p>\n\n\n\n<p>Sendo assim, confira a\u00a0<strong>distribui\u00e7\u00e3o\u00a0<\/strong>das vagas entre os cargos de\u00a0<strong>n\u00edveis m\u00e9dio e superior<\/strong>\u00a0a serem contemplados por esse edital:<\/p>\n\n\n\n<ul class=\"wp-block-list\"><li><strong>N\u00edvel M\u00e9dio<\/strong><ul><li>T\u00e9cnico \u2013 89 imediatas + 151 CR<\/li><\/ul><\/li><li><strong>N\u00edvel Superior<\/strong><ul><li>Analista \u2013 34 imediatas + 92 CR<\/li><\/ul><\/li><\/ul><p><\/p>\n\n\n\n<p>Al\u00e9m disso, o diretor-geral tamb\u00e9m informou que foi\u00a0<strong>aprovado\u00a0<\/strong>pelo GDF um\u00a0<strong>aumento salarial<\/strong>\u00a0para as carreiras administrativas.<\/p>\n\n\n\n<p>Portanto, com a decis\u00e3o, os cargos de\u00a0<strong>T\u00e9cnico e Analista\u00a0<\/strong>tamb\u00e9m foram contemplados.<\/p>\n\n\n\n<p>Dessa forma, as\u00a0<strong>remunera\u00e7\u00f5es iniciais<\/strong>\u00a0para esses cargos agora possuem os valores de\u00a0<strong>R$ 6 mil<\/strong>\u00a0para T\u00e9cnico e\u00a0<strong>R$ 9 mil\u00a0<\/strong>para Analista.<\/p>\n\n\n\n<h3 class=\"wp-block-heading\">Outro edital em 2022?<\/h3>\n\n\n\n<p>Segundo o \u00f3rg\u00e3o, um novo\u00a0concurso para o Departamento de Tr\u00e2nsito do\u00a0<a href=\"https:\/\/www.novaconcursos.com.br\/portal\/concursos-abertos\/df\/\">Distrito Federal<\/a> tamb\u00e9m est\u00e1 previsto\u00a0<strong>ainda para 2022<\/strong>, mais especificamente para o\u00a0<strong>segundo semestre.<\/strong><\/p>\n\n\n\n<p>Isso porque tamb\u00e9m dever\u00e1 ser realizada uma sele\u00e7\u00e3o para as carreiras de\u00a0<strong>Especialista e Agente,<\/strong>\u00a0de n\u00edvel superior.<\/p>\n\n\n\n<h2 class=\"wp-block-heading\" id=\"como-foram-as-provas-do-ltimo-concurso-detran-df\">Como foram as provas do \u00faltimo concurso Detran DF?<\/h2>\n\n\n\n<p>Quem quer come\u00e7ar a estudar para as\u00a0<strong>provas objetivas<\/strong>, poder\u00e1\u00a0<strong>usar como modelo\u00a0<\/strong>a \u00faltima prova?<\/p>\n\n\n\n<p>At\u00e9 que sim, mas o \u00faltimo concurso do \u00f3rg\u00e3o\u00a0<strong>aconteceu h\u00e1 mais de 10 anos<\/strong>, ou seja, muita coisa pode ter mudado de l\u00e1 pra c\u00e1.<\/p>\n\n\n\n<p>Assim, em 2011 foram ofertadas\u00a0<strong>100 vagas para Agente de Tr\u00e2nsito<\/strong>\u00a0e a organiza\u00e7\u00e3o ficou a cargo da banca\u00a0<strong>Funda\u00e7\u00e3o Universa.<\/strong> Veja as disciplinas:<\/p>\n\n\n\n<ul class=\"wp-block-list\"><li>L\u00edngua Portuguesa;<\/li><li>Atualidades;<\/li><li>No\u00e7\u00f5es de Direito Constitucional;<\/li><li>Lei Org\u00e2nica do Distrito Federal;<\/li><li>No\u00e7\u00f5es de Direito Penal;<ul><li>Direito Processual Penal;<\/li><li>Direito Administrativo;<\/li><\/ul><\/li><li>Microinform\u00e1tica;<\/li><li>Conhecimentos Espec\u00edficos.<\/li><\/ul><p><\/p>\n\n\n\n<figure class=\"wp-block-image size-large\"><a href=\"https:\/\/aprovacao.novaconcursos.com.br\/assinatura\" target=\"_blank\" rel=\"noreferrer noopener\"><img decoding=\"async\" src=\"https:\/\/www.novaconcursos.com.br\/portal\/wp-content\/uploads\/2022\/01\/Faixa-Frete-Gr%E2%80%A0tis-portal.png\" alt=\"assinatura completa\" class=\"wp-image-153078\" loading=\"lazy\" title=\"\"><\/a><figcaption><\/figcaption><\/figure>","protected":false},"excerpt":{"rendered":"<p>Aten\u00e7\u00e3o concurseiros! Um novo\u00a0concurso Detran DF\u00a0dever\u00e1 ter edital ainda em julho; a previs\u00e3o \u00e9 que ele saia at\u00e9 dia 31. Nesta semana foi publicada a dispensa de licita\u00e7\u00e3o. Veja! Confira:\u00a0Material gr\u00e1tis \u2013 Guia Definitivo Plano de Estudos Estude para o concurso dos seus sonhos com o\u00a0M\u00e9todo\u00a0que j\u00e1 ajudou na\u00a0aprova\u00e7\u00e3o de mais de 70 mil alunos.\u00a0Clique [&hellip;]<\/p>\n","protected":false},"author":54671,"featured_media":155915,"comment_status":"closed","ping_status":"closed","sticky":false,"template":"","format":"standard","meta":{"_acf_changed":false,"footnotes":"","_wp_rev_ctl_limit":""},"categories":[228],"tags":[],"class_list":["post-166217","post","type-post","status-publish","format-standard","has-post-thumbnail","hentry","category-noticias"],"acf":[],"_links":{"self":[{"href":"https:\/\/www.novaconcursos.com.br\/portal\/wp-json\/wp\/v2\/posts\/166217","targetHints":{"allow":["GET"]}}],"collection":[{"href":"https:\/\/www.novaconcursos.com.br\/portal\/wp-json\/wp\/v2\/posts"}],"about":[{"href":"https:\/\/www.novaconcursos.com.br\/portal\/wp-json\/wp\/v2\/types\/post"}],"author":[{"embeddable":true,"href":"https:\/\/www.novaconcursos.com.br\/portal\/wp-json\/wp\/v2\/users\/54671"}],"replies":[{"embeddable":true,"href":"https:\/\/www.novaconcursos.com.br\/portal\/wp-json\/wp\/v2\/comments?post=166217"}],"version-history":[{"count":4,"href":"https:\/\/www.novaconcursos.com.br\/portal\/wp-json\/wp\/v2\/posts\/166217\/revisions"}],"predecessor-version":[{"id":166223,"href":"https:\/\/www.novaconcursos.com.br\/portal\/wp-json\/wp\/v2\/posts\/166217\/revisions\/166223"}],"wp:featuredmedia":[{"embeddable":true,"href":"https:\/\/www.novaconcursos.com.br\/portal\/wp-json\/wp\/v2\/media\/155915"}],"wp:attachment":[{"href":"https:\/\/www.novaconcursos.com.br\/portal\/wp-json\/wp\/v2\/media?parent=166217"}],"wp:term":[{"taxonomy":"category","embeddable":true,"href":"https:\/\/www.novaconcursos.com.br\/portal\/wp-json\/wp\/v2\/categories?post=166217"},{"taxonomy":"post_tag","embeddable":true,"href":"https:\/\/www.novaconcursos.com.br\/portal\/wp-json\/wp\/v2\/tags?post=166217"}],"curies":[{"name":"wp","href":"https:\/\/api.w.org\/{rel}","templated":true}]}}