{"id":166243,"date":"2022-07-26T11:15:07","date_gmt":"2022-07-26T14:15:07","guid":{"rendered":"https:\/\/www.novaconcursos.com.br\/portal\/?p=166243"},"modified":"2022-07-26T11:15:11","modified_gmt":"2022-07-26T14:15:11","slug":"concurso-ses-df-divulgado-resultado-preliminar-prova","status":"publish","type":"post","link":"https:\/\/www.novaconcursos.com.br\/portal\/noticias\/concurso-ses-df-divulgado-resultado-preliminar-prova\/","title":{"rendered":"Concurso SES DF: Divulgado o resultado preliminar da prova objetiva. Confira!"},"content":{"rendered":"<p>Aten\u00e7\u00e3o, concurseiros! As\u00a0<strong>provas objetivas\u00a0<\/strong>do\u00a0<a href=\"https:\/\/www.novaconcursos.com.br\/portal\/concursos\/concurso-ses-df\/\">concurso SES DF<\/a>\u00a0(Secretaria de Sa\u00fade do Distrito Federal) foram aplicadas dia 26 de junho; agora foram divulgados os resultados das avalia\u00e7\u00f5es. S\u00e3o\u00a0<strong>mais de 1.100 vagas.\u00a0<\/strong>Veja!<\/p>\n\n\n\n<ul class=\"wp-block-list\"><li><strong>Confira:<\/strong>\u00a0<a rel=\"noreferrer noopener\" aria-label=\" (abre numa nova aba)\" href=\"https:\/\/www.novaconcursos.com.br\/eventos\/guia-definitivo-como-montar-um-mapa-mental\/\" target=\"_blank\">Guia Definitivo Como montar um mapa mental (Gr\u00e1tis)<\/a><\/li><\/ul><p><\/p>\n\n\n\n<p>Estude para o concurso dos seus sonhos com o\u00a0<strong>M\u00e9todo<\/strong>\u00a0que j\u00e1 ajudou na\u00a0<strong>aprova\u00e7\u00e3o de mais de 70 mil alunos.<\/strong>\u00a0<a rel=\"noreferrer noopener\" aria-label=\" (abre numa nova aba)\" href=\"https:\/\/aprovacao.novaconcursos.com.br\/assinatura\" target=\"_blank\">Clique aqui<\/a>\u00a0e saiba mais!<\/p>\n\n\n\n<h2 class=\"wp-block-heading\" id=\"concurso-ses-df-como-conferir-os-resultados\">Concurso SES DF: como conferir os resultados?<\/h2>\n\n\n\n<p>Assim, as\u00a0<strong>provas\u00a0<\/strong>objetivas do concurso da Secretaria de Estado de Sa\u00fade do\u00a0<a href=\"https:\/\/www.novaconcursos.com.br\/portal\/concursos-abertos\/df\/\">Distrito Federal<\/a>\u00a0foram aplicadas no dia<strong>\u00a026 de junho.\u00a0<\/strong><\/p>\n\n\n\n<p>Portanto, agora foi <strong>publicado <\/strong>no Di\u00e1rio Oficial do DF desta ter\u00e7a-feira (26), o <strong>resultado <\/strong>preliminar da avalia\u00e7\u00e3o. <a rel=\"noreferrer noopener\" aria-label=\"Confira aqui (abre numa nova aba)\" href=\"https:\/\/dodf.df.gov.br\/index\/visualizar-arquivo\/?pasta=2022%7C07_Julho%7CDODF%20139%2026-07-2022%7C&amp;arquivo=DODF%20139%2026-07-2022%20INTEGRA.pdf\" target=\"_blank\">Confira aqui<\/a> (a partir da p\u00e1gina 39).<\/p>\n\n\n\n<p>Posteriormente, de acordo com a banca IBFC, foram<strong>\u00a034.173 mil candidatos inscritos <\/strong>para as avalia\u00e7\u00f5es. <\/p>\n\n\n\n<p>Ademais, o cargo que mais recebeu inscri\u00e7\u00f5es foi o de\u00a0<strong>Enfermeiro com 25.154 candidatos.\u00a0<\/strong> Entretanto, foram mais de<strong> 4 mil <\/strong>para especialidades de Cirurgi\u00e3o Dentista.<\/p>\n\n\n\n<h3 class=\"wp-block-heading\">Como foram as provas?<\/h3>\n\n\n\n<p>Primeiramente, vale destacar que a prova objetiva foi a\u00a0<strong>\u00fanica etapa de avalia\u00e7\u00e3o<\/strong> da sele\u00e7\u00e3o. Assim, n\u00e3o haver\u00e1 mais fases.<\/p>\n\n\n\n<p>Ent\u00e3o, valendo<strong> 140 pontos<\/strong>, as provas foram aplicadas com\u00a0<strong>100 quest\u00f5es<\/strong>\u00a0de m\u00faltipla escolha. Portanto, veja as\u00a0<strong>disciplinas<\/strong>:<\/p>\n\n\n\n<ul class=\"wp-block-list\"><li>L\u00edngua Portuguesa: 15 quest\u00f5es com peso 1<\/li><li>Legisla\u00e7\u00e3o Geral: 10 quest\u00f5es com peso 1<\/li><li>Legisla\u00e7\u00e3o Espec\u00edfica: 15 quest\u00f5es com peso 1<\/li><li>Plano Distrital de Pol\u00edtica para Mulheres: 10 quest\u00f5es com peso 1<\/li><li>Conhecimentos sobre o Distrito Federal: 10 quest\u00f5es com peso 1<\/li><li>Espec\u00edficos Espec\u00edficas: 40 quest\u00f5es com peso 2<\/li><\/ul><p><\/p>\n\n\n\n<h2 class=\"wp-block-heading\" id=\"concurso-ses-df-vagas-cargos-e-salrios\">Concurso SES DF: vagas, cargos e sal\u00e1rios<\/h2>\n\n\n\n<p>Portanto, o concurso est\u00e1 ofertando <strong>381 vagas<\/strong>\u00a0<strong>de n\u00edvel superior<\/strong>, divididas por meio de 03 editais. Sendo assim, confira os cargos contemplados:<\/p>\n\n\n\n<ul class=\"wp-block-list\"><li><strong>Enfermeiro \u2013 101 vagas<\/strong><ul><li>Ampla concorr\u00eancia \u2013 51;<\/li><li>Negros \u2013 20;<\/li><li>Deficientes \u2013 20;<\/li><li>Hipossuficientes \u2013 10.<\/li><\/ul><\/li><li><strong>M\u00e9dico \u2013 230 vagas<\/strong><ul><li>Acupuntura; Alergia e Imunologia; Anatomia Patol\u00f3gica; Anestesiologia; Cardiologia; Cirurgia (Geral, Oncol\u00f3gica, Pedi\u00e1trica e Vascular); Citopatologia; Cl\u00ednica M\u00e9dica (e M\u00e9dica Queimados); Coloproctologia; Dermatologia; Eletromiografia; Endocrinologia e Metabologia; Gastroenterologia; Gen\u00e9tica M\u00e9dica; Geriatria; Ginecologia e Obstetr\u00edcia; Hematologia e Homoterapia; Infectologia; Mastologia; Medicina do Trabalho; F\u00edsica e Reabilita\u00e7\u00e3o; de Emerg\u00eancia; Intensiva (Adulta e Pedi\u00e1trica); da Fam\u00edlia; Nefrologia; Neonatologia; Neurocirurgia; Neurologia; Neurologia Pedi\u00e1trica; Oftalmologia; Ortopedia e Traumatologia; Otorrinolaringologista; Paliativista; Patologia; Pediatria; Pneumologia; Psiquiatria; Radiologia; Radioterapia; Reumatologia; Sanitarista e Urologia.<\/li><\/ul><\/li><li><strong>Cirurgi\u00e3o Dentista \u2013 50 vagas<\/strong><ul><li>Ampla concorr\u00eancia \u2013 25;<\/li><li>Negros \u2013 10;<\/li><li>Deficientes \u2013 10;<\/li><li>Hipossuficientes \u2013 05.<\/li><\/ul><\/li><\/ul><p><\/p>\n\n\n\n<p>Al\u00e9m disso, as\u00a0<strong>remunera\u00e7\u00f5es<\/strong>\u00a0s\u00e3o de\u00a0<strong>R$ 3.055,00<\/strong>\u00a0para Enfermeiro,\u00a0<strong>R$ 4.250,00<\/strong>\u00a0para Cirurgi\u00e3o Dentista,\u00a0<strong>R$ 12.654,00<\/strong>\u00a0para M\u00e9dico da Fam\u00edlia e Comunidade e\u00a0<strong>R$ 6.327,00<\/strong>\u00a0para as demais especialidades de M\u00e9dico.<\/p>\n\n\n\n<p>Ademais, as jornadas de trabalho s\u00e3o de<strong>\u00a020 horas semanais<\/strong>, exceto para M\u00e9dico da Fam\u00edlia e Comunidade, que s\u00e3o de\u00a0<strong>40 horas semanais.<\/strong><\/p>\n\n\n\n<p>Posteriormente, para conhecer as\u00a0<strong>atribui\u00e7\u00f5es e os requisitos\u00a0<\/strong>dos cargos,\u00a0<a href=\"https:\/\/www.novaconcursos.com.br\/portal\/concursos\/concurso-ses-df\/\">clique aqui<\/a>!<\/p>\n\n\n\n<h2 class=\"wp-block-heading\" id=\"h-concurso-ses-df-autorizada-forma-o-de-comiss-o-para-edital-de-t-cnicos-e-analistas\">Concurso SES DF: comiss\u00e3o ser\u00e1 formada para outro edital <\/h2>\n\n\n\n<p>Recentemente foi autorizada a <strong>forma\u00e7\u00e3o <\/strong>de uma <strong>comiss\u00e3o<\/strong>, para estudos de um novo edital para a Secretaria de Estado de Sa\u00fade do\u00a0<a href=\"https:\/\/www.novaconcursos.com.br\/portal\/concursos-previstos\/df\/\">Distrito Federal<\/a>.<\/p>\n\n\n\n<p>Assim, segundo informa\u00e7\u00f5es, ser\u00e3o oportunidades para\u00a0<strong>T\u00e9cnico e Analista <\/strong>em Gest\u00e3o e Assist\u00eancia P\u00fablica \u00e0 Sa\u00fade.<\/p>\n\n\n\n<p>Ademais, vale destacar que o novo edital para as carreiras j\u00e1 foi <strong>autorizado<\/strong>. Portanto, ele ter\u00e1 o provimento de <strong>4 mil vagas<\/strong>. Assim, veja a <strong>distribui\u00e7\u00e3o<\/strong>:<\/p>\n\n\n\n<ul class=\"wp-block-list\"><li><strong>Analista<\/strong><ul><li>300 vagas imediatas e 1.952 de CR;<\/li><li> R$ 1.735,50 (para uma escala de 20h semanais); e<\/li><li>R$ 3.471,00 (para uma escala de 40h semanais). <\/li><\/ul><\/li><li><strong>T\u00e9cnico<\/strong><ul><li>50 vagas imediatas e 1.700 de CR;<\/li><li> R$ 1.698,46 (para uma escala de 20h semanais); e<\/li><li>R$ 3.396,91 (para uma escala de 40h semanais). <\/li><\/ul><\/li><\/ul><p><\/p>\n\n\n\n<p>Sendo assim, \u00e9 importante ficar atento as novas informa\u00e7\u00f5es. Ademais, o edital tem previs\u00e3o de sair <strong>entre o fim de 2022 e o come\u00e7o de 2023.<\/strong><\/p>\n\n\n\n<p>Posteriormente, a <strong>banca <\/strong>come\u00e7ar\u00e1 a ser escolhida. Al\u00e9m disso, um <strong>cronograma <\/strong>deve ser montado em breve.<\/p>\n\n\n\n<figure class=\"wp-block-image size-large\"><a href=\"https:\/\/aprovacao.novaconcursos.com.br\/assinatura\" target=\"_blank\" rel=\"noreferrer noopener\"><img decoding=\"async\" src=\"https:\/\/www.novaconcursos.com.br\/portal\/wp-content\/uploads\/2022\/01\/Faixa-Frete-Gr%E2%80%A0tis-portal.png\" alt=\"assinatura completa\" class=\"wp-image-153078\" loading=\"lazy\" title=\"\"><\/a><figcaption><\/figcaption><\/figure>","protected":false},"excerpt":{"rendered":"<p>Aten\u00e7\u00e3o, concurseiros! As\u00a0provas objetivas\u00a0do\u00a0concurso SES DF\u00a0(Secretaria de Sa\u00fade do Distrito Federal) foram aplicadas dia 26 de junho; agora foram divulgados os resultados das avalia\u00e7\u00f5es. S\u00e3o\u00a0mais de 1.100 vagas.\u00a0Veja! Confira:\u00a0Guia Definitivo Como montar um mapa mental (Gr\u00e1tis) Estude para o concurso dos seus sonhos com o\u00a0M\u00e9todo\u00a0que j\u00e1 ajudou na\u00a0aprova\u00e7\u00e3o de mais de 70 mil alunos.\u00a0Clique aqui\u00a0e [&hellip;]<\/p>\n","protected":false},"author":54671,"featured_media":157370,"comment_status":"closed","ping_status":"closed","sticky":false,"template":"","format":"standard","meta":{"_acf_changed":false,"footnotes":"","_wp_rev_ctl_limit":""},"categories":[228],"tags":[],"class_list":["post-166243","post","type-post","status-publish","format-standard","has-post-thumbnail","hentry","category-noticias"],"acf":[],"_links":{"self":[{"href":"https:\/\/www.novaconcursos.com.br\/portal\/wp-json\/wp\/v2\/posts\/166243","targetHints":{"allow":["GET"]}}],"collection":[{"href":"https:\/\/www.novaconcursos.com.br\/portal\/wp-json\/wp\/v2\/posts"}],"about":[{"href":"https:\/\/www.novaconcursos.com.br\/portal\/wp-json\/wp\/v2\/types\/post"}],"author":[{"embeddable":true,"href":"https:\/\/www.novaconcursos.com.br\/portal\/wp-json\/wp\/v2\/users\/54671"}],"replies":[{"embeddable":true,"href":"https:\/\/www.novaconcursos.com.br\/portal\/wp-json\/wp\/v2\/comments?post=166243"}],"version-history":[{"count":4,"href":"https:\/\/www.novaconcursos.com.br\/portal\/wp-json\/wp\/v2\/posts\/166243\/revisions"}],"predecessor-version":[{"id":166257,"href":"https:\/\/www.novaconcursos.com.br\/portal\/wp-json\/wp\/v2\/posts\/166243\/revisions\/166257"}],"wp:featuredmedia":[{"embeddable":true,"href":"https:\/\/www.novaconcursos.com.br\/portal\/wp-json\/wp\/v2\/media\/157370"}],"wp:attachment":[{"href":"https:\/\/www.novaconcursos.com.br\/portal\/wp-json\/wp\/v2\/media?parent=166243"}],"wp:term":[{"taxonomy":"category","embeddable":true,"href":"https:\/\/www.novaconcursos.com.br\/portal\/wp-json\/wp\/v2\/categories?post=166243"},{"taxonomy":"post_tag","embeddable":true,"href":"https:\/\/www.novaconcursos.com.br\/portal\/wp-json\/wp\/v2\/tags?post=166243"}],"curies":[{"name":"wp","href":"https:\/\/api.w.org\/{rel}","templated":true}]}}