{"id":166659,"date":"2022-07-28T10:54:27","date_gmt":"2022-07-28T13:54:27","guid":{"rendered":"https:\/\/www.novaconcursos.com.br\/portal\/?p=166659"},"modified":"2022-07-28T10:54:32","modified_gmt":"2022-07-28T13:54:32","slug":"concurso-trt-mt-edital-retificado-selecao-dobra-vagas-ofertadas","status":"publish","type":"post","link":"https:\/\/www.novaconcursos.com.br\/portal\/noticias\/concurso-trt-mt-edital-retificado-selecao-dobra-vagas-ofertadas\/","title":{"rendered":"Concurso TRT MT: Edital retificado. Sele\u00e7\u00e3o dobra o n\u00famero de vagas ofertadas!"},"content":{"rendered":"<p>Boas not\u00edcias, concurseiros! Publicado e com <strong>inscri\u00e7\u00f5es abertas<\/strong>, o edital do<strong> <\/strong><a href=\"https:\/\/www.novaconcursos.com.br\/portal\/concursos\/concurso-trt-23\/\">concurso TRT MT<\/a>\u00a0(Tribunal Regional do Trabalho do Mato Grosso \u2013 23\u00aa regi\u00e3o) sofreu retifica\u00e7\u00e3o e <strong>dobrou o n\u00famero de vagas <\/strong>ofertadas. Agora ser\u00e3o 04 vagas!<\/p>\n\n\n\n<ul class=\"wp-block-list\"><li><strong>Confira:<\/strong>\u00a0<a rel=\"noreferrer noopener\" aria-label=\" (abre numa nova aba)\" href=\"https:\/\/www.novaconcursos.com.br\/eventos\/guia-definitivo-como-montar-um-mapa-mental\/\" target=\"_blank\">Guia Definitivo Como montar um mapa mental (Gr\u00e1tis)<\/a><\/li><\/ul><p><\/p>\n\n\n\n<p>Estude para o concurso dos seus sonhos com o\u00a0<strong>M\u00e9todo<\/strong>\u00a0que j\u00e1 ajudou na\u00a0<strong>aprova\u00e7\u00e3o de mais de 70 mil alunos.<\/strong>\u00a0<a rel=\"noreferrer noopener\" aria-label=\" (abre numa nova aba)\" href=\"https:\/\/aprovacao.novaconcursos.com.br\/assinatura\" target=\"_blank\">Clique aqui<\/a>\u00a0e saiba mais!<\/p>\n\n\n\n<h2 class=\"wp-block-heading\" id=\"concurso-trt-mt-nmero-de-vagas-aumentou\">Concurso TRT MT: n\u00famero de vagas aumentou<\/h2>\n\n\n\n<p>Portanto, vale destacar que o <strong>edital <\/strong>do concurso do Tribunal Regional do Trabalho da 2\u00aa regi\u00e3o, que abrange o <a href=\"https:\/\/www.novaconcursos.com.br\/portal\/concursos-previstos\/mt\/\">Mato Grosso<\/a>, sofreu <strong>retifica\u00e7\u00e3o<\/strong>.<\/p>\n\n\n\n<p>Assim, o edital passou a ofertar o <strong>dobro de vagas<\/strong> do que havia sido publicado anteriormente. Posteriormente, a decis\u00e3o foi anunciada nesta semana.<\/p>\n\n\n\n<p>Portanto, eram duas vagas ofertadas, <strong>agora ser\u00e3o quatro<\/strong>, todas imediatas, para T\u00e9cnico e Analista Judici\u00e1rio.<\/p>\n\n\n\n<p>Al\u00e9m disso, vale destacar que a <strong>informa\u00e7\u00e3o <\/strong>foi <strong>repassada <\/strong>pelo pr\u00f3prio \u00f3rg\u00e3o, em postagem nas redes sociais.<\/p>\n\n\n\n<p><em>\u201cAl\u00e9m das duas vagas inicialmente previstas, mais duas ser\u00e3o preenchidas de imediato com o concurso de servidores do TRT-23: Uma de Analista Judici\u00e1rio da \u00c1rea Judici\u00e1ria e outra de T\u00e9cnico Judici\u00e1rio da \u00c1rea Administrativa. Se inscreva pelo site da Funda\u00e7\u00e3o Carlos Chagas, www.concursosfcc.com.br\u201d,<\/em> escreveu o tribunal.<\/p>\n\n\n\n<p>Ademais, ser\u00e3o ofertadas diversas vagas para <strong>forma\u00e7\u00e3o de um cadastro reserva<\/strong>. Portanto, veja a distribui\u00e7\u00e3o:<\/p>\n\n\n\n<ul class=\"wp-block-list\"><li><strong>T\u00e9cnico Judici\u00e1rio (n\u00edvel m\u00e9dio)<\/strong><ul><li>\u00c1rea Administrativa: CR<\/li><li>Apoio Especializado de Tecnologia da Informa\u00e7\u00e3o: 1 vaga + CR<\/li><li>Apoio Especializado de Enfermagem do Trabalho: CR<\/li><\/ul><\/li><li><strong>Analista Judici\u00e1rio (n\u00edvel superior)<\/strong><ul><li>\u00c1rea Judici\u00e1ria: CR<\/li><li>Oficial de Justi\u00e7a Avaliador Federal: CR<\/li><li>\u00c1rea Administrativa: CR<\/li><li>\u00c1rea Administrativa <ul><li>Contabilidade: CR<\/li><li>Biblioteconomia: CR<\/li><\/ul><\/li><li>Apoio Especializado em <ul><li>Enfermagem do Trabalho: CR<\/li><li>Engenharia Mec\u00e2nica: CR<\/li><li>Engenharia El\u00e9trica: CR<\/li><li>Estat\u00edstica: CR<\/li><li>Fisioterapia: CR<\/li><li>Medicina do Trabalho: CR<\/li><li>Psicologia: CR<\/li><li>Servi\u00e7o Social: CR<\/li><li>Tecnologia da Informa\u00e7\u00e3o: 1 vaga + CR<\/li><li>Psiquiatria: CR<\/li><li>Odontologia: CR<\/li><\/ul><\/li><\/ul><\/li><\/ul><p><\/p>\n\n\n\n<h2 class=\"wp-block-heading\" id=\"concurso-trt-mt-inscries-seguem-abertas\">Concurso TRT MT: inscri\u00e7\u00f5es seguem abertas<\/h2>\n\n\n\n<p>Nesse sentido, \u00e9 essencial que os interessados no concurso do Tribunal Regional do Trabalho da 2\u00aa regi\u00e3o, que abrange o <a href=\"https:\/\/www.novaconcursos.com.br\/portal\/concursos-previstos\/mt\/\">Mato G<\/a><a href=\"https:\/\/www.novaconcursos.com.br\/portal\/concursos-abertos\/mt\/\">rosso<\/a>, saibam que as inscri\u00e7\u00f5es continuam abertas.<\/p>\n\n\n\n<p>Assim, os concurseiros podem se inscrever at\u00e9 dia<strong> 29 de julho<\/strong>\u00a0por meio do site da\u00a0<strong>banca organizadora<\/strong>, a\u00a0<a rel=\"noreferrer noopener\" href=\"http:\/\/www.concursosfcc.com.br\/\" target=\"_blank\">FCC<\/a>\u00a0(Funda\u00e7\u00e3o Carlos Chagas).<\/p>\n\n\n\n<p>Al\u00e9m disso, para efetivar a participa\u00e7\u00e3o \u00e9 necess\u00e1rio efetuar,\u00a0<strong>at\u00e9 o dia 30 de julho,<\/strong>\u00a0o pagamento da<strong>\u00a0taxa de inscri\u00e7\u00e3o<\/strong>. Portanto, confira os valores:<\/p>\n\n\n\n<ul class=\"wp-block-list\"><li><strong>N\u00edvel M\u00e9dio:\u00a0<\/strong>R$ 75,00<\/li><li><strong>N\u00edvel Superior:<\/strong>\u00a0R$ 95,00<\/li><\/ul><p><\/p>\n\n\n\n<h2 class=\"wp-block-heading\" id=\"salrios-ofertados-aos-cargos\">Sal\u00e1rios ofertados aos cargos<\/h2>\n\n\n\n<p>Ademais, os aprovados contar\u00e3o com\u00a0<strong>sal\u00e1rios<\/strong>\u00a0nos valores de\u00a0<strong>R$ 7.591,37<\/strong> para T\u00e9cnico e\u00a0<strong>R$ 12.455,30<\/strong>\u00a0para Analista.<\/p>\n\n\n\n<p>Al\u00e9m disso, vale destacar que o sal\u00e1rio \u00e9 <strong>composto <\/strong>por vencimento b\u00e1sico e GAJ (Gratifica\u00e7\u00e3o Judici\u00e1ria).<\/p>\n\n\n\n<h2 class=\"wp-block-heading\" id=\"concurso-trt-mt-provas-sero-aplicadas-em-setembro\">Concurso TRT MT: provas ser\u00e3o aplicadas em setembro<\/h2>\n\n\n\n<p>Por fim, \u00e9 imprescind\u00edvel que os candidatos saibam que ser\u00e3o avaliados por meio de\u00a0<strong>provas objetivas.<\/strong>\u00a0Sendo assim, saiba detalhes!<\/p>\n\n\n\n<p>Ademais, os inscritos no cargo de Analista Judici\u00e1rio:<strong>\u00a0\u00e1rea Judici\u00e1ria<\/strong> tamb\u00e9m far\u00e3o uma\u00a0<strong>prova discursiva.<\/strong><\/p>\n\n\n\n<p>Nesse sentido, as avalia\u00e7\u00f5es ser\u00e3o aplicadas no dia<strong>\u00a011 de setembro,<\/strong>\u00a0no turno da manh\u00e3 para\u00a0<strong>T\u00e9cnico<\/strong>\u00a0e no turno da tarde para\u00a0<strong>Analista<\/strong>. Ademais, elas acontecer\u00e3o na cidade de Cuiab\u00e1\/MT.<\/p>\n\n\n\n<p>Dessa forma, ser\u00e3o cobradas\u00a0<strong>60 quest\u00f5es<\/strong>\u00a0de m\u00faltipla escolha. Portanto, confira as disciplinas:<\/p>\n\n\n\n<ul class=\"wp-block-list\"><li><strong>Analista Judici\u00e1rio \u2013 \u00c1rea Judici\u00e1ria<\/strong><ul><li><strong>Conhecimentos B\u00e1sicos<\/strong><ul><li>L\u00edngua Portuguesa<\/li><li>Matem\u00e1tica e Racioc\u00ednio-L\u00f3gico<\/li><li>Legisla\u00e7\u00e3o<\/li><\/ul><\/li><li><strong>Conhecimentos Espec\u00edficos<\/strong><ul><li>Direito:<ul><li>Constitucional<\/li><li>Tribut\u00e1rio<\/li><li>Administrativo<\/li><li>do Trabalho<\/li><li>Processual do Trabalho<\/li><li>Civil<\/li><li>Processual Civil<\/li><\/ul><\/li><\/ul><\/li><\/ul><\/li><li><strong>Oficial de Justi\u00e7a Avaliador Federal<\/strong><ul><li><strong>Conhecimentos B\u00e1sicos<\/strong><ul><li>L\u00edngua Portuguesa<\/li><li>Matem\u00e1tica e Racioc\u00ednio-L\u00f3gico<\/li><li>Legisla\u00e7\u00e3o<\/li><\/ul><\/li><li><strong>Conhecimentos Espec\u00edficos<\/strong><ul><li>Direito Constitucional<\/li><li>Atos normativos do TRT-23<\/li><li>Direito:<ul><li>Administrativo<\/li><li>do Trabalho<\/li><li>Processual do Trabalho<\/li><li>Civil<\/li><li>Processual Civil<\/li><\/ul><\/li><\/ul><\/li><\/ul><\/li><li><strong>Analista Judici\u00e1rio \u2013 \u00c1rea Administrativa<\/strong><ul><li><strong>Conhecimentos B\u00e1sicos<\/strong><ul><li>L\u00edngua Portuguesa<\/li><li>Matem\u00e1tica e Racioc\u00ednio-L\u00f3gico<\/li><li>Legisla\u00e7\u00e3o<\/li><\/ul><\/li><li><strong>Conhecimentos Espec\u00edficos<\/strong><ul><li>No\u00e7\u00f5es de:<ul><li>Direito Constitucional<\/li><li>Direito Administrativo<\/li><li>Administra\u00e7\u00e3o P\u00fablica<\/li><li>Or\u00e7amento P\u00fablico<\/li><li>Gest\u00e3o de Pessoas<\/li><\/ul><\/li><\/ul><\/li><\/ul><\/li><li><strong>Contabilidade<\/strong><ul><li><strong>Conhecimentos B\u00e1sicos<\/strong><ul><li>L\u00edngua Portuguesa<\/li><li>Matem\u00e1tica e Racioc\u00ednio-L\u00f3gico<\/li><li>Legisla\u00e7\u00e3o<\/li><\/ul><\/li><li><strong>Conhecimentos Espec\u00edficos<\/strong><ul><li>Direito Administrativo e de Administra\u00e7\u00e3o P\u00fablica<\/li><li>Or\u00e7amento P\u00fablico<\/li><li>Contabilidade Aplicada ao Setor P\u00fablico<\/li><li>Administra\u00e7\u00e3o Financeira e Or\u00e7ament\u00e1ria<\/li><li>Contabilidade Geral<\/li><li>No\u00e7\u00f5es de auditoria governamental<\/li><\/ul><\/li><\/ul><\/li><li><strong>Demais especialidades de Analista e T\u00e9cnico Judici\u00e1rio<\/strong><ul><li>L\u00edngua Portuguesa<\/li><li>Matem\u00e1tica e Racioc\u00ednio-L\u00f3gico<\/li><li>Legisla\u00e7\u00e3o<\/li><li>Conhecimentos Espec\u00edficos<\/li><\/ul><\/li><\/ul><p><\/p>\n\n\n\n<p>Portanto, para ser considerado como<strong>\u00a0aprovado<\/strong>\u00a0\u00e9 preciso que o candidato obtenha notas suficientes.<\/p>\n\n\n\n<p>Assim, para Analista, nota igual ou superior a\u00a0<strong>200 pontos.<\/strong>\u00a0Por outro lado, para T\u00e9cnico \u00e9 preciso obter nota igual ou superior a\u00a0<strong>150 pontos.<\/strong><\/p>\n\n\n\n<p>Sendo assim, <strong>n\u00e3o perca a chance e se inscreva,<\/strong> uma vez que o concurso ser\u00e1 bem concorrido. Ademais, fique de olho nas novidades!<\/p>\n\n\n\n<figure class=\"wp-block-image size-large\"><a href=\"https:\/\/aprovacao.novaconcursos.com.br\/assinatura\" target=\"_blank\" rel=\"noreferrer noopener\"><img decoding=\"async\" src=\"https:\/\/www.novaconcursos.com.br\/portal\/wp-content\/uploads\/2022\/01\/Faixa-Frete-Gr%E2%80%A0tis-portal.png\" alt=\"assinatura completa\" class=\"wp-image-153078\" loading=\"lazy\" title=\"\"><\/a><figcaption><\/figcaption><\/figure>","protected":false},"excerpt":{"rendered":"<p>Boas not\u00edcias, concurseiros! Publicado e com inscri\u00e7\u00f5es abertas, o edital do concurso TRT MT\u00a0(Tribunal Regional do Trabalho do Mato Grosso \u2013 23\u00aa regi\u00e3o) sofreu retifica\u00e7\u00e3o e dobrou o n\u00famero de vagas ofertadas. Agora ser\u00e3o 04 vagas! Confira:\u00a0Guia Definitivo Como montar um mapa mental (Gr\u00e1tis) Estude para o concurso dos seus sonhos com o\u00a0M\u00e9todo\u00a0que j\u00e1 ajudou [&hellip;]<\/p>\n","protected":false},"author":54671,"featured_media":161389,"comment_status":"closed","ping_status":"closed","sticky":false,"template":"","format":"standard","meta":{"_acf_changed":false,"footnotes":"","_wp_rev_ctl_limit":""},"categories":[228],"tags":[],"class_list":["post-166659","post","type-post","status-publish","format-standard","has-post-thumbnail","hentry","category-noticias"],"acf":[],"_links":{"self":[{"href":"https:\/\/www.novaconcursos.com.br\/portal\/wp-json\/wp\/v2\/posts\/166659","targetHints":{"allow":["GET"]}}],"collection":[{"href":"https:\/\/www.novaconcursos.com.br\/portal\/wp-json\/wp\/v2\/posts"}],"about":[{"href":"https:\/\/www.novaconcursos.com.br\/portal\/wp-json\/wp\/v2\/types\/post"}],"author":[{"embeddable":true,"href":"https:\/\/www.novaconcursos.com.br\/portal\/wp-json\/wp\/v2\/users\/54671"}],"replies":[{"embeddable":true,"href":"https:\/\/www.novaconcursos.com.br\/portal\/wp-json\/wp\/v2\/comments?post=166659"}],"version-history":[{"count":4,"href":"https:\/\/www.novaconcursos.com.br\/portal\/wp-json\/wp\/v2\/posts\/166659\/revisions"}],"predecessor-version":[{"id":166679,"href":"https:\/\/www.novaconcursos.com.br\/portal\/wp-json\/wp\/v2\/posts\/166659\/revisions\/166679"}],"wp:featuredmedia":[{"embeddable":true,"href":"https:\/\/www.novaconcursos.com.br\/portal\/wp-json\/wp\/v2\/media\/161389"}],"wp:attachment":[{"href":"https:\/\/www.novaconcursos.com.br\/portal\/wp-json\/wp\/v2\/media?parent=166659"}],"wp:term":[{"taxonomy":"category","embeddable":true,"href":"https:\/\/www.novaconcursos.com.br\/portal\/wp-json\/wp\/v2\/categories?post=166659"},{"taxonomy":"post_tag","embeddable":true,"href":"https:\/\/www.novaconcursos.com.br\/portal\/wp-json\/wp\/v2\/tags?post=166659"}],"curies":[{"name":"wp","href":"https:\/\/api.w.org\/{rel}","templated":true}]}}