{"id":166958,"date":"2022-08-01T12:23:10","date_gmt":"2022-08-01T15:23:10","guid":{"rendered":"https:\/\/www.novaconcursos.com.br\/portal\/?p=166958"},"modified":"2022-08-01T12:23:15","modified_gmt":"2022-08-01T15:23:15","slug":"concurso-prefeitura-de-fortaleza-ce-prefeito-anuncia-edital-para-area-saude","status":"publish","type":"post","link":"https:\/\/www.novaconcursos.com.br\/portal\/noticias\/concurso-prefeitura-de-fortaleza-ce-prefeito-anuncia-edital-para-area-saude\/","title":{"rendered":"Concurso Prefeitura de Fortaleza CE: Prefeito anuncia edital para \u00e1rea da sa\u00fade!"},"content":{"rendered":"<p>Boa not\u00edcia, concurseiros! O prefeito de Fortaleza, Jos\u00e9 Sarto, anunciou a realiza\u00e7\u00e3o de um novo concurso <a href=\"https:\/\/www.novaconcursos.com.br\/portal\/concursos\/concurso-prefeitura-de-fortaleza-ce\/\">Prefeitura de Fortaleza CE<\/a>, com <strong>15 vagas imediatas<\/strong> para a \u00e1rea da <strong>Sa\u00fade Mental. <\/strong><\/p>\n\n\n\n<ul class=\"wp-block-list\"><li>Confira: <a href=\"https:\/\/www.novaconcursos.com.br\/apostila\/concursos-prefeituras?q=concurso%20prefeitura\">Apostila Concursos de Prefeituras<\/a><\/li><li>Confira: <a href=\"https:\/\/www.novaconcursos.com.br\/curso-online\/concursos-de-prefeituras?q=concurso%20prefeitura\">Curso Online Concursos de Prefeituras<\/a><\/li><\/ul><p><\/p>\n\n\n\n<p>De acordo com o prefeito, a<strong> sele\u00e7\u00e3o j\u00e1 foi aprovada <\/strong>pela\u00a0Secretaria do Planejamento, Or\u00e7amento e Gest\u00e3o (Sepog), sendo assim, a pr\u00f3xima etapa ser\u00e1 a forma\u00e7\u00e3o da <strong>comiss\u00e3o organizadora<\/strong>, respons\u00e1vel pela escolha da banca.<\/p>\n\n\n\n<p>Estude para o concurso dos seus sonhos com o M\u00e9todo que j\u00e1 ajudou na aprova\u00e7\u00e3o de mais de 70 mil alunos! <a rel=\"noreferrer noopener\" aria-label=\"Clique aqui (abre numa nova aba)\" href=\"https:\/\/aprovacao.novaconcursos.com.br\/assinatura\" target=\"_blank\">Clique aqui<\/a> e saiba mais!<\/p>\n\n\n\n<h2 class=\"wp-block-heading\" id=\"vagas-previstas\">Vagas previstas<\/h2>\n\n\n\n<p>As<strong> vagas oferecidas<\/strong> pelo concurso ser\u00e3o divididas da seguinte maneira:<\/p>\n\n\n\n<ul class=\"wp-block-list\"><li><strong>M\u00e9dico Psiquiatra:<\/strong> 14 vagas;<\/li><li><strong>Neurologista Pedi\u00e1trico:<\/strong> 1 vaga.<\/li><\/ul><p><\/p>\n\n\n\n<p>Portanto, ambas as oportunidades exigem<strong> n\u00edvel superior<\/strong> e especializa\u00e7\u00f5es nas respectivas \u00e1reas. <\/p>\n\n\n\n<p>No entanto a previs\u00e3o dos <strong>sal\u00e1rios iniciais<\/strong> para as carreiras ainda n\u00e3o foram informados.<\/p>\n\n\n\n<p>De acordo com o<strong> prefeito<\/strong>, Sarto:<\/p>\n\n\n\n<blockquote class=\"wp-block-quote is-layout-flow wp-block-quote-is-layout-flow\"><p> <em>\u201cTemos nos preocupado bastante com a sa\u00fade mental, principalmente por conta do aumento nos \u00edndices de ansiedade, s\u00edndrome do p\u00e2nico, depress\u00e3o e outros males. Neste sentido, iremos realizar um concurso para m\u00e9dicos que atuar\u00e3o na RAPS (Rede de Aten\u00e7\u00e3o Psicossocial)\u201d<\/em><\/p><\/blockquote>\n\n\n\n<p><\/p>\n\n\n\n<p>O an\u00fancio do concurso aconteceu durante a posse de<strong> 50 novos servidores <\/strong>que ir\u00e3o trabalhar no<strong> RAPS<\/strong> (Rede de Aten\u00e7\u00e3o Psicossocial) de Fortaleza. Foram nomeados:<\/p>\n\n\n\n<ul class=\"wp-block-list\"><li>33 enfermeiros;<\/li><li>7 psic\u00f3logos;<\/li><li>6 assistentes sociais; e<\/li><li>4 terapeutas ocupacionais.<\/li><\/ul><p><\/p>\n\n\n\n<p>Al\u00e9m disso, o prefeito tamb\u00e9m comunicou que\u00a0enviar\u00e1 para C\u00e2mara Municipal, ainda neste semestre, um<strong> projeto de lei para a cria\u00e7\u00e3o de novas vagas<\/strong> para profissionais n\u00e3o m\u00e9dicos. <\/p>\n\n\n\n<p>A nova oportunidade contemplar\u00e1 candidatos de <strong>cadastro reserva<\/strong>, do concurso regulamentado pelo <a rel=\"noreferrer noopener\" aria-label=\"Edital n\u00ba 77\/2018.  (abre numa nova aba)\" href=\"https:\/\/www.novaconcursos.com.br\/portal\/wp-content\/uploads\/2022\/08\/edital-fortaleza-ce-77-2018.pdf\" target=\"_blank\">Edital n\u00ba 77\/2018. <\/a><\/p>\n\n\n\n<h2 class=\"wp-block-heading\" id=\"como-foi-o-ltimo-concurso-prefeitura-de-fortaleza-ce\">Como foi o \u00faltimo concurso Prefeitura de Fortaleza CE?<\/h2>\n\n\n\n<p>Ademais, o \u00faltimo concurso ainda est\u00e1 em andamento e o edital foi publicado em junho desse ano. <\/p>\n\n\n\n<p>Foram oferecidas <strong>2 mil vagas <\/strong>para secretaria da educa\u00e7\u00e3o, sendo <strong>944 vagas para professores<\/strong> em \u00e1reas espec\u00edficas, distribu\u00eddas da seguinte maneira:<\/p>\n\n\n\n<ul class=\"wp-block-list\"><li>Ci\u00eancias;<\/li><li>L\u00edngua Portuguesa;<\/li><li>Educa\u00e7\u00e3o F\u00edsica;<\/li><li>Geografia;<\/li><li>Hist\u00f3ria;<\/li><li>L\u00edngua Portuguesa\/Literatura;<\/li><li>Matem\u00e1tica;<\/li><li>Ensino Religioso.<\/li><\/ul><p><\/p>\n\n\n\n<p>Dessa forma, a carreira exige <strong>Licenciatura Plena<\/strong> na respectiva \u00e1rea, com sal\u00e1rio inicial de R$ <strong>4.384,82.<\/strong><\/p>\n\n\n\n<p>As outras<strong> 1.056 vagas dispon\u00edveis<\/strong> s\u00e3o para<strong> pedagogos<\/strong>, exigindo Licenciatura Plena em Pedagogia, em Regime Regular ou Especial, ou Forma\u00e7\u00e3o de Professores do Ensino Fundamental (1\u00aa \u00e0 4\u00aa S\u00e9ries). <\/p>\n\n\n\n<p>Essa carreira tamb\u00e9m conta com um sal\u00e1rio inicial no valor de <strong>R$ 4.384,82, <\/strong>com jornada de trabalho de<strong> 200 horas mensais.<\/strong><\/p>\n\n\n\n<p>Os <strong>candidatos<\/strong> ser\u00e3o avaliados pelas seguintes etapas:<\/p>\n\n\n\n<ul class=\"wp-block-list\"><li> Prova objetiva;<\/li><li>Pr\u00e1tica de did\u00e1tica (aula);<\/li><li>Entrega de t\u00edtulos;<\/li><li>Comprova\u00e7\u00e3o profissional.\u00a0 <\/li><\/ul><p><\/p>\n\n\n\n<p>Por fim, a<strong> prova objetiva<\/strong> vai conter <strong>60 quest\u00f5es<\/strong> e est\u00e1 marcada para o dia <strong>7 de agosto<\/strong> para professores e <strong>14 de agosto<\/strong> para pedagogos. <\/p>\n\n\n\n<figure class=\"wp-block-image size-large\"><a href=\"https:\/\/aprovacao.novaconcursos.com.br\/assinatura\" target=\"_blank\" rel=\"noreferrer noopener\"><img decoding=\"async\" src=\"https:\/\/www.novaconcursos.com.br\/portal\/wp-content\/uploads\/2022\/01\/Faixa-Frete-Gr%E2%80%A0tis-portal.png\" alt=\"assinatura completa\" class=\"wp-image-153078\" loading=\"lazy\" title=\"\"><\/a><figcaption><\/figcaption><\/figure>","protected":false},"excerpt":{"rendered":"<p>Boa not\u00edcia, concurseiros! O prefeito de Fortaleza, Jos\u00e9 Sarto, anunciou a realiza\u00e7\u00e3o de um novo concurso Prefeitura de Fortaleza CE, com 15 vagas imediatas para a \u00e1rea da Sa\u00fade Mental. Confira: Apostila Concursos de Prefeituras Confira: Curso Online Concursos de Prefeituras De acordo com o prefeito, a sele\u00e7\u00e3o j\u00e1 foi aprovada pela\u00a0Secretaria do Planejamento, Or\u00e7amento [&hellip;]<\/p>\n","protected":false},"author":54679,"featured_media":161320,"comment_status":"closed","ping_status":"closed","sticky":false,"template":"","format":"standard","meta":{"_acf_changed":false,"footnotes":"","_wp_rev_ctl_limit":""},"categories":[228],"tags":[],"class_list":["post-166958","post","type-post","status-publish","format-standard","has-post-thumbnail","hentry","category-noticias"],"acf":[],"_links":{"self":[{"href":"https:\/\/www.novaconcursos.com.br\/portal\/wp-json\/wp\/v2\/posts\/166958","targetHints":{"allow":["GET"]}}],"collection":[{"href":"https:\/\/www.novaconcursos.com.br\/portal\/wp-json\/wp\/v2\/posts"}],"about":[{"href":"https:\/\/www.novaconcursos.com.br\/portal\/wp-json\/wp\/v2\/types\/post"}],"author":[{"embeddable":true,"href":"https:\/\/www.novaconcursos.com.br\/portal\/wp-json\/wp\/v2\/users\/54679"}],"replies":[{"embeddable":true,"href":"https:\/\/www.novaconcursos.com.br\/portal\/wp-json\/wp\/v2\/comments?post=166958"}],"version-history":[{"count":14,"href":"https:\/\/www.novaconcursos.com.br\/portal\/wp-json\/wp\/v2\/posts\/166958\/revisions"}],"predecessor-version":[{"id":167080,"href":"https:\/\/www.novaconcursos.com.br\/portal\/wp-json\/wp\/v2\/posts\/166958\/revisions\/167080"}],"wp:featuredmedia":[{"embeddable":true,"href":"https:\/\/www.novaconcursos.com.br\/portal\/wp-json\/wp\/v2\/media\/161320"}],"wp:attachment":[{"href":"https:\/\/www.novaconcursos.com.br\/portal\/wp-json\/wp\/v2\/media?parent=166958"}],"wp:term":[{"taxonomy":"category","embeddable":true,"href":"https:\/\/www.novaconcursos.com.br\/portal\/wp-json\/wp\/v2\/categories?post=166958"},{"taxonomy":"post_tag","embeddable":true,"href":"https:\/\/www.novaconcursos.com.br\/portal\/wp-json\/wp\/v2\/tags?post=166958"}],"curies":[{"name":"wp","href":"https:\/\/api.w.org\/{rel}","templated":true}]}}