{"id":167042,"date":"2022-08-01T11:50:46","date_gmt":"2022-08-01T14:50:46","guid":{"rendered":"https:\/\/www.novaconcursos.com.br\/portal\/?p=167042"},"modified":"2022-08-01T11:50:49","modified_gmt":"2022-08-01T14:50:49","slug":"concurso-tre-df-tribunal-confirma-que-nao-participara-de-edital-unificado","status":"publish","type":"post","link":"https:\/\/www.novaconcursos.com.br\/portal\/noticias\/concurso-tre-df-tribunal-confirma-que-nao-participara-de-edital-unificado\/","title":{"rendered":"Concurso TRE DF: Tribunal confirma que n\u00e3o participar\u00e1 de edital unificado!"},"content":{"rendered":"<p>Aten\u00e7\u00e3o, concurseiros! Est\u00e1\u00a0<strong>previsto para 2023<\/strong>\u00a0um novo\u00a0<a href=\"https:\/\/www.novaconcursos.com.br\/portal\/concursos\/concurso-tse\/\">concurso TSE<\/a> (Tribunal Superior Eleitoral) que pode acontecer por meio de\u00a0<strong>edital unificado<\/strong>. Mas, o TRE DF confirmou que n\u00e3o participar\u00e1. Veja!<\/p>\n\n\n\n<ul class=\"wp-block-list\"><li><strong>Confira:<\/strong>\u00a0<a rel=\"noreferrer noopener\" aria-label=\" (abre numa nova aba)\" href=\"https:\/\/www.novaconcursos.com.br\/eventos\/guia-definitivo-como-montar-um-mapa-mental\/\" target=\"_blank\">Guia como montar um mapa mental (Gr\u00e1tis)<\/a><\/li><\/ul><p><\/p>\n\n\n\n<p>Estude para o concurso dos seus sonhos com o\u00a0<strong>M\u00e9todo<\/strong>\u00a0que j\u00e1 ajudou na\u00a0<strong>aprova\u00e7\u00e3o de mais de 70 mil alunos.<\/strong>\u00a0<a rel=\"noreferrer noopener\" aria-label=\" (abre numa nova aba)\" href=\"https:\/\/aprovacao.novaconcursos.com.br\/assinatura\" target=\"_blank\">Clique aqui<\/a>\u00a0e saiba mais!<\/p>\n\n\n\n<h2 class=\"wp-block-heading\" id=\"concurso-tre-df-distrito-federal-de-fora-de-edital-unificado\">Concurso TRE DF: Distrito Federal de fora de edital unificado<\/h2>\n\n\n\n<p>Recentemente o Tribunal Superior Eleitoral confirmou que iniciou o <strong>planejamento\u00a0<\/strong>para publicar um novo\u00a0<a href=\"https:\/\/www.novaconcursos.com.br\/portal\/concursos-abertos\/nacional\">concurso<\/a>\u00a0<strong>unificado\u00a0<\/strong>para Justi\u00e7a Eleitoral.<\/p>\n\n\n\n<p>Assim, a\u00a0<strong>previs\u00e3o\u00a0<\/strong>\u00e9 publicar o edital no ano de\u00a0<strong>2023<\/strong>, que seguiria o modelo da \u00faltima sele\u00e7\u00e3o unificada do \u00f3rg\u00e3o.<\/p>\n\n\n\n<p>Ou seja, por meio de\u00a0<strong>um \u00fanico edital,<\/strong>\u00a0o concurso ir\u00e1 atender as necessidades de diversos Tribunais Regionais Eleitorais por todo o pa\u00eds.<\/p>\n\n\n\n<p>Entretanto, o Tribunal Regional Eleitoral (TRE) do Distrito Federal, confirmou nesta semana que<strong> n\u00e3o participar\u00e1 <\/strong>da sele\u00e7\u00e3o unificada.<\/p>\n\n\n\n<p><em>\u201cO TRE DF n\u00e3o ir\u00e1 aderir ao concurso unificado da JE (Justi\u00e7a Eleitoral)\u201d<\/em>, disse, em nota.<\/p>\n\n\n\n<p>Entretanto, <strong>n\u00e3o foram revelados<\/strong> os motivos pelos quais o tribunal n\u00e3o ir\u00e1 aderir ao concurso. <\/p>\n\n\n\n<h3 class=\"wp-block-heading\">Cargos vagos e provimento<\/h3>\n\n\n\n<p>Vale destacar que atualmente o TRE DF conta com <strong>5 cargos vagos,<\/strong> segundo dados de junho de 2022.<\/p>\n\n\n\n<p>Ademais, s\u00e3o 03 vac\u00e2ncias para <strong>T\u00e9cnico <\/strong>Judici\u00e1rio e 02 para <strong>Analista <\/strong>Judici\u00e1rio, a n\u00edveis m\u00e9dio e superior, respectivamente.<\/p>\n\n\n\n<p>Portanto, o TRE DF\u00a0afirmou que vai dar continuidade ao provimento dessas vagas pelo\u00a0<strong>aproveitamento do cadastro de reserva<\/strong> de sele\u00e7\u00f5es realizadas\u00a0pelo\u00a0Poder Judici\u00e1rio da Uni\u00e3o (PJU).<\/p>\n\n\n\n<h2 class=\"wp-block-heading\" id=\"concurso-tse-quais-estados-j-demonstraram-interesse-pelo-edi\">Concurso TSE: quais estados j\u00e1 demonstraram interesse pelo edital?<\/h2>\n\n\n\n<p>Ademais, a previs\u00e3o \u00e9 que sejam ofertadas um total de<strong>\u00a0205 vagas<\/strong>. Alguns tribunais j\u00e1\u00a0<strong>mostraram interesse<\/strong>\u00a0em participar do <a href=\"https:\/\/www.novaconcursos.com.br\/portal\/concursos-previstos\/nacional\">edital <\/a>unificado.<\/p>\n\n\n\n<p>Assim, a sinaliza\u00e7\u00e3o foi <strong>dada pelos TREs<\/strong> de Goi\u00e1s, Rio de Janeiro, S\u00e3o Paulo, Esp\u00edrito Santo, Mato Grosso, Piau\u00ed, Santa Catarina, Rio Grande do Norte, Cear\u00e1, Sergipe e\u00a0Tocantins.<\/p>\n\n\n\n<h3 class=\"wp-block-heading\">Levantamento de vagas<\/h3>\n\n\n\n<p>Portanto, um\u00a0<strong>of\u00edcio\u00a0<\/strong>foi enviado aos Tribunais Regionais Eleitorais, solicitando dados sobre quais\u00a0<strong>cargos\u00a0<\/strong>deveriam ser contemplados na sele\u00e7\u00e3o.<\/p>\n\n\n\n<p>Assim, o diretor-geral\u00a0<strong>solicita\u00a0<\/strong>quais os\u00a0<strong>cargos\u00a0<\/strong>efetivos, quantidade de vagas imediatas, al\u00e9m dos cargos para forma\u00e7\u00e3o de cadastro reserva.<\/p>\n\n\n\n<p><em>\u201cTendo em vista a necessidade de se iniciar o levantamento de informa\u00e7\u00f5es que subsidiem a contrata\u00e7\u00e3o de institui\u00e7\u00e3o para a realizar concurso p\u00fablico, no \u00e2mbito da Justi\u00e7a Eleitoral, de maneira centralizada por este Tribunal Superior, com previs\u00e3o para ocorrer no ano de 2023, solicito a Vossa Senhoria informar os cargos efetivos e quantitativos de vagas, bem como quais cargos dever\u00e3o ser contemplados na forma\u00e7\u00e3o de cadastro de reserva, no \u00e2mbito do respectivo quadro de pessoal\u201d<\/em>, diz o of\u00edcio.<\/p>\n\n\n\n<h3 class=\"wp-block-heading\">Comiss\u00e3o em agosto<\/h3>\n\n\n\n<p>Assim, o concurso se encontra em\u00a0<strong>fase inicial de planejamento<\/strong>. Al\u00e9m disso, o \u00f3rg\u00e3o informou que uma\u00a0<strong>comiss\u00e3o de planejamento\u00a0<\/strong>ser\u00e1 criada em agosto para dar seguimento aos estudos.<\/p>\n\n\n\n<p>Vale lembrar que em\u00a0<strong>junho foram eleitos<\/strong>\u00a0a presidente e vice-presidente do TSE os ministros Alexandre de Moraes e Ricardo Lewandowski, respectivamente.\u00a0<\/p>\n\n\n\n<figure class=\"wp-block-image size-large\"><a href=\"https:\/\/aprovacao.novaconcursos.com.br\/assinatura\" target=\"_blank\" rel=\"noreferrer noopener\"><img decoding=\"async\" src=\"https:\/\/www.novaconcursos.com.br\/portal\/wp-content\/uploads\/2022\/01\/Faixa-Frete-Gr%E2%80%A0tis-portal.png\" alt=\"assinatura completa\" class=\"wp-image-153078\" loading=\"lazy\" title=\"\"><\/a><figcaption><\/figcaption><\/figure>","protected":false},"excerpt":{"rendered":"<p>Aten\u00e7\u00e3o, concurseiros! Est\u00e1\u00a0previsto para 2023\u00a0um novo\u00a0concurso TSE (Tribunal Superior Eleitoral) que pode acontecer por meio de\u00a0edital unificado. Mas, o TRE DF confirmou que n\u00e3o participar\u00e1. Veja! Confira:\u00a0Guia como montar um mapa mental (Gr\u00e1tis) Estude para o concurso dos seus sonhos com o\u00a0M\u00e9todo\u00a0que j\u00e1 ajudou na\u00a0aprova\u00e7\u00e3o de mais de 70 mil alunos.\u00a0Clique aqui\u00a0e saiba mais! Concurso [&hellip;]<\/p>\n","protected":false},"author":54671,"featured_media":167044,"comment_status":"closed","ping_status":"closed","sticky":false,"template":"","format":"standard","meta":{"_acf_changed":false,"footnotes":"","_wp_rev_ctl_limit":""},"categories":[228],"tags":[],"class_list":["post-167042","post","type-post","status-publish","format-standard","has-post-thumbnail","hentry","category-noticias"],"acf":[],"_links":{"self":[{"href":"https:\/\/www.novaconcursos.com.br\/portal\/wp-json\/wp\/v2\/posts\/167042","targetHints":{"allow":["GET"]}}],"collection":[{"href":"https:\/\/www.novaconcursos.com.br\/portal\/wp-json\/wp\/v2\/posts"}],"about":[{"href":"https:\/\/www.novaconcursos.com.br\/portal\/wp-json\/wp\/v2\/types\/post"}],"author":[{"embeddable":true,"href":"https:\/\/www.novaconcursos.com.br\/portal\/wp-json\/wp\/v2\/users\/54671"}],"replies":[{"embeddable":true,"href":"https:\/\/www.novaconcursos.com.br\/portal\/wp-json\/wp\/v2\/comments?post=167042"}],"version-history":[{"count":4,"href":"https:\/\/www.novaconcursos.com.br\/portal\/wp-json\/wp\/v2\/posts\/167042\/revisions"}],"predecessor-version":[{"id":167054,"href":"https:\/\/www.novaconcursos.com.br\/portal\/wp-json\/wp\/v2\/posts\/167042\/revisions\/167054"}],"wp:featuredmedia":[{"embeddable":true,"href":"https:\/\/www.novaconcursos.com.br\/portal\/wp-json\/wp\/v2\/media\/167044"}],"wp:attachment":[{"href":"https:\/\/www.novaconcursos.com.br\/portal\/wp-json\/wp\/v2\/media?parent=167042"}],"wp:term":[{"taxonomy":"category","embeddable":true,"href":"https:\/\/www.novaconcursos.com.br\/portal\/wp-json\/wp\/v2\/categories?post=167042"},{"taxonomy":"post_tag","embeddable":true,"href":"https:\/\/www.novaconcursos.com.br\/portal\/wp-json\/wp\/v2\/tags?post=167042"}],"curies":[{"name":"wp","href":"https:\/\/api.w.org\/{rel}","templated":true}]}}