{"id":167299,"date":"2022-08-08T18:07:25","date_gmt":"2022-08-08T21:07:25","guid":{"rendered":"https:\/\/www.novaconcursos.com.br\/portal\/?p=167299"},"modified":"2022-08-08T18:07:28","modified_gmt":"2022-08-08T21:07:28","slug":"concurso-pc-rr-apos-adiamento-provas-sao-remarcadas-para-setembro-outubro","status":"publish","type":"post","link":"https:\/\/www.novaconcursos.com.br\/portal\/noticias\/concurso-pc-rr-apos-adiamento-provas-sao-remarcadas-para-setembro-outubro\/","title":{"rendered":"Concurso PC RR: Ap\u00f3s adiamento, provas s\u00e3o remarcadas para setembro e outubro!"},"content":{"rendered":"<p>Aten\u00e7\u00e3o, concurseiros! Ap\u00f3s a  primeira etapa do <a href=\"https:\/\/www.novaconcursos.com.br\/portal\/concursos\/concurso-pc-roraima\/\">Concurso PC RR<\/a> ter sido adiada, a banca divulgou novas datas para <strong>setembro e outubro<\/strong> de acordo com o cargo pretendido. Confira todos os detalhes!<\/p>\n\n\n\n<h2 class=\"wp-block-heading\" id=\"concurso-pc-rr-alterao-na-data-das-provas\">Concurso PC RR: altera\u00e7\u00e3o na data das provas<\/h2>\n\n\n\n<p> As\u00a0<strong>provas objetivas<\/strong>\u00a0do concurso da Pol\u00edcia Civil do\u00a0<a href=\"https:\/\/www.novaconcursos.com.br\/portal\/concursos-previstos\/rr\/\">Estado de Roraima<\/a> tiveram novas datas anunciadas para serem\u00a0aplicadas. <\/p>\n\n\n\n<p> Isso porque, houve uma <strong>ocorr\u00eancia<\/strong> de um desvio de rota do caminh\u00e3o que transportava as provas.<\/p>\n\n\n\n<p>Portanto, a <a href=\"https:\/\/www.vunesp.com.br\/\" target=\"_blank\" rel=\"noopener\">Funda\u00e7\u00e3o Vunesp<\/a>, declarou ent\u00e3o que <em>as provas do concurso para a Pol\u00edcia Civil do Estado de Roraima, previstas para 6, 7, 13 e 14 de agosto, est\u00e3o adiadas.<\/em><\/p>\n\n\n\n<h2 class=\"wp-block-heading\" id=\"-concurso-pc-rr-vagas\"> Concurso PC RR: Vagas<\/h2>\n\n\n\n<p>A princ\u00edpio, o certame oferta  <strong>175 vagas<\/strong> distribu\u00eddas da seguinte forma:<\/p>\n\n\n\n<ul class=\"wp-block-list\"><li>Delegado de Pol\u00edcia: 35 vagas;<\/li><li>M\u00e9dico Legista: 7 vagas;<\/li><li>Odonto-Legista: 1 vaga;<\/li><li>Perito Criminal: 9 vagas;<\/li><li>Escriv\u00e3o: 51 vagas;<\/li><li>Agente de Pol\u00edcia: 52 vagas;<\/li><li>Papiloscopista: 14 vagas;<\/li><li>Auxiliar de Perito: 4 vagas; e<\/li><li>Auxiliar de Necropsia: 2 vagas.<\/li><\/ul><p>No mais, a remunera\u00e7\u00e3o dos aprovados poder\u00e1 chegar at\u00e9 <strong>R$ 20.410,04.<\/strong> <\/p>\n\n\n\n<h2 class=\"wp-block-heading\" id=\"requisitos-bsicos-para-a-investidura-na-carreira\">Requisitos b\u00e1sicos para a investidura na carreira<\/h2>\n\n\n\n<p>Contudo, \u00e9 importante que os interessados no certame saibam de tais <strong>requisitos<\/strong>:<\/p>\n\n\n\n<ul class=\"wp-block-list\"><li>Ter nacionalidade brasileira ou portuguesa e, no caso de nacionalidade portuguesa, estar amparado pelo estatuto de igualdade entre brasileiros e portugueses, com reconhecimento do gozo dos direitos pol\u00edticos, nos termos do \u00a7 1\u00ba do art. 12 da Constitui\u00e7\u00e3o Federal;<\/li><li> Encontrar-se em gozo dos direitos pol\u00edticos;<\/li><li> Estar quite com as obriga\u00e7\u00f5es militares, em caso de candidato do sexo masculino;<\/li><li> Estar quite com as obriga\u00e7\u00f5es eleitorais;<\/li><li>  Possuir os requisitos exigidos para o exerc\u00edcio da carreira;<\/li><li> Ter idade m\u00ednima de dezoito anos completos na data da posse;<\/li><li> Ter aptid\u00e3o f\u00edsica e mental para o exerc\u00edcio das atribui\u00e7\u00f5es da carreira;<\/li><li> Possuir Carteira Nacional de Habilita\u00e7\u00e3o, categoria \u201cB\u201d, \u201cAB\u201d, ou superior em plena validade, conforme exig\u00eancia da carreira;<\/li><li> Ter procedimento irrepreens\u00edvel e idoneidade moral inatac\u00e1vel, os quais ser\u00e3o aferidos por meio de investiga\u00e7\u00e3o relativa aos aspectos moral e social;<\/li><li> N\u00e3o estar cumprindo san\u00e7\u00e3o por inidoneidade, aplicada por qualquer \u00f3rg\u00e3o p\u00fablico federal, distrital, estadual ou municipal;<\/li><li> Cumprir as demais determina\u00e7\u00f5es contidas no edital, em editais complementares e na legisla\u00e7\u00e3o em vigor.<\/li><\/ul><h2 class=\"wp-block-heading\" id=\"como-sero-as-etapas-de-avaliao\">Como ser\u00e3o as etapas de avalia\u00e7\u00e3o?<\/h2>\n\n\n\n<p>Sob esse vi\u00e9s,  todas as fases do <a href=\"https:\/\/www.novaconcursos.com.br\/portal\/concursos-abertos\/rr\/\">concurso<\/a> ser\u00e3o realizadas na cidade <strong>de Boa Vista<\/strong> \u2013 RR.  <\/p>\n\n\n\n<p>No dia <strong>25 de setembro<\/strong>, no per\u00edodo da <strong>manh\u00e3<\/strong>, ser\u00e3o as  provas discursivas para delegado. No turno da <strong>tarde<\/strong>, as provas objetivas e discursivas para agente de pol\u00edcia.<\/p>\n\n\n\n<p>J\u00e1 no dia  <strong>22 de outubro<\/strong>,  o turno da manh\u00e3 est\u00e1 reservado para as provas objetivas e discursivas para\u00a0perito criminal, perito odonto legista e m\u00e9dico legista.  <\/p>\n\n\n\n<p> O turno da <strong>tarde<\/strong>, por\u00e9m, para provas objetivas e discursivas para\u00a0perito e papiloscopista.<\/p>\n\n\n\n<p>O pr\u00f3ximo dia,  <strong>23 de outubro,<\/strong> o per\u00edodo da manh\u00e3, far\u00e3o a prova objetiva os candidatos para\u00a0auxiliar de necropsia. E no per\u00edodo da tarde, os candidatos para escriv\u00e3o. <\/p>\n\n\n\n<p>Portanto, ser\u00e3o duas fases avaliativas as quais se distribuem da seguinte forma:<\/p>\n\n\n\n<h3 class=\"wp-block-heading\">Primeira fase<\/h3>\n\n\n\n<p>Na primeira fase, ent\u00e3o, ser\u00e3o <strong>60 quest\u00f5es<\/strong> de car\u00e1ter eliminat\u00f3rio e classificat\u00f3rio, sendo  20 de conhecimentos gerais  e 40 de conhecimentos  espec\u00edficos. <\/p>\n\n\n\n<p>Confira as disciplinas:<\/p>\n\n\n\n<p><strong>Auxiliar de perito e auxiliar de necropsia:\u00a0<\/strong><\/p>\n\n\n\n<ul class=\"wp-block-list\"><li>L\u00edngua Portuguesa: 10 quest\u00f5es;<\/li><li>Matem\u00e1tica: 10 quest\u00f5es.<\/li><li>Conhecimentos Espec\u00edficos: 40 quest\u00f5es.<\/li><\/ul><p><\/p>\n\n\n\n<p><strong>Escriv\u00e3o, agente de policia e papiloscopista:\u00a0<\/strong><\/p>\n\n\n\n<ul class=\"wp-block-list\"><li>L\u00edngua Portuguesa: 6 quest\u00f5es;<\/li><li>No\u00e7\u00f5es B\u00e1sicas de L\u00edngua Espanhola: 4 quest\u00f5es;<\/li><li>Conhecimentos de Inform\u00e1tica: 6 quest\u00f5es;<\/li><li>No\u00e7\u00f5es de Qu\u00edmica, F\u00edsica, Biologia e Biosseguran\u00e7a: 4 quest\u00f5es;<\/li><li>Conhecimentos Espec\u00edficos: 40 quest\u00f5es.<\/li><\/ul><p><\/p>\n\n\n\n<p><strong>M\u00e9dico legista, odonto-legista, perito criminal:\u00a0<\/strong><\/p>\n\n\n\n<ul class=\"wp-block-list\"><li>No\u00e7\u00f5es de Direito Constitucional: 5 quest\u00f5es;<\/li><li>No\u00e7\u00f5es de Direito Administrativo: 5 quest\u00f5es;<\/li><li>No\u00e7\u00f5es de Direito Penal e Processual Penal: 10 quest\u00f5es.<\/li><li>Conhecimentos Espec\u00edficos: 40 quest\u00f5es.<\/li><\/ul><p><\/p>\n\n\n\n<p><strong>Delegado:<\/strong><\/p>\n\n\n\n<ul class=\"wp-block-list\"><li>Forma\u00e7\u00e3o Human\u00edstica, Princ\u00edpios da \u00c9tica, Filosofia e Psicologia Jur\u00eddica: 5 quest\u00f5es;<\/li><li>Teoria Geral do Direito e da Pol\u00edtica: 5 quest\u00f5es;<\/li><li>Direito Civil e Empresarial: 5 quest\u00f5es;<\/li><li>Legisla\u00e7\u00e3o Complementar: 5 quest\u00f5es;<\/li><li>Direito Constitucional: 8 quest\u00f5es;<\/li><li>Direito Administrativo: 8 quest\u00f5es;<\/li><li>Direito Penal: 8 quest\u00f5es;<\/li><li>Direito Processual Penal: 8 quest\u00f5es;<\/li><li>Legisla\u00e7\u00e3o Complementar: 8 quest\u00f5es.<\/li><\/ul><p><\/p>\n\n\n\n<p>Al\u00e9m da prova objetiva, portanto, os candidatos ser\u00e3o avaliados por uma prova de <strong>reda\u00e7\u00e3o<\/strong> de car\u00e1ter dissertativo-argumentativo, com limite de 30 linhas, sobre conhecimentos atuais em diversas \u00e1reas. <\/p>\n\n\n\n<h3 class=\"wp-block-heading\">Segunda fase<\/h3>\n\n\n\n<p>Por outro lado, a segunda fase da sele\u00e7\u00e3o constar\u00e1 sobre <strong>Curso de Forma\u00e7\u00e3o Profissional<\/strong>, contendo:<\/p>\n\n\n\n<ul class=\"wp-block-list\"><li> Avalia\u00e7\u00e3o das atividades pr\u00e1ticas \u2013 Car\u00e1ter Eliminat\u00f3rio e<\/li><li> Prova Final \u2013 Car\u00e1ter Eliminat\u00f3rio e Classificat\u00f3rio. <\/li><\/ul><p>Vale destacar que, a segunda fase do concurso, assim como a primeira, diferencia conforme o cargo pretendido. <\/p>","protected":false},"excerpt":{"rendered":"<p>Aten\u00e7\u00e3o, concurseiros! Ap\u00f3s a primeira etapa do Concurso PC RR ter sido adiada, a banca divulgou novas datas para setembro e outubro de acordo com o cargo pretendido. Confira todos os detalhes! Concurso PC RR: altera\u00e7\u00e3o na data das provas As\u00a0provas objetivas\u00a0do concurso da Pol\u00edcia Civil do\u00a0Estado de Roraima tiveram novas datas anunciadas para serem\u00a0aplicadas. [&hellip;]<\/p>\n","protected":false},"author":54680,"featured_media":167481,"comment_status":"closed","ping_status":"closed","sticky":false,"template":"","format":"standard","meta":{"_acf_changed":false,"footnotes":"","_wp_rev_ctl_limit":""},"categories":[228],"tags":[],"class_list":["post-167299","post","type-post","status-publish","format-standard","has-post-thumbnail","hentry","category-noticias"],"acf":[],"_links":{"self":[{"href":"https:\/\/www.novaconcursos.com.br\/portal\/wp-json\/wp\/v2\/posts\/167299","targetHints":{"allow":["GET"]}}],"collection":[{"href":"https:\/\/www.novaconcursos.com.br\/portal\/wp-json\/wp\/v2\/posts"}],"about":[{"href":"https:\/\/www.novaconcursos.com.br\/portal\/wp-json\/wp\/v2\/types\/post"}],"author":[{"embeddable":true,"href":"https:\/\/www.novaconcursos.com.br\/portal\/wp-json\/wp\/v2\/users\/54680"}],"replies":[{"embeddable":true,"href":"https:\/\/www.novaconcursos.com.br\/portal\/wp-json\/wp\/v2\/comments?post=167299"}],"version-history":[{"count":43,"href":"https:\/\/www.novaconcursos.com.br\/portal\/wp-json\/wp\/v2\/posts\/167299\/revisions"}],"predecessor-version":[{"id":167907,"href":"https:\/\/www.novaconcursos.com.br\/portal\/wp-json\/wp\/v2\/posts\/167299\/revisions\/167907"}],"wp:featuredmedia":[{"embeddable":true,"href":"https:\/\/www.novaconcursos.com.br\/portal\/wp-json\/wp\/v2\/media\/167481"}],"wp:attachment":[{"href":"https:\/\/www.novaconcursos.com.br\/portal\/wp-json\/wp\/v2\/media?parent=167299"}],"wp:term":[{"taxonomy":"category","embeddable":true,"href":"https:\/\/www.novaconcursos.com.br\/portal\/wp-json\/wp\/v2\/categories?post=167299"},{"taxonomy":"post_tag","embeddable":true,"href":"https:\/\/www.novaconcursos.com.br\/portal\/wp-json\/wp\/v2\/tags?post=167299"}],"curies":[{"name":"wp","href":"https:\/\/api.w.org\/{rel}","templated":true}]}}