{"id":167443,"date":"2022-08-04T11:12:17","date_gmt":"2022-08-04T14:12:17","guid":{"rendered":"https:\/\/www.novaconcursos.com.br\/portal\/?p=167443"},"modified":"2022-08-04T11:12:22","modified_gmt":"2022-08-04T14:12:22","slug":"concurso-sefaz-ms-comissao-formada-oferta-de-30-vagas-para-analista","status":"publish","type":"post","link":"https:\/\/www.novaconcursos.com.br\/portal\/noticias\/concurso-sefaz-ms-comissao-formada-oferta-de-30-vagas-para-analista\/","title":{"rendered":"Concurso Sefaz MS: Comiss\u00e3o formada. Oferta de 30 vagas para Analista!"},"content":{"rendered":"<p>Aten\u00e7\u00e3o concurseiros! O novo <a href=\"https:\/\/www.novaconcursos.com.br\/portal\/concursos\/concurso-sefaz-ms\/\">concurso Sefaz MS<\/a> com vagas para analistas de TI est\u00e1 com <strong>comiss\u00e3o formada.<\/strong> O edital j\u00e1 foi autorizado! Saiba mais!<\/p>\n\n\n\n<ul class=\"wp-block-list\"><li>Confira: <a href=\"https:\/\/www.novaconcursos.com.br\/livro\/600-questoes-comentadas-lingua-portuguesa-isabella-ramiro?q=l%C3%ADngua\">Livro 600 Quest\u00f5es Comentadas L\u00edngua Portuguesa<\/a><\/li><\/ul><p><\/p>\n\n\n\n<p>Estude para o concurso dos seus sonhos com o <strong>M\u00e9todo<\/strong> que j\u00e1 ajudou na <strong>aprova\u00e7\u00e3o de mais de 70 mil alunos! <\/strong><a href=\"https:\/\/aprovacao.novaconcursos.com.br\/assinatura\" target=\"_blank\" rel=\"noreferrer noopener\" aria-label=\" (abre numa nova aba)\">Clique aqui<\/a> e saiba mais!<\/p>\n\n\n\n<h2 class=\"wp-block-heading\" id=\"comisso-organizadora\">Comiss\u00e3o organizadora<\/h2>\n\n\n\n<p>Na \u00faltima ter\u00e7a feira, 2, foi publicada no Di\u00e1rio Oficial a Portaria com o nome dos servidores que formam a<strong> comiss\u00e3o do novo concurso Sefaz. <\/strong><\/p>\n\n\n\n<p> Assim, o\u00a0<strong>grupo<\/strong>\u00a0\u00e9 composto por um presidente, um vice-presidente e quatro membros, que ser\u00e3o respons\u00e1veis por analisar as propostas das bancas interessadas no concurso. Confira:<\/p>\n\n\n\n<ul class=\"wp-block-list\"><li>Carla Rouledo Moretti Leite \u2013 presidente;<\/li><li>Paulo Victor dos Santos Oliveira \u2013 vice-presidente;<\/li><li>L\u00edvia Schmitt de Oliveira \u2013 membro;<\/li><li>Aparecida Oliveira Valadares Sagrillo \u2013 membro;<\/li><li>Lorivaldo Ant\u00f4nio de Paula \u2013 membro; e<\/li><li>Sandro Freire Chacha \u2013 membro.<\/li><\/ul><p><\/p>\n\n\n\n<p>Ap\u00f3s a forma\u00e7\u00e3o da comiss\u00e3o, a pr\u00f3xima etapa \u00e9 a escolha da banca organizadora e em seguida a publica\u00e7\u00e3o do edital, que tem previs\u00e3o de ser publicado ainda em <strong>2022.<\/strong><\/p>\n\n\n\n<p>No entanto, essas etapas ser\u00e3o feitas junto a<strong> SAD MS<\/strong> (Secretaria de Estado de Fazenda), que vai acompanhar e fiscalizar todos os processos.<\/p>\n\n\n\n<h2 class=\"wp-block-heading\" id=\"quais-os-cargos-da-sefaz-ms\">Quais os cargos da Sefaz MS?<\/h2>\n\n\n\n<p>De acordo com o governador do estado, Reinaldo Azambuja, o certame vai ofertar<strong> 30 vagas<\/strong> para o cargo de <strong>Analista de Tecnologia da Informa\u00e7\u00e3o<\/strong>, que vai exigir n\u00edvel superior na \u00e1rea espec\u00edfica.<\/p>\n\n\n\n<blockquote class=\"wp-block-quote is-layout-flow wp-block-quote-is-layout-flow\"><p> <em>\u201cQueremos refor\u00e7ar nossa seguran\u00e7a p\u00fablica com novos policiais e bombeiros, aprimorar o trabalho ambiental em todo o Estado e tamb\u00e9m aperfei\u00e7oar nossa \u00e1rea de tecnologia da informa\u00e7\u00e3o. Estamos visando a melhora dos servi\u00e7os p\u00fablicos e o atendimento \u00e0 popula\u00e7\u00e3o\u201d<\/em>, destacou o governador Reinaldo Azambuja. <\/p><\/blockquote>\n\n\n\n<p><\/p>\n\n\n\n<p>Al\u00e9m disso, as vagas ser\u00e3o oferecidas na\u00a0<strong>Superintend\u00eancia de Gest\u00e3o da Informa\u00e7\u00e3o, <\/strong>que \u00e9 vinculada a Sefaz.<\/p>\n\n\n\n<p>Ademais, os aprovados far\u00e3o jus a um sal\u00e1rio inicial de<strong> R$ 9.250,00<\/strong> e no final da carreira devem estar recebendo um sal\u00e1rio no valor de <strong>R$ 20.730,74,<\/strong><\/p>\n\n\n\n<h2 class=\"wp-block-heading\" id=\"como-foi-o-ltimo-concurso-sefaz-ms\">Como foi o \u00faltimo concurso Sefaz MS?<\/h2>\n\n\n\n<p>Ademais, o \u00faltimo certame aconteceu em <strong>2013<\/strong> e ofereceu <strong>60 vagas<\/strong> para \u00e1rea tribut\u00e1ria, divididas da seguinte maneira:<\/p>\n\n\n\n<p><\/p>\n\n\n\n<ul class=\"wp-block-list\"><li><strong>Fiscal de rendas:<\/strong> 20 vagas;<\/li><li><strong>Agente tribut\u00e1rio:<\/strong> 40 vagas.<\/li><\/ul><p><\/p>\n\n\n\n<p>Al\u00e9m disso, os convocados possu\u00edam jornadas de <strong>40 horas semanais<\/strong> e foram contemplados com os seguintes <strong>sal\u00e1rios iniciais:<\/strong><\/p>\n\n\n\n<ul class=\"wp-block-list\"><li><strong>Fiscal de rendas:<\/strong> R$ 10.883,32<\/li><li><strong>Agente tribut\u00e1rio:<\/strong> R$ 6.661,57<\/li><\/ul><p><\/p>\n\n\n\n<p>Contudo, os candidatos foram avaliados atrav\u00e9s da <strong>prova objetiva<\/strong> e <strong>investiga\u00e7\u00e3o social<\/strong>. Na prova objetiva, foi necess\u00e1rio ter conhecimento das seguintes disciplinas:<\/p>\n\n\n\n<ul class=\"wp-block-list\"><li>L\u00edngua Portuguesa<\/li><li>Matem\u00e1tica\/Racioc\u00ednio L\u00f3gico<\/li><li>Direito (Civil e Epresarial, Penal, Administrativo, Constitucional, e Tribut\u00e1rio)<\/li><li>Legisla\u00e7\u00e3o Tribut\u00e1ria do Estado\/MS<\/li><li>Processo Administrativo Tribut\u00e1rio\/MS<\/li><li>Tecnologia da Informa\u00e7\u00e3o e<\/li><li>Contabilidade (Geral, Avan\u00e7ada de Custos\/Auditoria).<\/li><\/ul><p><\/p>\n\n\n\n<figure class=\"wp-block-image size-large\"><a href=\"https:\/\/aprovacao.novaconcursos.com.br\/assinatura\" target=\"_blank\" rel=\"noreferrer noopener\"><img decoding=\"async\" src=\"https:\/\/www.novaconcursos.com.br\/portal\/wp-content\/uploads\/2022\/01\/Faixa-Frete-Gr%E2%80%A0tis-portal.png\" alt=\"assinatura completa\" class=\"wp-image-153078\" loading=\"lazy\" title=\"\"><\/a><figcaption><\/figcaption><\/figure>","protected":false},"excerpt":{"rendered":"<p>Aten\u00e7\u00e3o concurseiros! O novo concurso Sefaz MS com vagas para analistas de TI est\u00e1 com comiss\u00e3o formada. O edital j\u00e1 foi autorizado! Saiba mais! Confira: Livro 600 Quest\u00f5es Comentadas L\u00edngua Portuguesa Estude para o concurso dos seus sonhos com o M\u00e9todo que j\u00e1 ajudou na aprova\u00e7\u00e3o de mais de 70 mil alunos! Clique aqui e [&hellip;]<\/p>\n","protected":false},"author":54679,"featured_media":164381,"comment_status":"closed","ping_status":"closed","sticky":false,"template":"","format":"standard","meta":{"_acf_changed":false,"footnotes":"","_wp_rev_ctl_limit":""},"categories":[228],"tags":[],"class_list":["post-167443","post","type-post","status-publish","format-standard","has-post-thumbnail","hentry","category-noticias"],"acf":[],"_links":{"self":[{"href":"https:\/\/www.novaconcursos.com.br\/portal\/wp-json\/wp\/v2\/posts\/167443","targetHints":{"allow":["GET"]}}],"collection":[{"href":"https:\/\/www.novaconcursos.com.br\/portal\/wp-json\/wp\/v2\/posts"}],"about":[{"href":"https:\/\/www.novaconcursos.com.br\/portal\/wp-json\/wp\/v2\/types\/post"}],"author":[{"embeddable":true,"href":"https:\/\/www.novaconcursos.com.br\/portal\/wp-json\/wp\/v2\/users\/54679"}],"replies":[{"embeddable":true,"href":"https:\/\/www.novaconcursos.com.br\/portal\/wp-json\/wp\/v2\/comments?post=167443"}],"version-history":[{"count":9,"href":"https:\/\/www.novaconcursos.com.br\/portal\/wp-json\/wp\/v2\/posts\/167443\/revisions"}],"predecessor-version":[{"id":167521,"href":"https:\/\/www.novaconcursos.com.br\/portal\/wp-json\/wp\/v2\/posts\/167443\/revisions\/167521"}],"wp:featuredmedia":[{"embeddable":true,"href":"https:\/\/www.novaconcursos.com.br\/portal\/wp-json\/wp\/v2\/media\/164381"}],"wp:attachment":[{"href":"https:\/\/www.novaconcursos.com.br\/portal\/wp-json\/wp\/v2\/media?parent=167443"}],"wp:term":[{"taxonomy":"category","embeddable":true,"href":"https:\/\/www.novaconcursos.com.br\/portal\/wp-json\/wp\/v2\/categories?post=167443"},{"taxonomy":"post_tag","embeddable":true,"href":"https:\/\/www.novaconcursos.com.br\/portal\/wp-json\/wp\/v2\/tags?post=167443"}],"curies":[{"name":"wp","href":"https:\/\/api.w.org\/{rel}","templated":true}]}}