{"id":167616,"date":"2022-08-05T09:58:31","date_gmt":"2022-08-05T12:58:31","guid":{"rendered":"https:\/\/www.novaconcursos.com.br\/portal\/?p=167616"},"modified":"2022-08-05T09:58:36","modified_gmt":"2022-08-05T12:58:36","slug":"lei-geral-concursos-aprovado-camara-entenda-muda","status":"publish","type":"post","link":"https:\/\/www.novaconcursos.com.br\/portal\/noticias\/lei-geral-concursos-aprovado-camara-entenda-muda\/","title":{"rendered":"Lei Geral dos Concursos \u00e9 aprovado na C\u00e2mara. Entenda o que muda!"},"content":{"rendered":"<p>Aten\u00e7\u00e3o concurseiros! Nesta quinta feira, 4, o <strong>Plen\u00e1rio da C\u00e2mara dos Deputados<\/strong> aprovou o <a rel=\"noreferrer noopener\" aria-label=\"Projeto de Lei (PL) 252\/2003 (abre numa nova aba)\" href=\"https:\/\/www.camara.leg.br\/propostas-legislativas\/105464\" target=\"_blank\">Projeto de Lei (PL) 252\/2003<\/a> (Lei Geral dos Concursos), que estabelece novas regras para os concursos p\u00fablicos. Entenda!<\/p>\n\n\n\n<p>A <strong>proposta<\/strong> permite que os estados e munic\u00edpios definam suas pr\u00f3prias normas para a contrata\u00e7\u00e3o de servidores federais. <\/p>\n\n\n\n<p>Vale lembrar que, apesar da aprova\u00e7\u00e3o, o projeto ainda precisa ser avaliado pelo <strong>Senado. <\/strong><\/p>\n\n\n\n<p>Caso seja aprovado, a nova lei dever\u00e1 entrar em vigor no dia <strong>1\u00ba de janeiro<\/strong>, e <strong>n\u00e3o <\/strong>se aplicar\u00e1 a concursos em que a abertura tenha sido autorizada antes.<\/p>\n\n\n\n<ul class=\"wp-block-list\"><li>Confira: <a rel=\"noreferrer noopener\" aria-label=\"Guia Definitivo Plano de Estudos (Gr\u00e1tis) (abre numa nova aba)\" href=\"https:\/\/www.novaconcursos.com.br\/eventos\/guia-definitivo-plano-de-estudos-passo-a-passo\/?promo_creative=Guia+Definitivo+Plano+de+Estudos+%28Gr%C3%A1tis%29&amp;promo_name=noticia&amp;promo_id=%2Fportal%2Fnoticias%2Fconcurso-semsa-manaus-quando-serao-os-resultado&amp;promo_position=corpo-texto\" target=\"_blank\">Guia Definitivo Plano de Estudos (Gr\u00e1tis)<\/a> <\/li><\/ul><p><\/p>\n\n\n\n<p>Estude para o concurso dos seus sonhos com o <strong>M\u00e9todo<\/strong> que j\u00e1 ajudou na <strong>aprova\u00e7\u00e3o de mais de 70 mil alunos!<\/strong> <a rel=\"noreferrer noopener\" aria-label=\"Clique aqui (abre numa nova aba)\" href=\"https:\/\/aprovacao.novaconcursos.com.br\/assinatura\" target=\"_blank\">Clique aqui<\/a> e saiba mais!<\/p>\n\n\n\n<h2 class=\"wp-block-heading\" id=\"quais-as-principais-mudanas-que-o-projeto-de-lei-pl-2522003-\">Quais as principais mudan\u00e7as que o  <strong>Projeto de Lei (PL) 252\/2003<\/strong> prop\u00f5e?<\/h2>\n\n\n\n<p>De acordo com o<strong> deputado, Eduardo Cury<\/strong>, o projeto estabelece regras para todas as etapas de concursos:<\/p>\n\n\n\n<blockquote class=\"wp-block-quote is-layout-flow wp-block-quote-is-layout-flow\"><p> <em>\u201cO que se prop\u00f5e \u00e9 uma lei com normas m\u00ednimas para, preservando as experi\u00eancias de sucesso j\u00e1 em andamento, contribuir para a efetiva realiza\u00e7\u00e3o e para a moderniza\u00e7\u00e3o dos concursos p\u00fablicos no pa\u00eds\u201d, <\/em>explicou Cury.\u00a0 <\/p><\/blockquote>\n\n\n\n<p><\/p>\n\n\n\n<p>Dessa forma, uma das principais mudan\u00e7as aprovadas na proposta, \u00e9 em rela\u00e7\u00e3o ao<strong> modelo de prova,<\/strong> <strong>que poder\u00e1 ser online. <\/strong><\/p>\n\n\n\n<p>De acordo com o texto aprovado, ser\u00e3o validas as seguintes maneiras de <strong>avalia\u00e7\u00e3o<\/strong>:<\/p>\n\n\n\n<ul class=\"wp-block-list\"><li>Provas escritas, objetivas ou dissertativas, e provas orais que cubram conte\u00fados Gerais ou Espec\u00edficos;<\/li><li>Elabora\u00e7\u00e3o de documentos e simula\u00e7\u00e3o de tarefas pr\u00f3prias do cargo, bem como testes f\u00edsicos compat\u00edveis com as atividades habituais;<\/li><li>Avalia\u00e7\u00e3o psicol\u00f3gica, exame de higidez mental ou teste psicot\u00e9cnico, desde que conduzidos por profissional habilitado nos termos da regulamenta\u00e7\u00e3o espec\u00edfica; e<\/li><li>Provas de t\u00edtulos classificat\u00f3rias.<\/li><\/ul><p><\/p>\n\n\n\n<p>Contudo, as <strong>regras espec\u00edficas<\/strong> da nova Lei ser\u00e3o definidas por regulamento da<strong> Administra\u00e7\u00e3o P\u00fablica<\/strong> ou do \u00f3rg\u00e3o contratante, observados os padr\u00f5es legais de seguran\u00e7a da informa\u00e7\u00e3o.<\/p>\n\n\n\n<p>Confira alguns pontos a respeito dos <strong>conte\u00fados<\/strong> que devem constar nos editais dos concursos p\u00fablicos do <strong>Projeto de Lei (PL) 252\/2003:<\/strong><\/p>\n\n\n\n<blockquote class=\"wp-block-quote is-layout-flow wp-block-quote-is-layout-flow\"><p> <strong>Art. 65.<\/strong>\u00a0O fim do prazo de validade do concurso sem que hajam sido nomeados\u00a0os aprovados em n\u00famero igual ao de vagas imp\u00f5e \u00e0 administra\u00e7\u00e3o o dever de apresentar\u00a0justifica\u00e7\u00e3o objetiva e fundamentada das raz\u00f5es do n\u00e3o-aproveitamento dos remanescentes.\u00a0 <br><\/p><\/blockquote>\n\n\n\n<p><\/p>\n\n\n\n<blockquote class=\"wp-block-quote is-layout-flow wp-block-quote-is-layout-flow\"><p> <strong>Art. 67.<\/strong>\u00a0A realiza\u00e7\u00e3o de novo concurso p\u00fablico no prazo de validade de certame\u00a0anterior obriga a convoca\u00e7\u00e3o de todos os aprovados neste, dentro do n\u00famero de vagas, antes da nomea\u00e7\u00e3o do primeiro daquele.\u00a0 <\/p><\/blockquote>\n\n\n\n<p><\/p>\n\n\n\n<p>Por fim, de acordo com o<strong> deputado Eduardo Cury<\/strong>,  o projeto s\u00f3 est\u00e1 autorizando e dando seguran\u00e7a jur\u00eddica, exigindo assim uma regulamenta\u00e7\u00e3o. <\/p>\n\n\n\n<h2 class=\"wp-block-heading\" id=\"quais-concursos-no-entram-no-projeto-de-lei-pl-2522003-\">Quais concursos n\u00e3o entram no <strong>Projeto de Lei (PL) 252\/2003<\/strong> ?<\/h2>\n\n\n\n<p>Contudo, a Lei Geral dos Concursos <strong>n\u00e3o se aplicar\u00e1 <\/strong>aos seguintes concursos:<\/p>\n\n\n\n<ul class=\"wp-block-list\"><li>Magistratura (definidos por lei complementar de iniciativa do Supremo Tribunal Federal);<\/li><li>Minist\u00e9rio P\u00fablico;<\/li><li>Defensoria P\u00fablica da Uni\u00e3o;<\/li><li>For\u00e7as Armadas; e<\/li><li>Empresas p\u00fablicas e sociedades de economia mista,\u00a0que n\u00e3o recebam recursos da Uni\u00e3o ou dos estados e munic\u00edpios.<\/li><\/ul><p><\/p>\n\n\n\n<figure class=\"wp-block-image size-large\"><a href=\"https:\/\/aprovacao.novaconcursos.com.br\/assinatura\" target=\"_blank\" rel=\"noreferrer noopener\"><img decoding=\"async\" src=\"https:\/\/www.novaconcursos.com.br\/portal\/wp-content\/uploads\/2022\/01\/Faixa-Frete-Gr%E2%80%A0tis-portal.png\" alt=\"assinatura completa\" class=\"wp-image-153078\" loading=\"lazy\" title=\"\"><\/a><figcaption><\/figcaption><\/figure>","protected":false},"excerpt":{"rendered":"<p>Aten\u00e7\u00e3o concurseiros! Nesta quinta feira, 4, o Plen\u00e1rio da C\u00e2mara dos Deputados aprovou o Projeto de Lei (PL) 252\/2003 (Lei Geral dos Concursos), que estabelece novas regras para os concursos p\u00fablicos. Entenda! A proposta permite que os estados e munic\u00edpios definam suas pr\u00f3prias normas para a contrata\u00e7\u00e3o de servidores federais. Vale lembrar que, apesar da [&hellip;]<\/p>\n","protected":false},"author":54679,"featured_media":167635,"comment_status":"closed","ping_status":"closed","sticky":false,"template":"","format":"standard","meta":{"_acf_changed":false,"footnotes":"","_wp_rev_ctl_limit":""},"categories":[228],"tags":[],"class_list":["post-167616","post","type-post","status-publish","format-standard","has-post-thumbnail","hentry","category-noticias"],"acf":[],"_links":{"self":[{"href":"https:\/\/www.novaconcursos.com.br\/portal\/wp-json\/wp\/v2\/posts\/167616","targetHints":{"allow":["GET"]}}],"collection":[{"href":"https:\/\/www.novaconcursos.com.br\/portal\/wp-json\/wp\/v2\/posts"}],"about":[{"href":"https:\/\/www.novaconcursos.com.br\/portal\/wp-json\/wp\/v2\/types\/post"}],"author":[{"embeddable":true,"href":"https:\/\/www.novaconcursos.com.br\/portal\/wp-json\/wp\/v2\/users\/54679"}],"replies":[{"embeddable":true,"href":"https:\/\/www.novaconcursos.com.br\/portal\/wp-json\/wp\/v2\/comments?post=167616"}],"version-history":[{"count":14,"href":"https:\/\/www.novaconcursos.com.br\/portal\/wp-json\/wp\/v2\/posts\/167616\/revisions"}],"predecessor-version":[{"id":167636,"href":"https:\/\/www.novaconcursos.com.br\/portal\/wp-json\/wp\/v2\/posts\/167616\/revisions\/167636"}],"wp:featuredmedia":[{"embeddable":true,"href":"https:\/\/www.novaconcursos.com.br\/portal\/wp-json\/wp\/v2\/media\/167635"}],"wp:attachment":[{"href":"https:\/\/www.novaconcursos.com.br\/portal\/wp-json\/wp\/v2\/media?parent=167616"}],"wp:term":[{"taxonomy":"category","embeddable":true,"href":"https:\/\/www.novaconcursos.com.br\/portal\/wp-json\/wp\/v2\/categories?post=167616"},{"taxonomy":"post_tag","embeddable":true,"href":"https:\/\/www.novaconcursos.com.br\/portal\/wp-json\/wp\/v2\/tags?post=167616"}],"curies":[{"name":"wp","href":"https:\/\/api.w.org\/{rel}","templated":true}]}}