{"id":167818,"date":"2022-08-08T10:54:21","date_gmt":"2022-08-08T13:54:21","guid":{"rendered":"https:\/\/www.novaconcursos.com.br\/portal\/?p=167818"},"modified":"2022-08-08T10:54:25","modified_gmt":"2022-08-08T13:54:25","slug":"concurso-seed-ap-inscricoes-abertas-para-diversos-cargos","status":"publish","type":"post","link":"https:\/\/www.novaconcursos.com.br\/portal\/noticias\/concurso-seed-ap-inscricoes-abertas-para-diversos-cargos\/","title":{"rendered":"Concurso SEED AP: Inscri\u00e7\u00f5es abertas. 5.002 vagas para diversos cargos!"},"content":{"rendered":"<p>Aten\u00e7\u00e3o concurseiros! Foram <strong>abertas as inscri\u00e7\u00f5es<\/strong> para o<strong>\u00a0<\/strong><a href=\"https:\/\/www.novaconcursos.com.br\/portal\/concursos\/concurso-seed-ap\/\">concurso SEED AP<\/a>, que est\u00e1 ofertando 5.002 vagas em diversos cargos para a Secretaria de Educa\u00e7\u00e3o. Os sal\u00e1rios chegam a <strong>R$ 4,9 mil!<\/strong><\/p>\n\n\n\n<ul class=\"wp-block-list\"><li><strong>Confira<\/strong>:<a href=\"https:\/\/www.novaconcursos.com.br\/eventos\/guia-definitivo-plano-de-estudos-passo-a-passo\/\" target=\"_blank\" rel=\"noreferrer noopener\" aria-label=\" (abre numa nova aba)\">\u00a0Guia Definitivo \u2013 Plano de Estudos Passo a Passo (GR\u00c1TIS)<\/a><\/li><\/ul><p><\/p>\n\n\n\n<p>Estude para o concurso dos seus sonhos com o\u00a0<strong>M\u00e9todo<\/strong>\u00a0que j\u00e1 ajudou na\u00a0<strong>aprova\u00e7\u00e3o de mais de 70 mil alunos.<\/strong>\u00a0<a href=\"https:\/\/aprovacao.novaconcursos.com.br\/assinatura\" target=\"_blank\" rel=\"noreferrer noopener\" aria-label=\" (abre numa nova aba)\">Clique aqui<\/a>\u00a0e saiba mais!<\/p>\n\n\n\n<h2 class=\"wp-block-heading\" id=\"como-realizar-inscrio-para-o-concurso-seed-ap\">Como realizar inscri\u00e7\u00e3o para o Concurso SEED AP?<\/h2>\n\n\n\n<p>Assim, os interessados no concurso da Secretaria de Educa\u00e7\u00e3o do\u00a0<a href=\"https:\/\/www.novaconcursos.com.br\/portal\/concursos-previstos\/ap\">Estado do Amap\u00e1<\/a>\u00a0devem se atentar aos prazos.<\/p>\n\n\n\n<p>As inscri\u00e7\u00f5es foram abertas para o <strong>maior concurso da hist\u00f3ria<\/strong> do Amap\u00e1, em rela\u00e7\u00e3o ao n\u00famero de vagas, que passa dos 5 mil.<\/p>\n\n\n\n<p>Portanto, os interessados devem se inscrever no site da Funda\u00e7\u00e3o Get\u00falio Vargas (<a href=\"https:\/\/conhecimento.fgv.br\/concursos\/seadap22\" target=\"_blank\" rel=\"noreferrer noopener\" aria-label=\"FGV (abre numa nova aba)\">FGV<\/a>), banca organizadora, at\u00e9 o dia <strong>6 de setembro.<\/strong><\/p>\n\n\n\n<p>Al\u00e9m disso, haver\u00e1 cobran\u00e7a de uma taxa de <strong>R$ 70 <\/strong>para cargo do n\u00edvel m\u00e9dio e <strong>R$ 90<\/strong> para n\u00edvel superior.\u00a0 <\/p>\n\n\n\n<h3 class=\"wp-block-heading\">Isen\u00e7\u00e3o da taxa<\/h3>\n\n\n\n<p>Haver\u00e1 ainda a possibilidade de <strong>pedir a isen\u00e7\u00e3o<\/strong> da taxa, entre os dias 8 e 10 de agosto, tamb\u00e9m pelo site da banca. <\/p>\n\n\n\n<p>Assim, <strong>poder\u00e3o <\/strong>solicitar: membros de fam\u00edlias de baixa renda, doadores de medula \u00f3ssea, doadores de sangue, pessoas de defici\u00eancia e eleitores convocados e nomeados pela Justi\u00e7a Eleitoral do Estado do Amap\u00e1.<\/p>\n\n\n\n<p><a href=\"https:\/\/conhecimento.fgv.br\/sites\/default\/files\/concursos\/edital_sead-ap_-_20220805_vf.pdf\" target=\"_blank\" rel=\"noreferrer noopener\" aria-label=\"Confira o edital, clicando aqui! (abre numa nova aba)\">Confira o edital, clicando aqui!<\/a><\/p>\n\n\n\n<h2 class=\"wp-block-heading\" id=\"concurso-seed-ap-vagas-cargos-salrios-e-requisitos\">Concurso SEED AP: vagas, cargos, sal\u00e1rios e requisitos<\/h2>\n\n\n\n<p>Ademais, o concurso est\u00e1 ofertando um total de <strong>5.002 vagas\u00a0<\/strong>imediatas e para cadastro reserva.<\/p>\n\n\n\n<p>Al\u00e9m disso, com uma jornada de trabalho de 40 horas por semana, os sal\u00e1rios chegam a <strong>R$ 4,9 mil!<\/strong> <\/p>\n\n\n\n<p>Ademais, haver\u00e1 ainda<strong> reserva de vagas<\/strong> para pessoas com defici\u00eancia.\u00a0Portanto, veja a distribui\u00e7\u00e3o:<\/p>\n\n\n\n<ul class=\"wp-block-list\"><li><strong>Professor da Educa\u00e7\u00e3o B\u00e1sica e Profissional<\/strong><ul><li><strong>Vagas<\/strong>: 4.220, sendo 1.000 para contrata\u00e7\u00e3o imediata e 3.220 para cadastro de reserva.<\/li><li><strong>Requisitos<\/strong>:\u00a0Habilita\u00e7\u00e3o espec\u00edfica de n\u00edvel superior em licenciatura plena dentro da \u00e1rea ou \u00e1rea afim.<\/li><li><strong>Remunera\u00e7\u00e3o<\/strong>:\u00a0R$4.917,28.<\/li><\/ul><\/li><li><strong>Pedagogo<\/strong><ul><li><strong>Vagas<\/strong>: 400, sendo 100 para contrata\u00e7\u00e3o imediata e 300 para cadastro de reserva.<\/li><li><strong>Requisitos<\/strong>:\u00a0Gradua\u00e7\u00e3o com licenciatura plena em Pedagogia, com habilita\u00e7\u00e3o em supervis\u00e3o, orienta\u00e7\u00e3o, inspe\u00e7\u00e3o e\u00a0administra\u00e7\u00e3o escolar.<\/li><li><strong>Remunera\u00e7\u00e3o<\/strong>:\u00a0R$4.917,28.<\/li><\/ul><\/li><li><strong>Tradutor int\u00e9rprete de Libras\/L\u00edngua Portuguesa<\/strong><ul><li><strong>Vagas<\/strong>: 92, sendo 12 para contrata\u00e7\u00e3o imediata e 80 para cadastro de reserva.<\/li><li><strong>Requisitos<\/strong>:\u00a0Bacharelado em Letras\/Libras, com habilita\u00e7\u00e3o em tradu\u00e7\u00e3o e interpreta\u00e7\u00e3o de Libras \u2013 L\u00edngua Portuguesa; qualquer gradua\u00e7\u00e3o em n\u00edvel superior, acrescida de certificado de profici\u00eancia em tradu\u00e7\u00e3o e interpreta\u00e7\u00e3o de Libras \u2013 L\u00edngua Portuguesa.<\/li><li><strong>Remunera\u00e7\u00e3o<\/strong>:\u00a0R$3.864,62.<\/li><\/ul><\/li><li><strong>Cuidador<\/strong><ul><li><strong>Vagas<\/strong>: 290, sendo 70 para contrata\u00e7\u00e3o imediata e 220 para cadastro de reserva.<\/li><li><strong>Requisitos<\/strong>:\u00a0ensino m\u00e9dio completo e\u00a0Capacita\u00e7\u00e3o na \u00e1rea de educa\u00e7\u00e3o especial e sa\u00fade.<\/li><li><strong>Remunera\u00e7\u00e3o<\/strong>:\u00a0R$2.606,10.<\/li><\/ul><\/li><\/ul><p><\/p>\n\n\n\n<h2 class=\"wp-block-heading\" id=\"quando-e-como-sero-as-provas-do-concurso-seed-ap\"><strong>Quando e como ser\u00e3o as provas do concurso SEED AP<\/strong>?<\/h2>\n\n\n\n<p>Portanto, os interessados no concurso da Secretaria de Educa\u00e7\u00e3o do\u00a0<a href=\"https:\/\/www.novaconcursos.com.br\/portal\/concursos-abertos\/ap\">Estado do Amap\u00e1<\/a>\u00a0ser\u00e3o avaliados por provas objetivas e discursivas.<\/p>\n\n\n\n<p>Assim, ambas em car\u00e1ter eliminat\u00f3rio e classificat\u00f3rio, ser\u00e3o aplicadas no dia 16 de outubro. Veja os hor\u00e1rios:<\/p>\n\n\n\n<ul class=\"wp-block-list\"><li><strong>Manh\u00e3 <\/strong><ul><li><strong>das 08h \u00e0s 11h30:<\/strong>\u00a0provas para Tradutor;<\/li><li><strong>das 8h \u00e0s 12h:\u00a0<\/strong>provas para Cuidador;<\/li><\/ul><\/li><li><strong>Tarde <\/strong><ul><li><strong>das 15h \u00e0s 19h:<\/strong>\u00a0provas para Professor e Pedagogo.<\/li><\/ul><\/li><\/ul><p><\/p>\n\n\n\n<p>Nesta data, os participantes responder\u00e3o a <strong>60 quest\u00f5es<\/strong> de m\u00faltipla escolha. Portanto, confira a distribui\u00e7\u00e3o das disciplinas:<\/p>\n\n\n\n<ul class=\"wp-block-list\"><li>L\u00edngua Portuguesa: 10 quest\u00f5es;<\/li><li>Legisla\u00e7\u00e3o Educacional: 10 quest\u00f5es;<\/li><li>Hist\u00f3ria do Amap\u00e1: 5 quest\u00f5es;<\/li><li>Geografia do Amap\u00e1: 5 quest\u00f5es;<\/li><li>Conhecimentos Espec\u00edficos: 30 quest\u00f5es.<\/li><\/ul><p><\/p>\n\n\n\n<p>Al\u00e9m disso, na discursiva os candidatos aos cargos de Pedagogo e Cuidador dever\u00e3o elaborar uma <strong>reda\u00e7\u00e3o<\/strong>, enquanto os de Professor da Educa\u00e7\u00e3o B\u00e1sica e Profissional ser\u00e1 cobrado um <strong>estudo de caso.\u00a0<\/strong><\/p>\n\n\n\n<p>Por outro lado, para Tradutor ser\u00e1 exigida uma prova <strong>pr\u00e1tico-profissional,<\/strong> em data a ser divulgada posteriormente.\u00a0<\/p>\n\n\n\n<figure class=\"wp-block-image size-large\"><a href=\"https:\/\/aprovacao.novaconcursos.com.br\/assinatura\" target=\"_blank\" rel=\"noreferrer noopener\"><img decoding=\"async\" src=\"https:\/\/www.novaconcursos.com.br\/portal\/wp-content\/uploads\/2022\/01\/Faixa-Frete-Gr%E2%80%A0tis-portal.png\" alt=\"assinatura completa\" class=\"wp-image-153078\" loading=\"lazy\" title=\"\"><\/a><figcaption><\/figcaption><\/figure>","protected":false},"excerpt":{"rendered":"<p>Aten\u00e7\u00e3o concurseiros! Foram abertas as inscri\u00e7\u00f5es para o\u00a0concurso SEED AP, que est\u00e1 ofertando 5.002 vagas em diversos cargos para a Secretaria de Educa\u00e7\u00e3o. Os sal\u00e1rios chegam a R$ 4,9 mil! Confira:\u00a0Guia Definitivo \u2013 Plano de Estudos Passo a Passo (GR\u00c1TIS) Estude para o concurso dos seus sonhos com o\u00a0M\u00e9todo\u00a0que j\u00e1 ajudou na\u00a0aprova\u00e7\u00e3o de mais de [&hellip;]<\/p>\n","protected":false},"author":54671,"featured_media":161236,"comment_status":"closed","ping_status":"closed","sticky":false,"template":"","format":"standard","meta":{"_acf_changed":false,"footnotes":"","_wp_rev_ctl_limit":""},"categories":[228],"tags":[],"class_list":["post-167818","post","type-post","status-publish","format-standard","has-post-thumbnail","hentry","category-noticias"],"acf":[],"_links":{"self":[{"href":"https:\/\/www.novaconcursos.com.br\/portal\/wp-json\/wp\/v2\/posts\/167818","targetHints":{"allow":["GET"]}}],"collection":[{"href":"https:\/\/www.novaconcursos.com.br\/portal\/wp-json\/wp\/v2\/posts"}],"about":[{"href":"https:\/\/www.novaconcursos.com.br\/portal\/wp-json\/wp\/v2\/types\/post"}],"author":[{"embeddable":true,"href":"https:\/\/www.novaconcursos.com.br\/portal\/wp-json\/wp\/v2\/users\/54671"}],"replies":[{"embeddable":true,"href":"https:\/\/www.novaconcursos.com.br\/portal\/wp-json\/wp\/v2\/comments?post=167818"}],"version-history":[{"count":3,"href":"https:\/\/www.novaconcursos.com.br\/portal\/wp-json\/wp\/v2\/posts\/167818\/revisions"}],"predecessor-version":[{"id":167824,"href":"https:\/\/www.novaconcursos.com.br\/portal\/wp-json\/wp\/v2\/posts\/167818\/revisions\/167824"}],"wp:featuredmedia":[{"embeddable":true,"href":"https:\/\/www.novaconcursos.com.br\/portal\/wp-json\/wp\/v2\/media\/161236"}],"wp:attachment":[{"href":"https:\/\/www.novaconcursos.com.br\/portal\/wp-json\/wp\/v2\/media?parent=167818"}],"wp:term":[{"taxonomy":"category","embeddable":true,"href":"https:\/\/www.novaconcursos.com.br\/portal\/wp-json\/wp\/v2\/categories?post=167818"},{"taxonomy":"post_tag","embeddable":true,"href":"https:\/\/www.novaconcursos.com.br\/portal\/wp-json\/wp\/v2\/tags?post=167818"}],"curies":[{"name":"wp","href":"https:\/\/api.w.org\/{rel}","templated":true}]}}