{"id":168100,"date":"2022-08-10T10:17:33","date_gmt":"2022-08-10T13:17:33","guid":{"rendered":"https:\/\/www.novaconcursos.com.br\/portal\/?p=168100"},"modified":"2022-08-10T10:41:17","modified_gmt":"2022-08-10T13:41:17","slug":"concurso-trt-mg-edital-publicado","status":"publish","type":"post","link":"https:\/\/www.novaconcursos.com.br\/portal\/noticias\/concurso-trt-mg-edital-publicado\/","title":{"rendered":"Concurso TRT MG: Edital publicado. Iniciais de at\u00e9 R$ 14,2 mil!"},"content":{"rendered":"<p>Boa not\u00edcia, concurseiros! Foi publicado o\u00a0<strong>edital<\/strong>\u00a0do\u00a0<a href=\"https:\/\/www.novaconcursos.com.br\/portal\/concursos\/concurso-trt-mg\/\">concurso TRT MG<\/a>\u00a0com vagas para forma\u00e7\u00e3o de cadastro de reserva nos <strong>cargos de T\u00e9cnico e Analista Judici\u00e1rios<\/strong>. Inscri\u00e7\u00f5es come\u00e7am amanh\u00e3 (11\/08).<\/p>\n\n\n\n<ul class=\"wp-block-list\"><li><strong>Confira:\u00a0<\/strong><a href=\"https:\/\/www.novaconcursos.com.br\/livro-impresso\/questoes-a-trt-tribunal-regional-trabalho\" target=\"_blank\" rel=\"noreferrer noopener\" aria-label=\" (abre numa nova aba)\">Livro de Quest\u00f5es Comentadas TRT<\/a><\/li><\/ul><p><\/p>\n\n\n\n<p>Estude para o concurso dos seus sonhos com o\u00a0<strong>M\u00e9todo<\/strong>\u00a0que j\u00e1 ajudou na\u00a0<strong>aprova\u00e7\u00e3o de mais de 70 mil alunos.<\/strong>\u00a0<a href=\"https:\/\/aprovacao.novaconcursos.com.br\/assinatura\" target=\"_blank\" rel=\"noreferrer noopener\" aria-label=\" (abre numa nova aba)\">Clique aqui<\/a>\u00a0e saiba mais!<\/p>\n\n\n\n<h2 class=\"wp-block-heading\" id=\"concurso-trt-mg-como-realizar-inscrio\">Concurso TRT MG: como realizar inscri\u00e7\u00e3o?<\/h2>\n\n\n\n<p>Sendo assim, \u00e9 importante destacar que as inscri\u00e7\u00f5es para o concurso do Tribunal Regional do Trabalho de <a href=\"https:\/\/www.novaconcursos.com.br\/portal\/concursos-previstos\/mg\/\">Minas Gerais<\/a> come\u00e7am nesta quinta-feira, <strong>11 de agosto.<\/strong><\/p>\n\n\n\n<ul class=\"wp-block-list\"><li><strong>Adquira:\u00a0<\/strong><a href=\"https:\/\/www.novaconcursos.com.br\/curso-online\/trt3-regiao-tecnico-judiciario-area-administrativa\" target=\"_blank\" rel=\"noreferrer noopener\" aria-label=\" (abre numa nova aba)\">Curso Online TRT-MG<\/a><\/li><\/ul><p><\/p>\n\n\n\n<p>Portanto, elas poder\u00e3o ser realizadas por meio do site <a rel=\"noreferrer noopener\" href=\"http:\/\/www.fumarc.com.br\/\" target=\"_blank\">da Fumarc<\/a>, a banca organizadora, at\u00e9 o dia<strong> 9 de setembro. <\/strong><\/p>\n\n\n\n<p>Por \u00faltimo, para confirmar a participa\u00e7\u00e3o, ser\u00e1 preciso pagar at\u00e9 o dia<strong> 12 de setembro <\/strong>a taxa de inscri\u00e7\u00e3o. Assim, confira os valores:<\/p>\n\n\n\n<ul class=\"wp-block-list\"><li>R$ 90 para T\u00e9cnicos <\/li><li>R$ 110 para Analistas<\/li><\/ul><p><\/p>\n\n\n\n<p><a href=\"https:\/\/dhg1h5j42swfq.cloudfront.net\/2022\/08\/09194102\/edital-trt3-1.pdf\" target=\"_blank\" rel=\"noreferrer noopener\" aria-label=\"Confira o edital completo, clicando aqui! (abre numa nova aba)\">Confira o edital completo, clicando aqui!<\/a><\/p>\n\n\n\n<h2 class=\"wp-block-heading\" id=\"quais-as-vagas-e-cargos-do-concurso-trt-mg\">Quais as vagas e cargos do concurso TRT MG?<\/h2>\n\n\n\n<p>Vale destacar, ent\u00e3o, que o concurso do Tribunal Regional do Trabalho de <a href=\"https:\/\/www.novaconcursos.com.br\/portal\/concursos-abertos\/mg\/\">Minas Gerais<\/a> n\u00e3o ter\u00e1 vagas imediatas.<\/p>\n\n\n\n<p>Assim, ser\u00e1 formado um cadastro reserva para que possa ser utilizado durante toda a validade do certame.<\/p>\n\n\n\n<p>Al\u00e9m disso, as contrata\u00e7\u00f5es ser\u00e3o por <strong>regime estatut\u00e1rio<\/strong>, ou seja, que assegura a\u00a0<strong>estabilidade\u00a0<\/strong>empregat\u00edcia ao servidor. <\/p>\n\n\n\n<p>Portanto, s\u00e3o oportunidades entre<strong>\u00a0cargos de T\u00e9cnico e Analista Judici\u00e1rios<\/strong>, que exigem os\u00a0<strong>n\u00edveis m\u00e9dio e superior<\/strong>, respectivamente.\u00a0Veja a distribui\u00e7\u00e3o:<\/p>\n\n\n\n<ul class=\"wp-block-list\"><li><strong>N\u00edvel m\u00e9dio<\/strong><ul><li>T\u00e9cnico judici\u00e1rio \u2013 \u00e1rea administrativa; especialidade:<ul><li>agente da Pol\u00edcia Judicial;<\/li><li>contabilidade;<\/li><li>enfermagem do trabalho; e<\/li><li>Tecnologia da Informa\u00e7\u00e3o.<\/li><\/ul><\/li><\/ul><\/li><li><strong>N\u00edvel superior<\/strong><ul><li>Analista judici\u00e1rio \u2013 \u00e1rea <ul><li>judici\u00e1ria \u2013 especialidade oficial de Justi\u00e7a avaliador federal;<\/li><li>judici\u00e1ria;<\/li><li>administrativa;<\/li><li>administrativa \u2013 especialidade contabilidade;<\/li><li>apoio especializado \u2013 especialidades<ul><li>arquitetura;<\/li><li>arquivologia;<\/li><li>Comunica\u00e7\u00e3o Social;<\/li><li>Engenharia <ul><li>Civil;<\/li><li>El\u00e9trica;<\/li><li>Mec\u00e2nica;<\/li><li>Seguran\u00e7a do Trabalho;<\/li><\/ul><\/li><li>Estat\u00edstica;<\/li><li>Medicina;<ul><li>Cardiologia;<\/li><li>do Trabalho;<\/li><\/ul><\/li><li>Psiquiatria;<\/li><li>Odontologia;<ul><li>Endodontia;<\/li><li>Pediatria;<\/li><li>Periodontia;<\/li><li>Pr\u00f3tese;<\/li><\/ul><\/li><li>Psicologia;<\/li><li>Servi\u00e7o Social;<\/li><li>Tecnologia da Informa\u00e7\u00e3o.<\/li><\/ul><\/li><\/ul><\/li><\/ul><\/li><\/ul><p><\/p>\n\n\n\n<h2 class=\"wp-block-heading\" id=\"quais-os-salrios-dos-tcnicos-e-analistas-do-trt-mg\"><strong>Quais os sal\u00e1rios dos T\u00e9cnicos e Analistas do TRT MG?<\/strong><\/h2>\n\n\n\n<p>Os sal\u00e1rios ofertados no TRT MG costumam ser bem atrativos. Sendo assim, veja abaixo os <strong>valores <\/strong>para as duas carreiras que ser\u00e3o contempladas:<\/p>\n\n\n\n<ul class=\"wp-block-list\"><li>R$ 7.591,37 para T\u00e9cnicos; e<\/li><li>R$ 12.455,30 para Analistas.<\/li><\/ul><p><\/p>\n\n\n\n<p>Assim, os valores s\u00e3o <strong>compostos <\/strong>pelo vencimento b\u00e1sico mais a Gratifica\u00e7\u00e3o por Atividade Jur\u00eddica (GAJ). <\/p>\n\n\n\n<p>Al\u00e9m disso, os servidores contratados ainda fazem jus a outros <strong>benef\u00edcios <\/strong>como o aux\u00edlio-alimenta\u00e7\u00e3o.<\/p>\n\n\n\n<h2 class=\"wp-block-heading\" id=\"como-e-quando-sero-as-provas-do-concurso-trt-mg\"><strong>Como e quando ser\u00e3o as provas do concurso TRT MG?<\/strong><\/h2>\n\n\n\n<p>Ademais, os inscritos no concurso devem se atentar, pois ser\u00e3o avaliados por meio de\u00a0<strong>provas objetivas e discursivas<\/strong>. <\/p>\n\n\n\n<p>Portanto, elas ter\u00e3o car\u00e1ter eliminat\u00f3rio e classificat\u00f3rio e ser\u00e3o aplicadas no dia<strong> 23 de outubro.<\/strong><\/p>\n\n\n\n<p>Tamb\u00e9m haver\u00e1 uma <strong>prova pr\u00e1tica<\/strong> destinada ao T\u00e9cnico Judici\u00e1rio na especialidade Agente de Pol\u00edcia Judicial.<\/p>\n\n\n\n<p>Vale destacar que a avalia\u00e7\u00e3o objetiva ter\u00e1 60 quest\u00f5es, isso para todos os cargos. Ademais, confira abaixo as disciplinas:<\/p>\n\n\n\n<ul class=\"wp-block-list\"><li>L\u00edngua Portuguesa;<\/li><li>No\u00e7\u00f5es de Inform\u00e1tica;<\/li><li>Legisla\u00e7\u00e3o; e<\/li><li>No\u00e7\u00f5es de Direito.<\/li><\/ul><p><\/p>\n\n\n\n<p>Enquanto isso, na <strong>discursiva <\/strong>o candidato ter\u00e1 que desenvolver um texto dissertativo. Entretanto, o tema ser\u00e1 conhecido no momento da avalia\u00e7\u00e3o. <\/p>\n\n\n\n<p>Al\u00e9m disso, a <strong>reda\u00e7\u00e3o <\/strong>ser\u00e1 aplicada no mesmo dia da objetiva. Ademais, ser\u00e1 avaliada em uma escala de zero a 50 pontos.<\/p>\n\n\n\n<figure class=\"wp-block-image size-large\"><a href=\"https:\/\/aprovacao.novaconcursos.com.br\/assinatura\" target=\"_blank\" rel=\"noreferrer noopener\"><img decoding=\"async\" src=\"https:\/\/www.novaconcursos.com.br\/portal\/wp-content\/uploads\/2022\/01\/Faixa-Frete-Gr%E2%80%A0tis-portal.png\" alt=\"assinatura completa\" class=\"wp-image-153078\" loading=\"lazy\" title=\"\"><\/a><figcaption><\/figcaption><\/figure>","protected":false},"excerpt":{"rendered":"<p>Boa not\u00edcia, concurseiros! Foi publicado o\u00a0edital\u00a0do\u00a0concurso TRT MG\u00a0com vagas para forma\u00e7\u00e3o de cadastro de reserva nos cargos de T\u00e9cnico e Analista Judici\u00e1rios. Inscri\u00e7\u00f5es come\u00e7am amanh\u00e3 (11\/08). Confira:\u00a0Livro de Quest\u00f5es Comentadas TRT Estude para o concurso dos seus sonhos com o\u00a0M\u00e9todo\u00a0que j\u00e1 ajudou na\u00a0aprova\u00e7\u00e3o de mais de 70 mil alunos.\u00a0Clique aqui\u00a0e saiba mais! Concurso TRT MG: [&hellip;]<\/p>\n","protected":false},"author":54671,"featured_media":158929,"comment_status":"closed","ping_status":"closed","sticky":false,"template":"","format":"standard","meta":{"_acf_changed":false,"footnotes":"","_wp_rev_ctl_limit":""},"categories":[228],"tags":[],"class_list":["post-168100","post","type-post","status-publish","format-standard","has-post-thumbnail","hentry","category-noticias"],"acf":[],"_links":{"self":[{"href":"https:\/\/www.novaconcursos.com.br\/portal\/wp-json\/wp\/v2\/posts\/168100","targetHints":{"allow":["GET"]}}],"collection":[{"href":"https:\/\/www.novaconcursos.com.br\/portal\/wp-json\/wp\/v2\/posts"}],"about":[{"href":"https:\/\/www.novaconcursos.com.br\/portal\/wp-json\/wp\/v2\/types\/post"}],"author":[{"embeddable":true,"href":"https:\/\/www.novaconcursos.com.br\/portal\/wp-json\/wp\/v2\/users\/54671"}],"replies":[{"embeddable":true,"href":"https:\/\/www.novaconcursos.com.br\/portal\/wp-json\/wp\/v2\/comments?post=168100"}],"version-history":[{"count":4,"href":"https:\/\/www.novaconcursos.com.br\/portal\/wp-json\/wp\/v2\/posts\/168100\/revisions"}],"predecessor-version":[{"id":168137,"href":"https:\/\/www.novaconcursos.com.br\/portal\/wp-json\/wp\/v2\/posts\/168100\/revisions\/168137"}],"wp:featuredmedia":[{"embeddable":true,"href":"https:\/\/www.novaconcursos.com.br\/portal\/wp-json\/wp\/v2\/media\/158929"}],"wp:attachment":[{"href":"https:\/\/www.novaconcursos.com.br\/portal\/wp-json\/wp\/v2\/media?parent=168100"}],"wp:term":[{"taxonomy":"category","embeddable":true,"href":"https:\/\/www.novaconcursos.com.br\/portal\/wp-json\/wp\/v2\/categories?post=168100"},{"taxonomy":"post_tag","embeddable":true,"href":"https:\/\/www.novaconcursos.com.br\/portal\/wp-json\/wp\/v2\/tags?post=168100"}],"curies":[{"name":"wp","href":"https:\/\/api.w.org\/{rel}","templated":true}]}}