{"id":168124,"date":"2022-08-10T10:38:12","date_gmt":"2022-08-10T13:38:12","guid":{"rendered":"https:\/\/www.novaconcursos.com.br\/portal\/?p=168124"},"modified":"2022-08-10T10:38:17","modified_gmt":"2022-08-10T13:38:17","slug":"concurso-mpt-saiu-o-edital-para-procurador","status":"publish","type":"post","link":"https:\/\/www.novaconcursos.com.br\/portal\/noticias\/concurso-mpt-saiu-o-edital-para-procurador\/","title":{"rendered":"Concurso MPT: Saiu o edital para Procurador. Iniciais de R$ 28 mil!"},"content":{"rendered":"<p>Boa not\u00edcia para os concurseiros!\u00a0Foi <strong>publicado o edital <\/strong>do\u00a0<a href=\"https:\/\/www.novaconcursos.com.br\/portal\/concursos\/concurso-mpt\/\">concurso MPT<\/a> (Minist\u00e9rio P\u00fablico do Trabalho), para a carreira de Procurador. S\u00e3o <strong>05 vagas imediatas <\/strong>e mais um cadastro reserva.<\/p>\n\n\n\n<ul class=\"wp-block-list\"><li><strong>Confira:<\/strong>\u00a0<a href=\"https:\/\/www.novaconcursos.com.br\/eventos\/guia-definitivo-como-montar-um-mapa-mental\/\" target=\"_blank\" rel=\"noreferrer noopener\" aria-label=\" (abre numa nova aba)\">Guia Definitivo Como montar um mapa mental (Gr\u00e1tis)<\/a><\/li><\/ul><p><\/p>\n\n\n\n<p>Estude para o concurso dos seus sonhos com o\u00a0<strong>M\u00e9todo<\/strong>\u00a0que j\u00e1 ajudou na\u00a0<strong>aprova\u00e7\u00e3o de mais de 70 mil alunos.<\/strong>\u00a0<a href=\"https:\/\/aprovacao.novaconcursos.com.br\/assinatura\" target=\"_blank\" rel=\"noreferrer noopener\" aria-label=\" (abre numa nova aba)\">Clique aqui<\/a>\u00a0e saiba mais!<\/p>\n\n\n\n<h2 class=\"wp-block-heading\" id=\"concurso-mpt-como-realizar-inscrio\">Concurso MPT: como realizar inscri\u00e7\u00e3o?<\/h2>\n\n\n\n<p>Sendo assim, o\u00a0<strong>Minist\u00e9rio P\u00fablico do Trabalho<\/strong>\u00a0lan\u00e7ou um novo <a href=\"https:\/\/www.novaconcursos.com.br\/portal\/concursos-previstos\/nacional\">concurso p\u00fablico<\/a> para Promotores e as inscri\u00e7\u00f5es come\u00e7am nos pr\u00f3ximos dias.<\/p>\n\n\n\n<p>Portanto, elas poder\u00e3o ser realizadas entre os dias<strong> 12 de agosto e 12 de setembro,<\/strong> ou seja, ficar\u00e3o abertas por um m\u00eas.<\/p>\n\n\n\n<p>Ademais, as inscri\u00e7\u00f5es devem ser feitas no <a href=\"https:\/\/concurso.mpt.mp.br\/concurso\/index.wsp\" target=\"_blank\" rel=\"noreferrer noopener\" aria-label=\"site do MPT (abre numa nova aba)\">site do MPT<\/a>. Al\u00e9m disso, as taxas foram definidas em <strong>R$ 250,00. <\/strong><\/p>\n\n\n\n<p>Ali\u00e1s, quem deixar a inscri\u00e7\u00e3o para o \u00faltimo dia poder\u00e1 efetuar o pagamento at\u00e9 13 de setembro.<\/p>\n\n\n\n<p><a rel=\"noreferrer noopener\" aria-label=\"Confira o edital completo, clicando aqui! (abre numa nova aba)\" href=\"https:\/\/dhg1h5j42swfq.cloudfront.net\/2022\/08\/10052302\/edital-publicado-mpt.pdf\" target=\"_blank\">Confira o edital completo, clicando aqui!<\/a><\/p>\n\n\n\n<h2 class=\"wp-block-heading\" id=\"quais-as-vagas-e-os-cargos-do-concurso-mpt\">Quais as vagas e os cargos do concurso MPT?<\/h2>\n\n\n\n<p>Sendo assim, o\u00a0<a href=\"https:\/\/www.novaconcursos.com.br\/portal\/concursos-previstos\/nacional\">concurso p\u00fablico<\/a>\u00a0est\u00e1 oferecendo um total de <strong>05 vagas<\/strong>\u00a0imediatas, que ser\u00e3o para as sedes das:<\/p>\n\n\n\n<ul class=\"wp-block-list\"><li>Procuradorias Regionais do Trabalho <ul><li>10\u00aa Regi\u00e3o \u2013 Bras\u00edlia\/DF<\/li><li>15\u00aa Regi\u00e3o \u2013 Campinas\/SP<\/li><li>21\u00aa Regi\u00e3o \u2013 Natal\/RN <\/li><\/ul><\/li><li>Procuradorias do Trabalho nos Munic\u00edpios <ul><li>Ji-Paran\u00e1\/RO <\/li><li>Alta Floresta\/MT\u00a0. <\/li><\/ul><\/li><\/ul><p><\/p>\n\n\n\n<p>Al\u00e9m disso, haver\u00e1 a forma\u00e7\u00e3o de um <strong>cadastro reserva<\/strong>, que poder\u00e1 ser utilizado durante a validade do certame.<\/p>\n\n\n\n<p>Vale destacar ainda que a sele\u00e7\u00e3o \u00e9 para o n\u00edvel superior, no cargo de Procurador, que tem sal\u00e1rios de <strong>R$ 28.947,55 mil a R$ 32.074,85. <\/strong><\/p>\n\n\n\n<h3 class=\"wp-block-heading\">Atribui\u00e7\u00f5es<\/h3>\n\n\n\n<p>Aquelas especificadas nos artigos 83, 84 e 112 da Lei Complementar n\u00ba 75\/1993, e, para investidura no cargo, exige-se do(a) candidato(a) nacionalidade brasileira na forma do artigo 12 da Constitui\u00e7\u00e3o Federal.<\/p>\n\n\n\n<h2 class=\"wp-block-heading\" id=\"concurso-mpt-como-sero-as-provas\">Concurso MPT: como ser\u00e3o as provas?<\/h2>\n\n\n\n<p>Os inscritos no concurso MPT ser\u00e3o avaliados por meio de <strong>v\u00e1rias etapas<\/strong> de sele\u00e7\u00e3o. Portanto, veja quais s\u00e3o e as datas previstas:<\/p>\n\n\n\n<ul class=\"wp-block-list\"><li>Provas<ul><li>Objetiva \u2013 13\/11<\/li><li>Discursiva \u2013 24\/01\/2023<\/li><li>Pr\u00e1tica \u2013 10\/03\/2023<\/li><\/ul><\/li><li>Inscri\u00e7\u00e3o definitiva \u2013 05 a 12\/05\/2023<\/li><li>Prova Oral \u2013 29\/05 a 02\/06\/2023<\/li><\/ul><p><\/p>\n\n\n\n<p>Assim, a prova objetiva, marcada para novembro, ser\u00e1 aplicada com o <strong>conte\u00fado program\u00e1tico<\/strong> se dividindo em tr\u00eas grupos. Portanto, veja:<\/p>\n\n\n\n<ul class=\"wp-block-list\"><li><strong>Grupo I<\/strong><ul><li>Direito<ul><li>Constitucional<\/li><li>Humanos<\/li><li>Individual Do Trabalho<\/li><li>Coletivo Do Trabalho<\/li><li>Ambiental Do Trabalho<\/li><li>Processual Do Trabalho<\/li><li>Jur\u00eddico Do Minist\u00e9rio P\u00fablico<\/li><\/ul><\/li><\/ul><\/li><li><strong>Grupo II<\/strong><ul><li>Direito      <ul><li>Administrativo<\/li><li>Civil E Direito De Empresa<\/li><li>Processual Civil<\/li><\/ul><\/li><\/ul><\/li><li><strong>Grupo III<\/strong><ul><li>Seguridade Social E Direito Previdenci\u00e1rio<\/li><li>Direito Penal<\/li><li>Direito Internacional\u00a0 \u00a0<\/li><\/ul><\/li><\/ul><p><\/p>\n\n\n\n<p>Ademais, os locais de prova ainda n\u00e3o foram liberados, claro. Entretanto, j\u00e1 se sabe as cidades em que haver\u00e1 <strong>aplica\u00e7\u00e3o<\/strong>.<\/p>\n\n\n\n<p>Portanto, a avalia\u00e7\u00e3o vai acontecer nas\u00a0<strong>cidades\u00a0<\/strong>que sediam procuradorias regionais do trabalho e nos munic\u00edpios de:<\/p>\n\n\n\n<ul class=\"wp-block-list\"><li>Boa Vista\/RR;<\/li><li>Macap\u00e1\/AP;<\/li><li>Palmas\/TO; e<\/li><li>Rio Branco\/AC.<\/li><\/ul><p><\/p>\n\n\n\n<figure class=\"wp-block-image size-large\"><a href=\"https:\/\/aprovacao.novaconcursos.com.br\/assinatura\" target=\"_blank\" rel=\"noreferrer noopener\"><img decoding=\"async\" src=\"https:\/\/www.novaconcursos.com.br\/portal\/wp-content\/uploads\/2022\/01\/Faixa-Frete-Gr%E2%80%A0tis-portal.png\" alt=\"assinatura completa\" class=\"wp-image-153078\" loading=\"lazy\" title=\"\"><\/a><figcaption><\/figcaption><\/figure>","protected":false},"excerpt":{"rendered":"<p>Boa not\u00edcia para os concurseiros!\u00a0Foi publicado o edital do\u00a0concurso MPT (Minist\u00e9rio P\u00fablico do Trabalho), para a carreira de Procurador. S\u00e3o 05 vagas imediatas e mais um cadastro reserva. Confira:\u00a0Guia Definitivo Como montar um mapa mental (Gr\u00e1tis) Estude para o concurso dos seus sonhos com o\u00a0M\u00e9todo\u00a0que j\u00e1 ajudou na\u00a0aprova\u00e7\u00e3o de mais de 70 mil alunos.\u00a0Clique aqui\u00a0e [&hellip;]<\/p>\n","protected":false},"author":54671,"featured_media":164331,"comment_status":"closed","ping_status":"closed","sticky":false,"template":"","format":"standard","meta":{"_acf_changed":false,"footnotes":"","_wp_rev_ctl_limit":""},"categories":[228],"tags":[],"class_list":["post-168124","post","type-post","status-publish","format-standard","has-post-thumbnail","hentry","category-noticias"],"acf":[],"_links":{"self":[{"href":"https:\/\/www.novaconcursos.com.br\/portal\/wp-json\/wp\/v2\/posts\/168124","targetHints":{"allow":["GET"]}}],"collection":[{"href":"https:\/\/www.novaconcursos.com.br\/portal\/wp-json\/wp\/v2\/posts"}],"about":[{"href":"https:\/\/www.novaconcursos.com.br\/portal\/wp-json\/wp\/v2\/types\/post"}],"author":[{"embeddable":true,"href":"https:\/\/www.novaconcursos.com.br\/portal\/wp-json\/wp\/v2\/users\/54671"}],"replies":[{"embeddable":true,"href":"https:\/\/www.novaconcursos.com.br\/portal\/wp-json\/wp\/v2\/comments?post=168124"}],"version-history":[{"count":4,"href":"https:\/\/www.novaconcursos.com.br\/portal\/wp-json\/wp\/v2\/posts\/168124\/revisions"}],"predecessor-version":[{"id":168132,"href":"https:\/\/www.novaconcursos.com.br\/portal\/wp-json\/wp\/v2\/posts\/168124\/revisions\/168132"}],"wp:featuredmedia":[{"embeddable":true,"href":"https:\/\/www.novaconcursos.com.br\/portal\/wp-json\/wp\/v2\/media\/164331"}],"wp:attachment":[{"href":"https:\/\/www.novaconcursos.com.br\/portal\/wp-json\/wp\/v2\/media?parent=168124"}],"wp:term":[{"taxonomy":"category","embeddable":true,"href":"https:\/\/www.novaconcursos.com.br\/portal\/wp-json\/wp\/v2\/categories?post=168124"},{"taxonomy":"post_tag","embeddable":true,"href":"https:\/\/www.novaconcursos.com.br\/portal\/wp-json\/wp\/v2\/tags?post=168124"}],"curies":[{"name":"wp","href":"https:\/\/api.w.org\/{rel}","templated":true}]}}