{"id":168155,"date":"2022-08-10T11:36:19","date_gmt":"2022-08-10T14:36:19","guid":{"rendered":"https:\/\/www.novaconcursos.com.br\/portal\/?p=168155"},"modified":"2022-08-10T11:36:23","modified_gmt":"2022-08-10T14:36:23","slug":"concurso-detran-ap-banca-definida-edital-em-setembro","status":"publish","type":"post","link":"https:\/\/www.novaconcursos.com.br\/portal\/noticias\/concurso-detran-ap-banca-definida-edital-em-setembro\/","title":{"rendered":"Concurso Detran AP: Banca definida. Edital em setembro com 127 vagas!"},"content":{"rendered":"<p>Aten\u00e7\u00e3o concurseiros! Est\u00e1 pr\u00f3ximo o <strong>primeiro concurso <\/strong>da hist\u00f3ria do Detran AP (Departamento de Tr\u00e2nsito do <a href=\"https:\/\/www.novaconcursos.com.br\/portal\/concursos-abertos\/ap\">Amap\u00e1<\/a>), com <strong>127 vagas<\/strong>! A banca organizadora est\u00e1 definida e o edital previsto para setembro!<\/p>\n\n\n\n<ul class=\"wp-block-list\"><li><strong>Confira:<\/strong>\u00a0<a rel=\"noreferrer noopener\" aria-label=\" (abre numa nova aba)\" href=\"https:\/\/www.novaconcursos.com.br\/eventos\/guia-definitivo-como-montar-um-mapa-mental\/\" target=\"_blank\">Guia Definitivo Como montar um mapa mental (Gr\u00e1tis)<\/a><\/li><\/ul><p><\/p>\n\n\n\n<p>Estude para o concurso dos seus sonhos com o\u00a0<strong>M\u00e9todo<\/strong>\u00a0que j\u00e1 ajudou na\u00a0<strong>aprova\u00e7\u00e3o de mais de 70 mil alunos.<\/strong>\u00a0<a rel=\"noreferrer noopener\" aria-label=\" (abre numa nova aba)\" href=\"https:\/\/aprovacao.novaconcursos.com.br\/assinatura\" target=\"_blank\">Clique aqui<\/a>\u00a0e saiba mais!<\/p>\n\n\n\n<h2 class=\"wp-block-heading\" id=\"concurso-detran-ap-quando-sai-o-edital\">Concurso Detran AP: quando sai o edital?<\/h2>\n\n\n\n<p>\u00c9 o que os concurseiros querem saber, uma vez que <strong>este ser\u00e1 o primeiro <\/strong>concurso p\u00fablico da hist\u00f3ria do Departamento de Tr\u00e2nsito do <a href=\"https:\/\/www.novaconcursos.com.br\/portal\/concursos-previstos\/ap\">Amap\u00e1<\/a>.<\/p>\n\n\n\n<p>Assim, o documento j\u00e1 tem previs\u00e3o de ser publicado. Segundo o \u00f3rg\u00e3o, ele deve sair no pr\u00f3ximo m\u00eas, ou seja, em <strong>setembro<\/strong>.<\/p>\n\n\n\n<p>\u201c<em>Este \u00e9 o primeiro concurso da autarquia. Gra\u00e7as ao esfor\u00e7o para equil\u00edbrio das contas p\u00fablicas e cumprimento da Lei de Responsabilidade Fiscal, seguimos com o nosso calend\u00e1rio de concursos\u201d,<\/em> disse o governador Waldez G\u00f3es nas redes sociais.<\/p>\n\n\n\n<p> \u201c<em>A previs\u00e3o \u00e9 que o edital seja publicado em setembro, com cargos para os n\u00edveis m\u00e9dio e superior\u201d<\/em>, completou o governador. <\/p>\n\n\n\n<h3 class=\"wp-block-heading\">Banca escolhida<\/h3>\n\n\n\n<p>Portanto, a banca organizadora da sele\u00e7\u00e3o j\u00e1 est\u00e1 escolhida e ser\u00e1 a <strong>Funda\u00e7\u00e3o Carlos Chagas (FCC)<\/strong>.<\/p>\n\n\n\n<p>Assim, a escolha foi anunciada pelo pr\u00f3prio governador Waldez G\u00f3es, por meio de suas\u00a0<strong>redes sociais<\/strong>.<\/p>\n\n\n\n<p><em>\u201cOl\u00e1, concurseiros! Autorizei a contrata\u00e7\u00e3o da banca organizadora para o concurso do Detran. A Funda\u00e7\u00e3o Carlos Chagas organizar\u00e1 o certame\u201d<\/em> escreveu ele.<\/p>\n\n\n\n<p>Portanto, em breve deve ser publicada a <strong>dispensa <\/strong>de licita\u00e7\u00e3o e o <strong>contrato <\/strong>assinado entre as partes.<\/p>\n\n\n\n<p>Somente depois disso \u00e9 que o edital se torna <strong>iminente<\/strong>, podendo ser publicado a qualquer momento.<\/p>\n\n\n\n<h3 class=\"wp-block-heading\">Comiss\u00e3o formada<\/h3>\n\n\n\n<p>Vale destacar que desde mar\u00e7o, quando foi formada, a <strong>comiss\u00e3o <\/strong>organizadora trabalha nos tr\u00e2mites da sele\u00e7\u00e3o. Veja quem s\u00e3o os membros:<\/p>\n\n\n\n<ul class=\"wp-block-list\"><li><strong>\u00a0Representantes do Detran<\/strong><ul><li>In\u00e1cio Monteiro Maciel \u2013 Presidente<\/li><li>Jos\u00e9 Furtado de Sousa J\u00fanior \u2013 Suplente do Presidente<\/li><li>Eliege Carvalho dos Anjos \u2013 Membro<\/li><li>Val\u00e9ria da Luz Bezerra de Vasconcelos \u2013 Membro<\/li><\/ul><\/li><li><strong>Representantes da Sead<\/strong><ul><li>Astrid Maria dos Santos Cavalcante \u2013 Membro<\/li><li>Dinaldo Pereira da Trindade \u2013 Membro<\/li><\/ul><\/li><li><strong>Representantes da PGE<\/strong><ul><li>Diego Bonilla Aguiar do Nascimento \u2013 Procurador do Estado \u2013 Titular<\/li><li>Alexandre Martins Sampaio \u2013 Procurador do Estado \u2013 Suplente<\/li><\/ul><\/li><\/ul><p><\/p>\n\n\n\n<p>Al\u00e9m disso, o\u00a0<strong>concurso<\/strong>\u00a0est\u00e1 autorizado desde 2019. Posteriormente, no in\u00edcio de 2020, foi confirmado pela secretaria que os estudos j\u00e1 estavam em andamento.<\/p>\n\n\n\n<p>Ademais, a previs\u00e3o \u00e9 que o edital fosse <strong>publicado ainda em 2020. <\/strong>Contudo, o ano terminou sem a publica\u00e7\u00e3o do edital, devido \u00e0 pandemia.<\/p>\n\n\n\n<h3 class=\"wp-block-heading\"><strong>Cargos est\u00e3o confirmados<\/strong><\/h3>\n\n\n\n<p>Ademais, vale destacar que o quantitativo de vagas est\u00e1 confirmado. A expectativa \u00e9 de que sejam ofertadas <strong>127 vagas efetivas<\/strong>. Portanto, veja:<\/p>\n\n\n\n<ul class=\"wp-block-list\"><li>Assistente Administrativo de Tr\u00e2nsito (80);<\/li><li>Analista <ul><li>Jur\u00eddico de Tr\u00e2nsito (08);<\/li><li>Contabilidade e Controle (07);<\/li><li>Gest\u00e3o em Tr\u00e2nsito (20);<\/li><li>Tecnologia da Informa\u00e7\u00e3o (04); e<\/li><li>Educador de Tr\u00e2nsito (08).<\/li><\/ul><\/li><\/ul><p><\/p>\n\n\n\n<p><\/p>\n\n\n\n<figure class=\"wp-block-image size-large\"><a href=\"https:\/\/aprovacao.novaconcursos.com.br\/assinatura\" target=\"_blank\" rel=\"noreferrer noopener\"><img decoding=\"async\" src=\"https:\/\/www.novaconcursos.com.br\/portal\/wp-content\/uploads\/2022\/01\/Faixa-Frete-Gr%E2%80%A0tis-portal.png\" alt=\"assinatura completa\" class=\"wp-image-153078\" loading=\"lazy\" title=\"\"><\/a><figcaption><\/figcaption><\/figure>","protected":false},"excerpt":{"rendered":"<p>Aten\u00e7\u00e3o concurseiros! Est\u00e1 pr\u00f3ximo o primeiro concurso da hist\u00f3ria do Detran AP (Departamento de Tr\u00e2nsito do Amap\u00e1), com 127 vagas! A banca organizadora est\u00e1 definida e o edital previsto para setembro! Confira:\u00a0Guia Definitivo Como montar um mapa mental (Gr\u00e1tis) Estude para o concurso dos seus sonhos com o\u00a0M\u00e9todo\u00a0que j\u00e1 ajudou na\u00a0aprova\u00e7\u00e3o de mais de 70 [&hellip;]<\/p>\n","protected":false},"author":54671,"featured_media":168156,"comment_status":"closed","ping_status":"closed","sticky":false,"template":"","format":"standard","meta":{"_acf_changed":false,"footnotes":"","_wp_rev_ctl_limit":""},"categories":[228],"tags":[],"class_list":["post-168155","post","type-post","status-publish","format-standard","has-post-thumbnail","hentry","category-noticias"],"acf":[],"_links":{"self":[{"href":"https:\/\/www.novaconcursos.com.br\/portal\/wp-json\/wp\/v2\/posts\/168155","targetHints":{"allow":["GET"]}}],"collection":[{"href":"https:\/\/www.novaconcursos.com.br\/portal\/wp-json\/wp\/v2\/posts"}],"about":[{"href":"https:\/\/www.novaconcursos.com.br\/portal\/wp-json\/wp\/v2\/types\/post"}],"author":[{"embeddable":true,"href":"https:\/\/www.novaconcursos.com.br\/portal\/wp-json\/wp\/v2\/users\/54671"}],"replies":[{"embeddable":true,"href":"https:\/\/www.novaconcursos.com.br\/portal\/wp-json\/wp\/v2\/comments?post=168155"}],"version-history":[{"count":3,"href":"https:\/\/www.novaconcursos.com.br\/portal\/wp-json\/wp\/v2\/posts\/168155\/revisions"}],"predecessor-version":[{"id":168160,"href":"https:\/\/www.novaconcursos.com.br\/portal\/wp-json\/wp\/v2\/posts\/168155\/revisions\/168160"}],"wp:featuredmedia":[{"embeddable":true,"href":"https:\/\/www.novaconcursos.com.br\/portal\/wp-json\/wp\/v2\/media\/168156"}],"wp:attachment":[{"href":"https:\/\/www.novaconcursos.com.br\/portal\/wp-json\/wp\/v2\/media?parent=168155"}],"wp:term":[{"taxonomy":"category","embeddable":true,"href":"https:\/\/www.novaconcursos.com.br\/portal\/wp-json\/wp\/v2\/categories?post=168155"},{"taxonomy":"post_tag","embeddable":true,"href":"https:\/\/www.novaconcursos.com.br\/portal\/wp-json\/wp\/v2\/tags?post=168155"}],"curies":[{"name":"wp","href":"https:\/\/api.w.org\/{rel}","templated":true}]}}