{"id":168161,"date":"2022-08-10T11:56:31","date_gmt":"2022-08-10T14:56:31","guid":{"rendered":"https:\/\/www.novaconcursos.com.br\/portal\/?p=168161"},"modified":"2022-08-10T11:56:35","modified_gmt":"2022-08-10T14:56:35","slug":"governo-federal-sanciona-a-ldo-2023-novos-concursos-estao-previstos","status":"publish","type":"post","link":"https:\/\/www.novaconcursos.com.br\/portal\/noticias\/governo-federal-sanciona-a-ldo-2023-novos-concursos-estao-previstos\/","title":{"rendered":"Governo Federal sanciona a LDO 2023. Novos concursos est\u00e3o previstos!"},"content":{"rendered":"<p>Boa not\u00edcia concurseiros! Foi <strong>sancionada <\/strong>nesta semana a LDO 2023 (Lei de Diretrizes Or\u00e7ament\u00e1rias); com isso, novos <a href=\"https:\/\/www.novaconcursos.com.br\/portal\/concursos-previstos\/nacional\">concursos est\u00e3o previstos<\/a> para o pr\u00f3ximo ano, al\u00e9m do <strong>reajuste dos sal\u00e1rios.<\/strong> Veja!<\/p>\n\n\n\n<ul class=\"wp-block-list\"><li><strong>Confira:<\/strong>\u00a0<a rel=\"noreferrer noopener\" aria-label=\" (abre numa nova aba)\" href=\"https:\/\/www.novaconcursos.com.br\/eventos\/guia-definitivo-como-montar-um-mapa-mental\/\" target=\"_blank\">Guia Definitivo Como montar um mapa mental (Gr\u00e1tis)<\/a><\/li><\/ul><p><\/p>\n\n\n\n<p>Estude para o concurso dos seus sonhos com o\u00a0<strong>M\u00e9todo<\/strong>\u00a0que j\u00e1 ajudou na\u00a0<strong>aprova\u00e7\u00e3o de mais de 70 mil alunos.<\/strong>\u00a0<a rel=\"noreferrer noopener\" aria-label=\" (abre numa nova aba)\" href=\"https:\/\/aprovacao.novaconcursos.com.br\/assinatura\" target=\"_blank\">Clique aqui<\/a>\u00a0e saiba mais!<\/p>\n\n\n\n<h2 class=\"wp-block-heading\" id=\"concursos-previstos-para-2023-devido-a-ldo\">Concursos previstos para 2023 devido a LDO<\/h2>\n\n\n\n<p>Portanto, o presidente da Rep\u00fablica, Jair Bolsonaro, <strong>sancionou <\/strong>nesta quarta-feira, 10, a Lei de Diretrizes Or\u00e7ament\u00e1rias (LDO) para 2023. <\/p>\n\n\n\n<p>Assim, o texto j\u00e1 foi publicado no Di\u00e1rio Oficial da Uni\u00e3o e <strong>abre caminho <\/strong>para a\u00a0realiza\u00e7\u00e3o de novos <a href=\"https:\/\/www.novaconcursos.com.br\/portal\/concursos-abertos\/nacional\">concursos p\u00fablicos<\/a>\u00a0no \u00e2mbito federal.\u00a0<\/p>\n\n\n\n<p>De acordo com a lei, h\u00e1 possibilidade de<em> \u201cprovimento em cargos efetivos e empregos, fun\u00e7\u00f5es, gratifica\u00e7\u00f5es ou cargos em comiss\u00e3o vagos em toda a administra\u00e7\u00e3o p\u00fablica\u201d.<\/em><\/p>\n\n\n\n<h3 class=\"wp-block-heading\">Trechos s\u00e3o vetados<\/h3>\n\n\n\n<p>Entretanto, vale destacar que o presidente do Brasil <strong>vetou <\/strong>mais de 30 trechos do projeto, que haviam sido aprovados pelo Congresso Nacional.<\/p>\n\n\n\n<p>Assim, entre os vetos est\u00e1 a prioriza\u00e7\u00e3o nos provimentos para Pol\u00edcia Federal (PF), Pol\u00edcia Rodovi\u00e1ria Federal (PRF), Departamento Penitenci\u00e1rio Nacional (Depen), al\u00e9m das carreiras de seguran\u00e7a p\u00fablica do Distrito Federal e da Abin.\u00a0<\/p>\n\n\n\n<p>Como justificativa, Bolsonaro afirmou que,<strong> apesar da boa inten\u00e7\u00e3o<\/strong> do Legislativo,\u00a0a proposi\u00e7\u00e3o n\u00e3o inova em rela\u00e7\u00e3o \u00e0 proposta original.<\/p>\n\n\n\n<p>Vale destacar que essa <strong>proposta original<\/strong> havia sido encaminhada pelo Poder Executivo federal.\u00a0<\/p>\n\n\n\n<p>Al\u00e9m disso, ele ainda afirmou que o texto j\u00e1 autoriza o provimento de cargos em toda a administra\u00e7\u00e3o.\u00a0<\/p>\n\n\n\n<p>Portanto, Bolsonaro disse que priorizar as For\u00e7as de Seguran\u00e7a causaria <em>\u201cdesnecess\u00e1ria assimetria de tratamento entre as carreiras dos \u00f3rg\u00e3os e entidades que comp\u00f5em a administra\u00e7\u00e3o p\u00fablica federal\u201d<\/em>.<\/p>\n\n\n\n<p><em>\u201cEsse fato provocaria desequil\u00edbrio entre os \u00f3rg\u00e3os respons\u00e1veis pela gest\u00e3o das carreiras e prejudicaria o desempenho do Poder Executivo federal na atua\u00e7\u00e3o integrada e harm\u00f4nica entre as diversas \u00e1reas de atua\u00e7\u00e3o governamental e do Estado brasileiro\u201d,<\/em> completou o presidente.<\/p>\n\n\n\n<p>Por fim, a LDO\u00a0determina as metas e prioridades dos gastos p\u00fablicos para o ano que vem e serve de base para que o Governo <strong>elabore <\/strong>o\u00a0projeto de Lei Or\u00e7ament\u00e1ria Anual (PLOA) de 2023.<\/p>\n\n\n\n<p>Vale destacar que esse projeto deve ser <strong>encaminhado <\/strong>ao Congresso at\u00e9 este m\u00eas de agosto.<\/p>\n\n\n\n<h2 class=\"wp-block-heading\" id=\"reajuste-salarial-dos-servidores-vai-constar-no-ploa-2023\"><strong>Reajuste salarial dos servidores vai constar no PLOA 2023<\/strong>?<\/h2>\n\n\n\n<p>Ao que tudo indica, <strong>sim<\/strong>! O Governo Federal deve incluir o reajuste salarial dos servidores\u00a0no projeto de Lei Or\u00e7ament\u00e1ria Anual (PLOA) de 2023.<\/p>\n\n\n\n<p>Quem se <strong>comprometeu <\/strong>com essa inclus\u00e3o foi justamente o presidente Jair Bolsonaro.<\/p>\n\n\n\n<p><em>\u201cJ\u00e1 pedi para encaminhar no PLOA\u00a0do ano que vem, reajuste e reestrutura\u00e7\u00e3o de carreiras\u201d,<\/em> declarou.<\/p>\n\n\n\n<p>Vale destacar que o funcionalismo cobra que os reajustes ocorram para todos os servidores e n\u00e3o somente para as for\u00e7as de <strong>Seguran\u00e7a<\/strong>, como houve um assunto. <\/p>\n\n\n\n<p>Inclusive, foram realizadas v\u00e1rias greves e <strong>manifesta\u00e7\u00f5es <\/strong>em prol do aumento amplo nos sal\u00e1rios a todas as classes.<\/p>\n\n\n\n<p>Ademais, o ministro da Economia, Paulo Guedes, tentou reajuste de 5% ainda em 2022, mas n\u00e3o foi poss\u00edvel. Agora ele espera o aumento para 2023.<\/p>\n\n\n\n<p><em>\u201cO governo federal n\u00e3o conseguiu dar aumento para o funcionalismo, mas reduziu impostos para 200 milh\u00f5es de brasileiros. Logo, ali \u00e0 frente vai ter aumento para todo mundo, mas agora estamos em guerra ainda\u201d<\/em>, declarou Guedes.<\/p>\n\n\n\n<figure class=\"wp-block-image size-large\"><a href=\"https:\/\/aprovacao.novaconcursos.com.br\/assinatura\" target=\"_blank\" rel=\"noreferrer noopener\"><img decoding=\"async\" src=\"https:\/\/www.novaconcursos.com.br\/portal\/wp-content\/uploads\/2022\/01\/Faixa-Frete-Gr%E2%80%A0tis-portal.png\" alt=\"assinatura completa\" class=\"wp-image-153078\" loading=\"lazy\" title=\"\"><\/a><figcaption><\/figcaption><\/figure>","protected":false},"excerpt":{"rendered":"<p>Boa not\u00edcia concurseiros! Foi sancionada nesta semana a LDO 2023 (Lei de Diretrizes Or\u00e7ament\u00e1rias); com isso, novos concursos est\u00e3o previstos para o pr\u00f3ximo ano, al\u00e9m do reajuste dos sal\u00e1rios. Veja! Confira:\u00a0Guia Definitivo Como montar um mapa mental (Gr\u00e1tis) Estude para o concurso dos seus sonhos com o\u00a0M\u00e9todo\u00a0que j\u00e1 ajudou na\u00a0aprova\u00e7\u00e3o de mais de 70 mil [&hellip;]<\/p>\n","protected":false},"author":54671,"featured_media":156720,"comment_status":"closed","ping_status":"closed","sticky":false,"template":"","format":"standard","meta":{"_acf_changed":false,"footnotes":"","_wp_rev_ctl_limit":""},"categories":[228],"tags":[],"class_list":["post-168161","post","type-post","status-publish","format-standard","has-post-thumbnail","hentry","category-noticias"],"acf":[],"_links":{"self":[{"href":"https:\/\/www.novaconcursos.com.br\/portal\/wp-json\/wp\/v2\/posts\/168161","targetHints":{"allow":["GET"]}}],"collection":[{"href":"https:\/\/www.novaconcursos.com.br\/portal\/wp-json\/wp\/v2\/posts"}],"about":[{"href":"https:\/\/www.novaconcursos.com.br\/portal\/wp-json\/wp\/v2\/types\/post"}],"author":[{"embeddable":true,"href":"https:\/\/www.novaconcursos.com.br\/portal\/wp-json\/wp\/v2\/users\/54671"}],"replies":[{"embeddable":true,"href":"https:\/\/www.novaconcursos.com.br\/portal\/wp-json\/wp\/v2\/comments?post=168161"}],"version-history":[{"count":4,"href":"https:\/\/www.novaconcursos.com.br\/portal\/wp-json\/wp\/v2\/posts\/168161\/revisions"}],"predecessor-version":[{"id":168168,"href":"https:\/\/www.novaconcursos.com.br\/portal\/wp-json\/wp\/v2\/posts\/168161\/revisions\/168168"}],"wp:featuredmedia":[{"embeddable":true,"href":"https:\/\/www.novaconcursos.com.br\/portal\/wp-json\/wp\/v2\/media\/156720"}],"wp:attachment":[{"href":"https:\/\/www.novaconcursos.com.br\/portal\/wp-json\/wp\/v2\/media?parent=168161"}],"wp:term":[{"taxonomy":"category","embeddable":true,"href":"https:\/\/www.novaconcursos.com.br\/portal\/wp-json\/wp\/v2\/categories?post=168161"},{"taxonomy":"post_tag","embeddable":true,"href":"https:\/\/www.novaconcursos.com.br\/portal\/wp-json\/wp\/v2\/tags?post=168161"}],"curies":[{"name":"wp","href":"https:\/\/api.w.org\/{rel}","templated":true}]}}