{"id":168526,"date":"2022-08-12T14:09:11","date_gmt":"2022-08-12T17:09:11","guid":{"rendered":"https:\/\/www.novaconcursos.com.br\/portal\/?p=168526"},"modified":"2022-08-12T14:09:16","modified_gmt":"2022-08-12T17:09:16","slug":"concurso-pm-am-autorizado-ampliacao-vagas-taf","status":"publish","type":"post","link":"https:\/\/www.novaconcursos.com.br\/portal\/noticias\/concurso-pm-am-autorizado-ampliacao-vagas-taf\/","title":{"rendered":"Concurso PM AM: Autorizado a amplia\u00e7\u00e3o de vagas para etapas de sele\u00e7\u00e3o!"},"content":{"rendered":"<p>Aten\u00e7\u00e3o concurseiros! O <strong>governador do Amazonas<\/strong>, Wilson Lima, anunciou a amplia\u00e7\u00e3o de convocados para as etapas do TAF e Avalia\u00e7\u00e3o Psicol\u00f3gica do <a href=\"https:\/\/www.novaconcursos.com.br\/portal\/concursos\/concurso-pm-am\/\">concurso PM AM<\/a>! Saiba mais!<\/p>\n\n\n\n<p>De acordo com ele, a amplia\u00e7\u00e3o foi de 3 para 6 vezes o n\u00famero de convocados, totalizando<strong> 8.100 pessoas<\/strong> nessa etapa.<\/p>\n\n\n\n<ul class=\"wp-block-list\"><li>Confira:  <a href=\"https:\/\/www.novaconcursos.com.br\/apostila\/pm-am-soldado?q=pm%20am\">Apostila PM AM \u2013 Soldado <\/a><\/li><\/ul><p><\/p>\n\n\n\n<p>Estude para o concurso dos seus sonhos com o<strong> M\u00e9todo <\/strong>que j\u00e1 ajudou na <strong>aprova\u00e7\u00e3o de mais de 70 mil alunos<\/strong>! <a href=\"https:\/\/aprovacao.novaconcursos.com.br\/assinatura\">Clique aqui<\/a> e saiba mais!<\/p>\n\n\n\n<h2 class=\"wp-block-heading\" id=\"concurso-pm-am-vagas-oferecidas\">Concurso PM AM: Vagas oferecidas<\/h2>\n\n\n\n<p>Ademais, o certame est\u00e1 oferecendo<strong> 1.350 oportunidades<\/strong> para as seguintes carreiras:<\/p>\n\n\n\n<ul class=\"wp-block-list\"><li><strong>Oficial PM:<\/strong> 320 oportunidades;<\/li><li><strong>Oficial Sa\u00fade PM:<\/strong> 30 oportunidades; e<\/li><li><strong>Soldado: <\/strong>1.000 oportunidades.<\/li><\/ul><p><\/p>\n\n\n\n<p>Al\u00e9m disso, os aprovados far\u00e3o jus a<strong> sal\u00e1rios iniciais<\/strong> que variam de R$ 2.657,28 a R$ 7,180,34.<\/p>\n\n\n\n<h2 class=\"wp-block-heading\" id=\"etapas-e-provas\">Etapas e provas<\/h2>\n\n\n\n<p> A banca organizadora do certame foi a banca <a rel=\"noreferrer noopener\" aria-label=\"FGV (abre numa nova aba)\" href=\"https:\/\/conhecimento.fgv.br\/concursos\/pmam21\" target=\"_blank\">FGV<\/a> (Funda\u00e7\u00e3o Get\u00falio Vargas) e dividiu o certame em<strong> oito etapas:<\/strong><\/p>\n\n\n\n<ul class=\"wp-block-list\"><li><strong>Primeira etapa:<\/strong> Prova objetiva, de car\u00e1ter eliminat\u00f3rio e classificat\u00f3rio; <\/li><li><strong>Segunda etapa:\u00a0<\/strong>Prova Discursiva e Reda\u00e7\u00e3o, de car\u00e1ter eliminat\u00f3rio e classificat\u00f3rio;<\/li><li><strong>Terceira etapa:<\/strong>\u00a0Avalia\u00e7\u00e3o M\u00e9dica constitu\u00edda de 02 (duas) fases, ambas de car\u00e1ter eliminat\u00f3rio, sob responsabilidade da PM AM:<ul><li>1\u00aa Fase: Entrega dos exames cl\u00ednicos e laboratoriais, conforme relacionado das al\u00edneas \u201ca\u201d a \u201cl\u201d do item 12.9 do edital, juntamente com a entrega do comprovante de realiza\u00e7\u00e3o do exame toxicol\u00f3gico;<\/li><li>2\u00aa Fase: Entrega do Resultado do Exame toxicol\u00f3gico conforme relacionado na al\u00ednea \u201cm\u201d do item 12.9. O candidato dever\u00e1 entregar o resultado do Exame Toxicol\u00f3gico na Oitava Etapa, juntamente com os documentos da referida Etapa<\/li><\/ul><\/li><li><strong>Quarta etapa:<\/strong>\u00a0Exames de Aptid\u00e3o F\u00edsica, de car\u00e1ter eliminat\u00f3rio<\/li><li><strong>Quinta etapa:<\/strong>\u00a0Avalia\u00e7\u00e3o Psicol\u00f3gica, de car\u00e1ter eliminat\u00f3rio<\/li><li><strong>Sexta etapa:\u00a0<\/strong>Avalia\u00e7\u00e3o de T\u00edtulos, de car\u00e1ter classificat\u00f3rio<\/li><li><strong>S\u00e9tima etapa:<\/strong>\u00a0Sindic\u00e2ncia de Vida Pregressa e Investiga\u00e7\u00e3o Social, de car\u00e1ter eliminat\u00f3rio<\/li><li><strong>Oitava etapa:\u00a0<\/strong>Entrega de Documentos, de car\u00e1ter eliminat\u00f3rio, sob responsabilidade da PMAM.<\/li><\/ul><p>Contudo, vale mencionar que as<strong> provas objetivas<\/strong> foram aplicadas em fevereiro e contou com <strong>111 mil candidaturas.<\/strong><\/p>\n\n\n\n<p>Por fim, confira todos os detalhes do edital, <a rel=\"noreferrer noopener\" aria-label=\" (abre numa nova aba)\" href=\"https:\/\/conhecimento.fgv.br\/sites\/default\/files\/concursos\/edital_pmam_versao_final_-_03.12.pdf\" target=\"_blank\">clicando aqui! <\/a><\/p>\n\n\n\n<figure class=\"wp-block-image size-large\"><a href=\"https:\/\/aprovacao.novaconcursos.com.br\/assinatura\"><img decoding=\"async\" src=\"https:\/\/www.novaconcursos.com.br\/portal\/wp-content\/uploads\/2022\/01\/Faixa-Frete-Gr%E2%80%A0tis-portal.png\" alt=\"assinatura completa\" class=\"wp-image-153078\" loading=\"lazy\" title=\"\"><\/a><figcaption><\/figcaption><\/figure>","protected":false},"excerpt":{"rendered":"<p>Aten\u00e7\u00e3o concurseiros! O governador do Amazonas, Wilson Lima, anunciou a amplia\u00e7\u00e3o de convocados para as etapas do TAF e Avalia\u00e7\u00e3o Psicol\u00f3gica do concurso PM AM! Saiba mais! De acordo com ele, a amplia\u00e7\u00e3o foi de 3 para 6 vezes o n\u00famero de convocados, totalizando 8.100 pessoas nessa etapa. Confira: Apostila PM AM \u2013 Soldado Estude [&hellip;]<\/p>\n","protected":false},"author":54679,"featured_media":157619,"comment_status":"closed","ping_status":"closed","sticky":false,"template":"","format":"standard","meta":{"_acf_changed":false,"footnotes":"","_wp_rev_ctl_limit":""},"categories":[228],"tags":[],"class_list":["post-168526","post","type-post","status-publish","format-standard","has-post-thumbnail","hentry","category-noticias"],"acf":[],"_links":{"self":[{"href":"https:\/\/www.novaconcursos.com.br\/portal\/wp-json\/wp\/v2\/posts\/168526","targetHints":{"allow":["GET"]}}],"collection":[{"href":"https:\/\/www.novaconcursos.com.br\/portal\/wp-json\/wp\/v2\/posts"}],"about":[{"href":"https:\/\/www.novaconcursos.com.br\/portal\/wp-json\/wp\/v2\/types\/post"}],"author":[{"embeddable":true,"href":"https:\/\/www.novaconcursos.com.br\/portal\/wp-json\/wp\/v2\/users\/54679"}],"replies":[{"embeddable":true,"href":"https:\/\/www.novaconcursos.com.br\/portal\/wp-json\/wp\/v2\/comments?post=168526"}],"version-history":[{"count":5,"href":"https:\/\/www.novaconcursos.com.br\/portal\/wp-json\/wp\/v2\/posts\/168526\/revisions"}],"predecessor-version":[{"id":168539,"href":"https:\/\/www.novaconcursos.com.br\/portal\/wp-json\/wp\/v2\/posts\/168526\/revisions\/168539"}],"wp:featuredmedia":[{"embeddable":true,"href":"https:\/\/www.novaconcursos.com.br\/portal\/wp-json\/wp\/v2\/media\/157619"}],"wp:attachment":[{"href":"https:\/\/www.novaconcursos.com.br\/portal\/wp-json\/wp\/v2\/media?parent=168526"}],"wp:term":[{"taxonomy":"category","embeddable":true,"href":"https:\/\/www.novaconcursos.com.br\/portal\/wp-json\/wp\/v2\/categories?post=168526"},{"taxonomy":"post_tag","embeddable":true,"href":"https:\/\/www.novaconcursos.com.br\/portal\/wp-json\/wp\/v2\/tags?post=168526"}],"curies":[{"name":"wp","href":"https:\/\/api.w.org\/{rel}","templated":true}]}}