{"id":168667,"date":"2022-08-15T16:45:21","date_gmt":"2022-08-15T19:45:21","guid":{"rendered":"https:\/\/www.novaconcursos.com.br\/portal\/?p=168667"},"modified":"2024-11-18T13:11:11","modified_gmt":"2024-11-18T16:11:11","slug":"concurso-pmerj-soldado-2022-confira-como-foi-ultimo-edital","status":"publish","type":"post","link":"https:\/\/www.novaconcursos.com.br\/portal\/artigos\/concurso-pmerj-soldado-2022-confira-como-foi-ultimo-edital\/","title":{"rendered":"Concurso PMERJ Soldado 2022: Confira como foi o \u00faltimo edital!"},"content":{"rendered":"<p>Aten\u00e7\u00e3o concurseiros! De acordo com o coronel, Luiz Henrique Marinho Pires, a previs\u00e3o \u00e9 que seja publicado o novo edital do <a href=\"https:\/\/www.novaconcursos.com.br\/portal\/concursos\/concurso-pmerj\/\">concurso PMERJ<\/a> com 2 mil vagas para soldado ainda em<strong> agosto de 2022.<\/strong><\/p>\n\n\n\n<p>Al\u00e9m disso, ele informou que as <strong>provas<\/strong> devem ser aplicadas no in\u00edcio de 2023.<\/p>\n\n\n\n<p>Dessa forma, \u00e9 essencial que os<strong> interessados<\/strong> n\u00e3o percam tempo e comecem a se preparar para o exame. <\/p>\n\n\n\n<p>Pensando nisso, elaboramos esse artigo com todos os detalhes da <strong>\u00faltima sele\u00e7\u00e3o<\/strong>, para que voc\u00ea possa dar um UP na sua prepara\u00e7\u00e3o antes mesmo da publica\u00e7\u00e3o do edital. Saiba tudo!  ?? <\/p>\n\n\n\n<ul class=\"wp-block-list\"><li><strong>Confira:<\/strong> <a href=\"https:\/\/www.novaconcursos.com.br\/apostila\/pmerj-prep-soldado?q=pmerj\">Apostila PMERJ 2022 \u2013 Soldado<\/a><\/li>\n<\/ul><p><\/p>\n\n\n\n<p>Estude para o concurso dos seus sonhos com o <strong>M\u00e9todo<\/strong> que j\u00e1 ajudou na <strong>aprova\u00e7\u00e3o de mais de 70 mil alunos!<\/strong> <a rel=\"noreferrer noopener\" aria-label=\"Clique aqui (abre numa nova aba)\" href=\"https:\/\/aprovacao.novaconcursos.com.br\/assinatura\" target=\"_blank\">Clique aqui<\/a> e saiba mais! <\/p>\n\n\n\n<h2 class=\"wp-block-heading\" id=\"quais-os-requisitos\">Quais os requisitos?<\/h2>\n\n\n\n<p>Primeiramente, \u00e9 necess\u00e1rio que os <strong>interessados<\/strong> conhe\u00e7am os principais requisitos para participar do certame. Veja!<\/p>\n\n\n\n<ul class=\"wp-block-list\"><li>Idade m\u00ednima de 18 anos e m\u00e1xima de 32 anos;<\/li>\n\n\n\n<li>Ensino m\u00e9dio completo;<\/li>\n\n\n\n<li>Carteira Nacional de Habilita\u00e7\u00e3o (CNH);<\/li>\n\n\n\n<li>\u00cdndices de altura:\n<ul class=\"wp-block-list\"><li>Homem: 1,65m;<\/li>\n\n\n\n<li>Mulher: 1,60m. <\/li>\n<\/ul><\/li>\n<\/ul><p><\/p>\n\n\n\n<h2 class=\"wp-block-heading\" id=\"o-que-faz-um-soldado-pmerj\">O que faz um Soldado PMERJ?<\/h2>\n\n\n\n<p>O Soldado \u00e9 respons\u00e1vel por garantir a seguran\u00e7a e a integridade f\u00edsica e moral de todos os cidad\u00e3os. Confira algumas <strong>responsabilidades<\/strong>!<\/p>\n\n\n\n<ul class=\"wp-block-list\"><li>Pris\u00f5es em flagrante;<\/li>\n\n\n\n<li>Busca e apreens\u00e3o com mandado judicial;<\/li>\n\n\n\n<li>Autua\u00e7\u00e3o em caso de crimes e contraven\u00e7\u00f5es;<\/li>\n\n\n\n<li>Revistas;<\/li>\n\n\n\n<li>Blitzes;<\/li>\n\n\n\n<li>Controle da popula\u00e7\u00e3o em situa\u00e7\u00f5es de aglomera\u00e7\u00e3o p\u00fablica \u2013 passeatas, manifesta\u00e7\u00f5es, eventos de rua de grande porte (como carnaval, micaretas e afins).<\/li>\n\n\n\n<li>Atua\u00e7\u00e3o junto \u00e0 popula\u00e7\u00e3o e controle dos \u00e2nimos.<\/li>\n<\/ul><h2 class=\"wp-block-heading\" id=\"como-foi-o-ltimo-concurso-pmerj\">Como foi o \u00faltimo concurso PMERJ?<\/h2>\n\n\n\n<p>O \u00faltimo certame foi realizado em 2014 e ofereceu <strong>6.000 vagas <\/strong>para a carreira de <strong>Soldado Militar<\/strong>, distribu\u00eddas da seguinte maneira:<\/p>\n\n\n\n<ul class=\"wp-block-list\"><li>Homem: 600 vagas;<\/li>\n\n\n\n<li>Mulher: 400 vagas.<\/li>\n<\/ul><p><\/p>\n\n\n\n<p>Ademais, a sele\u00e7\u00e3o foi <strong>organizada<\/strong> pela empresa Exatus Promotores de Eventos e Consultoria e para participar os interessados tiveram que pagar uma <strong>taxa de inscri\u00e7\u00e3o<\/strong> no valor de R$ 100,00.<\/p>\n\n\n\n<p>No entanto, vale mencionar que os aprovados foram remunerados com um <strong>sal\u00e1rio<\/strong> no valor de R$ 4.102,02, ap\u00f3s finalizar o curso de forma\u00e7\u00e3o.<\/p>\n\n\n\n<h2 class=\"wp-block-heading\" id=\"provas-e-etapas\">Provas e etapas<\/h2>\n\n\n\n<p>O certame foi dividido em <strong>sete etapas<\/strong>:<\/p>\n\n\n\n<ul class=\"wp-block-list\"><li>Prova Objetiva e Discursiva (eliminat\u00f3rio e classificat\u00f3rio);<\/li>\n\n\n\n<li>Avalia\u00e7\u00e3o Psicol\u00f3gica (eliminat\u00f3rio);<\/li>\n\n\n\n<li>Exame Antropom\u00e9trico (eliminat\u00f3rio);<\/li>\n\n\n\n<li>Teste de Aptid\u00e3o F\u00edsica \u2013 TAF (eliminat\u00f3rio);<\/li>\n\n\n\n<li>Exame Toxicol\u00f3gico (eliminat\u00f3rio);<\/li>\n\n\n\n<li>Exames M\u00e9dicos (eliminat\u00f3rio);<\/li>\n\n\n\n<li>Investiga\u00e7\u00e3o Social e Documental (eliminat\u00f3rio).<\/li>\n<\/ul><p><\/p>\n\n\n\n<h3 class=\"wp-block-heading\">Prova objetiva<\/h3>\n\n\n\n<p>Dessa forma, na primeira etapa, foi realizada a<strong> prova objetiva<\/strong>, composta de <strong>40 quest\u00f5es<\/strong> de m\u00faltipla escolha, sendo necess\u00e1rio acertar no m\u00ednimo 50% das quest\u00f5es para ser aprovado.<\/p>\n\n\n\n<p>Foram cobradas as seguintes <strong>disciplinas:<\/strong><\/p>\n\n\n\n<ul class=\"wp-block-list\"><li><strong>L\u00cdNGUA PORTUGUESA<\/strong><strong>(10 quest\u00f5es):\u00a0<\/strong>\n<ul class=\"wp-block-list\"><li>Interpreta\u00e7\u00e3o; <\/li>\n\n\n\n<li>Sem\u00e2ntica; <\/li>\n\n\n\n<li>Denota\u00e7\u00e3o e conota\u00e7\u00e3o; <\/li>\n\n\n\n<li>Rela\u00e7\u00f5es lexicais;<\/li>\n\n\n\n<li>Tipologia textual; <\/li>\n\n\n\n<li>Linguagem verbal e n\u00e3o verbal; <\/li>\n\n\n\n<li>Fun\u00e7\u00f5es da linguagem; <\/li>\n\n\n\n<li>Variedades lingu\u00edsticas; <\/li>\n\n\n\n<li>Tipos de discurso; <\/li>\n\n\n\n<li>Acentua\u00e7\u00e3o gr\u00e1fica; <\/li>\n\n\n\n<li>Ortografia;<\/li>\n\n\n\n<li>Concord\u00e2ncia nominal e verbal;<\/li>\n\n\n\n<li>Reg\u00eancia nominal e verbal (crase); <\/li>\n\n\n\n<li>Coloca\u00e7\u00e3o pronominal; <\/li>\n<\/ul><\/li>\n<\/ul><p><\/p>\n\n\n\n<ul class=\"wp-block-list\"><li><strong>GEOGRAFIA (5 quest\u00f5es):\u00a0<\/strong>\n<ul class=\"wp-block-list\"><li>Tema principal: Caracter\u00edsticas Gerais do Estado do Rio de Janeiro \u2013 reconhecer as rela\u00e7\u00f5es entre sociedade e o ambiente natural no Estado do Rio de Janeiro, destacando os impactos ambientais produzidos e as influ\u00eancias dos elementos naturais na sociedade fluminense; <\/li>\n\n\n\n<li>Identificar as principais regi\u00f5es do Estado e suas caracter\u00edsticas gerais;<\/li>\n<\/ul><\/li>\n<\/ul><p><\/p>\n\n\n\n<ul class=\"wp-block-list\"><li><strong>HIST\u00d3RIA (5 quest\u00f5es):<\/strong><ul><li>Expans\u00e3o Ultramarina Portuguesa dos s\u00e9culos XV e XVI. <\/li><li>Escravid\u00e3o; <\/li><\/ul><ul><li>A\u00e7\u00e3o da Igreja;<\/li><li>Invas\u00f5es estrangeiras; <\/li><\/ul><ul><li>Expans\u00e3o territorial;<\/li><li>Reformas pombalinas;<\/li><\/ul><ul class=\"wp-block-list\"><li>Rebeli\u00f5es coloniais;<\/li>\n\n\n\n<li>Processo de independ\u00eancia do Brasil. <\/li>\n\n\n\n<li>Brasil Imperial;<\/li>\n\n\n\n<li>Crise da monarquia;<\/li>\n\n\n\n<li>Proclama\u00e7\u00e3o da rep\u00fablica.<\/li>\n<\/ul><\/li>\n<\/ul><p><\/p>\n\n\n\n<ul class=\"wp-block-list\"><li><strong>SOCIOLOGIA<\/strong><strong>(5 quest\u00f5es):<\/strong>\n<ul class=\"wp-block-list\"><li>Rela\u00e7\u00f5es entre indiv\u00edduo e sociedade;<\/li>\n\n\n\n<li>Distin\u00e7\u00e3o do espa\u00e7o p\u00fablico e privado;<\/li>\n\n\n\n<li>Direitos humanos, cidadania e diversidade.<\/li>\n<\/ul><\/li>\n<\/ul><p><\/p>\n\n\n\n<ul class=\"wp-block-list\"><li><strong>NO\u00c7\u00d5ES SOBRE DIREITOS HUMANOS (5 quest\u00f5es):<\/strong>\n<ul class=\"wp-block-list\"><li>Direitos e Deveres Individuais e coletivos.<\/li>\n<\/ul><\/li>\n<\/ul><p><\/p>\n\n\n\n<ul class=\"wp-block-list\"><li><strong>LEGISLA\u00c7\u00c3O BRASILEIRA DE TR\u00c2NSITO (5 quest\u00f5es):<\/strong>\n<ul class=\"wp-block-list\"><li>Penalidades aplicadas \u00e0s infra\u00e7\u00f5es de tr\u00e2nsito. <\/li>\n\n\n\n<li>Medidas administrativas a serem adotadas pela autoridade de tr\u00e2nsito e seus agentes. <\/li>\n\n\n\n<li>Bibliografia\/Legisla\u00e7\u00e3o Brasileira de Tr\u00e2nsito: Lei n\u00b0 9.503, de 23 de setembro de 1997 (Institui o C\u00f3digo de Tr\u00e2nsito Brasileiro), Cap\u00edtulo XVI \u2013 Das penalidades e Cap\u00edtulo XVII \u2013 Das medidas administrativas.<\/li>\n<\/ul><\/li>\n<\/ul><p><\/p>\n\n\n\n<ul class=\"wp-block-list\"><li><strong>INFORM\u00c1TICA (5 quest\u00f5es):<\/strong>\n<ul class=\"wp-block-list\"><li>Aplicativos para processamento de texto;<\/li>\n\n\n\n<li>Planilhas eletr\u00f4nicas e apresenta\u00e7\u00f5es;<\/li>\n\n\n\n<li>Conceitos b\u00e1sicos e modos de emprego de tecnologias, ferramentas, aplicativos e procedimentos associados \u00e0 rede de computadores.<\/li>\n<\/ul><\/li>\n<\/ul><p><\/p>\n\n\n\n<h3 class=\"wp-block-heading\">Prova Discursiva<\/h3>\n\n\n\n<p>Ademais, al\u00e9m da prova objetiva os candidatos tiveram de elaborar uma <strong>reda\u00e7\u00e3o<\/strong> de at\u00e9 30 linhas, no qual foram avaliados os seguintes aspectos:<\/p>\n\n\n\n<ul class=\"wp-block-list\"><li>Pertin\u00eancia ao tema proposto;<\/li>\n\n\n\n<li>Argumenta\u00e7\u00e3o coerente das ideias; e<\/li>\n\n\n\n<li>Adequa\u00e7\u00e3o do uso de articuladores, organiza\u00e7\u00e3o adequada de par\u00e1grafos e propriedade vocabular.<\/li>\n<\/ul><p><\/p>\n\n\n\n<h3 class=\"wp-block-heading\">TAF (Teste de Aptid\u00e3o F\u00edsica)<\/h3>\n\n\n\n<p>Nessa etapa, os candidatos aprovados nas provas tiveram de realizar atividades f\u00edsicas semelhantes as atividades que ser\u00e3o submetidos no<strong> curso de forma\u00e7\u00e3o.<\/strong> Veja!<\/p>\n\n\n\n<p><strong>Homens:<\/strong><\/p>\n\n\n\n<ul class=\"wp-block-list\"><li>Tra\u00e7\u00e3o na barra fixa: 2 repeti\u00e7\u00f5es<\/li>\n\n\n\n<li>Abdominal tipo remador: 35 repeti\u00e7\u00f5es<\/li>\n\n\n\n<li>Corrida de 12 minutos por 2.200 metros.<\/li>\n<\/ul><p><strong>Mulheres:<\/strong><\/p>\n\n\n\n<ul class=\"wp-block-list\"><li>Flex\u00e3o de bra\u00e7os e antebra\u00e7os: 15 repeti\u00e7\u00f5es<\/li>\n\n\n\n<li>Abdominal tipo remador: 25 repeti\u00e7\u00f5es<\/li>\n\n\n\n<li>Corrida de 12 minutos por 1.800 metros.<\/li>\n<\/ul><p><\/p>\n\n\n\n<h2 class=\"wp-block-heading\" id=\"concurso-pmerj-concorrncia\">Concurso PMERJ: Concorr\u00eancia<\/h2>\n\n\n\n<p>Contudo, vale destacar que <strong>105.458<\/strong> pessoas se inscreveram para participar da sele\u00e7\u00e3o. Confira a concorr\u00eancia por vaga:<\/p>\n\n\n\n<ul class=\"wp-block-list\"><li><strong>Homens<\/strong>\n<ul class=\"wp-block-list\"><li>Inscritos: 83.892<\/li>\n\n\n\n<li>Candidato por vaga: 15,53<\/li>\n<\/ul><\/li>\n<\/ul><p><\/p>\n\n\n\n<ul class=\"wp-block-list\"><li><strong>Mulheres<\/strong>\n<ul class=\"wp-block-list\"><li>Inscritas: 21.556<\/li>\n\n\n\n<li>Candidato por vaga: 35,92<\/li>\n<\/ul><\/li>\n<\/ul><p><\/p>\n\n\n\n<figure class=\"wp-block-image size-large\"><a href=\"https:\/\/aprovacao.novaconcursos.com.br\/assinatura\" target=\"_blank\" rel=\"noreferrer noopener\"><img decoding=\"async\" src=\"https:\/\/www.novaconcursos.com.br\/portal\/wp-content\/uploads\/2022\/01\/Faixa-Frete-Gr%E2%80%A0tis-portal.png\" alt=\"assinatura completa\" class=\"wp-image-153078\" loading=\"lazy\" title=\"\"><\/a><figcaption><\/figcaption><\/figure>","protected":false},"excerpt":{"rendered":"<p>Aten\u00e7\u00e3o concurseiros! De acordo com o coronel, Luiz Henrique Marinho Pires, a previs\u00e3o \u00e9 que seja publicado o novo edital do concurso PMERJ com 2 mil vagas para soldado ainda em agosto de 2022. Al\u00e9m disso, ele informou que as provas devem ser aplicadas no in\u00edcio de 2023. Dessa forma, \u00e9 essencial que os interessados [&hellip;]<\/p>\n","protected":false},"author":54679,"featured_media":156711,"comment_status":"closed","ping_status":"closed","sticky":false,"template":"","format":"standard","meta":{"_acf_changed":false,"footnotes":"","_wp_rev_ctl_limit":""},"categories":[33508],"tags":[],"class_list":["post-168667","post","type-post","status-publish","format-standard","has-post-thumbnail","hentry","category-artigos"],"acf":[],"_links":{"self":[{"href":"https:\/\/www.novaconcursos.com.br\/portal\/wp-json\/wp\/v2\/posts\/168667","targetHints":{"allow":["GET"]}}],"collection":[{"href":"https:\/\/www.novaconcursos.com.br\/portal\/wp-json\/wp\/v2\/posts"}],"about":[{"href":"https:\/\/www.novaconcursos.com.br\/portal\/wp-json\/wp\/v2\/types\/post"}],"author":[{"embeddable":true,"href":"https:\/\/www.novaconcursos.com.br\/portal\/wp-json\/wp\/v2\/users\/54679"}],"replies":[{"embeddable":true,"href":"https:\/\/www.novaconcursos.com.br\/portal\/wp-json\/wp\/v2\/comments?post=168667"}],"version-history":[{"count":24,"href":"https:\/\/www.novaconcursos.com.br\/portal\/wp-json\/wp\/v2\/posts\/168667\/revisions"}],"predecessor-version":[{"id":261544,"href":"https:\/\/www.novaconcursos.com.br\/portal\/wp-json\/wp\/v2\/posts\/168667\/revisions\/261544"}],"wp:featuredmedia":[{"embeddable":true,"href":"https:\/\/www.novaconcursos.com.br\/portal\/wp-json\/wp\/v2\/media\/156711"}],"wp:attachment":[{"href":"https:\/\/www.novaconcursos.com.br\/portal\/wp-json\/wp\/v2\/media?parent=168667"}],"wp:term":[{"taxonomy":"category","embeddable":true,"href":"https:\/\/www.novaconcursos.com.br\/portal\/wp-json\/wp\/v2\/categories?post=168667"},{"taxonomy":"post_tag","embeddable":true,"href":"https:\/\/www.novaconcursos.com.br\/portal\/wp-json\/wp\/v2\/tags?post=168667"}],"curies":[{"name":"wp","href":"https:\/\/api.w.org\/{rel}","templated":true}]}}