{"id":168717,"date":"2022-09-08T11:20:39","date_gmt":"2022-09-08T14:20:39","guid":{"rendered":"https:\/\/www.novaconcursos.com.br\/portal\/?p=168717"},"modified":"2025-12-30T13:49:10","modified_gmt":"2025-12-30T16:49:10","slug":"vai-ter-concurso-para-agente-admistrativo-policia-federal-2022","status":"publish","type":"post","link":"https:\/\/www.novaconcursos.com.br\/portal\/artigos\/vai-ter-concurso-para-agente-admistrativo-policia-federal-2022\/","title":{"rendered":"Vai ter concurso para Agente Administrativo da Pol\u00edcia Federal em 2022?"},"content":{"rendered":"<p>Aten\u00e7\u00e3o concurseiros! Foi realizado o pedido de um novo<a href=\"https:\/\/www.novaconcursos.com.br\/portal\/concursos\/pf-administrativo\/\"> concurso Pol\u00edcia Federal Administrativo<\/a> com oferta de <strong>667 vagas<\/strong> na \u00e1rea. Saiba mais!<\/p>\n\n\n\n<p>Anteriormente, no pedido realizado em 2021 a solicita\u00e7\u00e3o era de 557 vagas. No entanto, o pedido j\u00e1 foi retificado e encaminhado ao Minist\u00e9rio da Economia. <\/p>\n\n\n\n<ul class=\"wp-block-list\"><li><strong>Confira: <\/strong><a href=\"https:\/\/www.novaconcursos.com.br\/apostila\/policia-federal-prep-agente-administrativo?q=pol%C3%ADcia%20federal\">Apostila PF 2022 Agente Administrativo<\/a><\/li>\n\n\n\n<li><strong>Confira: <\/strong><a href=\"https:\/\/www.novaconcursos.com.br\/curso-online\/pacote-completo-policia-federal-agente-administrativo?q=pol%C3%ADcia%20federal\">Curso Online Pol\u00edcia Federal \u2013 Agente Administrativo<\/a><\/li>\n<\/ul><p><\/p>\n\n\n\n<p>Estude para o concurso dos seus sonhos com o <strong>M\u00e9todo<\/strong> que j\u00e1 ajudou na <strong>aprova\u00e7\u00e3o de mais de 70 mil alunos!<\/strong> <a rel=\"noreferrer noopener\" aria-label=\"Clique aqui (abre numa nova aba)\" href=\"https:\/\/aprovacao.novaconcursos.com.br\/assinatura\" target=\"_blank\">Clique aqui<\/a> e saiba mais!<\/p>\n\n\n\n<h2 class=\"wp-block-heading\" id=\"vagas-previstas\">Vagas previstas<\/h2>\n\n\n\n<p>Em s\u00edntese, o certame pretende oferecer <strong>667 vagas<\/strong> divididas entre as seguintes carreiras:<\/p>\n\n\n\n<ul class=\"wp-block-list\"><li>Administrador: 25 vagas;<\/li>\n\n\n\n<li>Engenheiro: 1 vaga;<\/li>\n\n\n\n<li><strong>Agente Administrativo: 494 vagas;<\/strong><\/li>\n\n\n\n<li>Arquivista: 9 vagas;<\/li>\n\n\n\n<li>Assistente Social: 13 vagas;<\/li>\n\n\n\n<li>Bibliotec\u00e1rio: 1 vaga;<\/li>\n\n\n\n<li>Contador: 9 vagas;<\/li>\n\n\n\n<li>Economista: 3 vagas;<\/li>\n\n\n\n<li>Enfermeiro: 3 vagas;<\/li>\n\n\n\n<li>Estat\u00edstico: 4 vagas;<\/li>\n\n\n\n<li>Farmac\u00eautico: 2 vagas;<\/li>\n\n\n\n<li>M\u00e9dico: 69 vagas;<\/li>\n\n\n\n<li>Nutricionista: 1 vaga;<\/li>\n\n\n\n<li>Odont\u00f3logo: 11 vagas;<\/li>\n\n\n\n<li>Psic\u00f3logo: 6 vagas;<\/li>\n\n\n\n<li>T\u00e9cnico em Assuntos Educacionais: 13 vagas; e<\/li>\n\n\n\n<li>T\u00e9cnico em Comunica\u00e7\u00e3o Social: 3 vagas.<\/li>\n<\/ul><p><\/p>\n\n\n\n<p>Contudo, vale mencionar que essa sele\u00e7\u00e3o \u00e9 de extrema <strong>necessidade<\/strong> visto que a PF informou uma redu\u00e7\u00e3o de 21% do n\u00famero de servidores nos \u00faltimos 5 anos, pois nesse per\u00edodo aconteceram <strong>472 aposentadorias.<\/strong><\/p>\n\n\n\n<p>Al\u00e9m disso, at\u00e9 2026 esse n\u00famero deve ser ainda maior, pois a previs\u00e3o \u00e9 que 405 funcion\u00e1rios se aposentem. O principal cargo com aposentadorias previstas \u00e9 de <strong>Agente Administrativo<\/strong>.<\/p>\n\n\n\n<p><\/p>\n\n\n\n<h2 class=\"wp-block-heading\" id=\"qual-o-salrio-de-um-agente-administrativo\">Qual o sal\u00e1rio de um Agente Administrativo?<\/h2>\n\n\n\n<p>A remunera\u00e7\u00e3o \u00e9 composta pelo vencimento base e o GDATPF (Gratifica\u00e7\u00e3o de Desempenho de Atividade de Apoio T\u00e9cnico-Administrativo \u00e0 Pol\u00edcia Federal).<\/p>\n\n\n\n<p>O<strong> vencimento b\u00e1sico<\/strong> varia de acordo com a classe que o servidor se encontra. Veja!<\/p>\n\n\n\n<ul class=\"wp-block-list\"><li><strong>Vencimento b\u00e1sico<\/strong>\n<ul class=\"wp-block-list\"><li>Classe A: 2.279,16 (inicial)<\/li>\n\n\n\n<li>Classe especial: 2.395,82 <\/li>\n<\/ul><\/li>\n<\/ul><p><\/p>\n\n\n\n<p>A GDATPF pode variar de 80 a 100 pontos de acordo com a <strong>avalia\u00e7\u00e3o de desempenho<\/strong> do servidor. Quanto maior a pontua\u00e7\u00e3o, maior a remunera\u00e7\u00e3o.<\/p>\n\n\n\n<ul class=\"wp-block-list\"><li><strong>GDATPF<\/strong>\n<ul class=\"wp-block-list\"><li>80 pontos: de 1.973,60 a 2.322,40<\/li>\n\n\n\n<li>100 pontos: 2.467,00 a 2.903,00 <\/li>\n<\/ul><\/li>\n<\/ul><p><\/p>\n\n\n\n<p>No total o servidor pode receber at\u00e9<strong> R$ 5.298,92! <\/strong>Confira todos os detalhes na tabela abaixo ?? <\/p>\n\n\n\n<figure class=\"wp-block-image size-large\"><img decoding=\"async\" width=\"980\" height=\"553\" src=\"https:\/\/www.novaconcursos.com.br\/portal\/wp-content\/uploads\/2022\/08\/agente-administrativo-sal%C3%A1rio.png\" alt=\"\" class=\"wp-image-171316\" loading=\"lazy\" title=\"\" srcset=\"https:\/\/www.novaconcursos.com.br\/portal\/wp-content\/uploads\/2022\/08\/agente-administrativo-sal\u00e1rio-300x169.png 300w, https:\/\/www.novaconcursos.com.br\/portal\/wp-content\/uploads\/2022\/08\/agente-administrativo-sal\u00e1rio.png 980w\" sizes=\"auto, (max-width: 480px) 100vw, (max-width: 768px) 100vw, (max-width: 1200px) 70vw, 768px\"><figcaption><\/figcaption><\/figure><h2 class=\"wp-block-heading\" id=\"quais-os-requisitos-para-ingresso-na-polcia-federal-administ\">Quais os requisitos para ingresso na Pol\u00edcia Federal Administrativo?<\/h2>\n\n\n\n<p>De acordo com o \u00faltimo edital, os <strong>requisitos b\u00e1sicos <\/strong>para ingresso na carreira, s\u00e3o os seguintes:<\/p>\n\n\n\n<ul class=\"wp-block-list\"><li>Ter sido aprovado no concurso p\u00fablico.<\/li>\n\n\n\n<li>Ter a nacionalidade brasileira ou portuguesa e, no caso de nacionalidade portuguesa, estar amparado pelo estatuto de igualdade entre brasileiros e portugueses, com reconhecimento do gozo dos direitos pol\u00edticos, nos termos do \u00a7 1\u00ba do artigo 12 da Constitui\u00e7\u00e3o Federal.<\/li>\n\n\n\n<li>Estar em gozo dos direitos pol\u00edticos.<\/li>\n\n\n\n<li>Possuir os requisitos exigidos para o exerc\u00edcio do cargo, ou seja, ter conclu\u00eddo o curso de <strong>ensino m\u00e9dio<\/strong> (antigo segundo grau) e ter certificado, devidamente registrado, de conclus\u00e3o, expedido por institui\u00e7\u00e3o de ensino reconhecida pelo MEC.<\/li>\n\n\n\n<li>Ter idade m\u00ednima de dezoito anos completos na data da posse.<\/li>\n\n\n\n<li>Ter aptid\u00e3o f\u00edsica e mental para o exerc\u00edcio das atribui\u00e7\u00f5es do cargo.<\/li>\n\n\n\n<li>Firmar declara\u00e7\u00e3o de n\u00e3o estar cumprindo san\u00e7\u00e3o por inidoneidade, aplicada por qualquer \u00f3rg\u00e3o p\u00fablico e(ou) entidade da esfera federal, estadual e (ou) municipal.<\/li>\n<\/ul><p><\/p>\n\n\n\n<h2 class=\"wp-block-heading\" id=\"quais-as-atribuies-do-agente-administrativo-da-pf\">Quais as atribui\u00e7\u00f5es do Agente Administrativo da PF?<\/h2>\n\n\n\n<p>De acordo com o \u00faltimo edital, s\u00e3o <strong>atribui\u00e7\u00f5es<\/strong> do agente administrativo:<\/p>\n\n\n\n<ul class=\"wp-block-list\"><li>apresenta\u00e7\u00e3o de solu\u00e7\u00e3o para situa\u00e7\u00f5es novas;<\/li>\n\n\n\n<li>contatos com autoridades de m\u00e9dia hierarquia, com t\u00e9cnicos de n\u00edvel superior e\/ou contatos eventuais com autoridades de alta hierarquia;<\/li>\n\n\n\n<li>planejamento em grau auxiliar e pesquisas preliminares realizadas sob supervis\u00e3o indireta, predominantemente t\u00e9cnica, visando \u00e0 implementa\u00e7\u00e3o das leis, regulamentos e normas referentes \u00e0 administra\u00e7\u00e3o geral e espec\u00edfica; supervis\u00e3o dos trabalhos que envolvam a aplica\u00e7\u00e3o das t\u00e9cnicas de pessoal, or\u00e7amento, organiza\u00e7\u00e3o, m\u00e9todos e materiais executados por equipes auxiliares, chefia de secretarias de unidades da mais alta linha divisional da organiza\u00e7\u00e3o. <\/li>\n<\/ul><p><\/p>\n\n\n\n<h2 class=\"wp-block-heading\" id=\"concurso-polcia-federal-administrativo-o-que-cai-na-prova\">Concurso Pol\u00edcia Federal Administrativo: O que cai na prova?<\/h2>\n\n\n\n<p>Contudo, pensando em nossos concurseiros, elaboramos um gr\u00e1fico com as <strong>disciplinas <\/strong>mais recorrentes nos \u00faltimos editais. Confira  ?? <\/p>\n\n\n\n<figure class=\"wp-block-image size-large\"><img decoding=\"async\" width=\"553\" height=\"412\" src=\"https:\/\/www.novaconcursos.com.br\/portal\/wp-content\/uploads\/2022\/08\/grafico-agente-pf.png\" alt=\"\" class=\"wp-image-168904\" loading=\"lazy\" title=\"\" srcset=\"https:\/\/www.novaconcursos.com.br\/portal\/wp-content\/uploads\/2022\/08\/grafico-agente-pf-300x224.png 300w, https:\/\/www.novaconcursos.com.br\/portal\/wp-content\/uploads\/2022\/08\/grafico-agente-pf.png 553w\" sizes=\"auto, (max-width: 480px) 100vw, (max-width: 768px) 100vw, (max-width: 1200px) 70vw, 768px\"><figcaption><\/figcaption><\/figure><p><\/p>\n\n\n\n<h2 class=\"wp-block-heading\" id=\"como-foi-o-ltimo-concurso-agente-administrativo-polcia-feder\">Como foi o \u00faltimo concurso Agente Administrativo Pol\u00edcia Federal?<\/h2>\n\n\n\n<p> Ademais, o \u00faltimo\u00a0concurso\u00a0PF para \u00e1rea Administrativa aconteceu em 2013 e ofereceu\u00a0<strong>566 vagas<\/strong>, das quais\u00a0534 eram para a carreira de<strong> Agente Administrativo<\/strong>, de n\u00edvel m\u00e9dio. <\/p>\n\n\n\n<p>No entanto, as demais vagas foram para as carreiras de engenheiro, assistente social, contador, administrador, psic\u00f3logo e arquivista. <\/p>\n\n\n\n<p>Al\u00e9m disso a banca organizadora do certame foi o <a rel=\"noreferrer noopener\" aria-label=\"Cebraspe (abre numa nova aba)\" href=\"https:\/\/www.cebraspe.org.br\/concursos\/\" target=\"_blank\">Cebraspe<\/a> e  a\u00a0<strong>remunera\u00e7\u00e3o<\/strong>\u00a0para o cargo era, na \u00e9poca, de\u00a0<strong>R$3.316,77,\u00a0<\/strong>compostos pelo vencimento b\u00e1sico de R$2.043,17 e o valor m\u00ednimo da GDATPF de R$1.273,60, sendo este \u00faltimo vari\u00e1vel conforme o\u00a0<strong>desempenho do servidor.<\/strong> <\/p>\n\n\n\n<p>Dessa forma, confira todos os detalhes do \u00faltimo edital, <a rel=\"noreferrer noopener\" aria-label=\"clicando aqui! (abre numa nova aba)\" href=\"http:\/\/www.cespe.unb.br\/concursos\/dpf_13_administrativo\/arquivos\/ED_1_2013_DPF_ADMINISTRATIVO___ABERTURA.PDF\" target=\"_blank\">clicando aqui!<\/a><\/p>\n\n\n\n<h2 class=\"wp-block-heading\" id=\"comece-a-estudar-para-o-concurso-polcia-federal\">Comece a estudar para o concurso Pol\u00edcia Federal<\/h2>\n\n\n\n<p>Por fim, se voc\u00ea se interessa pelo concurso, n\u00e3o perca tempo em come\u00e7ar sua prepara\u00e7\u00e3o agora mesmo.<\/p>\n\n\n\n<p>Confira nossos\u00a0<a href=\"https:\/\/www.novaconcursos.com.br\/?utm_source=bing&amp;utm_medium=cpc&amp;utm_campaign=bing-&amp;msclkid=1401e5a128691c88986d875dc20d9088&amp;utm_term=Nova%20Concursos&amp;utm_content=Nova%20Concursos%20%5BExata%2FFrase%5D\">materiais<\/a>\u00a0e fa\u00e7a parte dos\u00a0<strong>70 mil alunos aprovados Nova!<\/strong><\/p>\n\n\n\n<p> Quer mais dicas? D\u00e1 o play no v\u00eddeo do do\u00a0<strong>professor Dorival Conte\u00a0<\/strong>e gabarite na L\u00edngua Portuguesa! ? <\/p>\n\n\n\n<figure class=\"wp-block-embed is-type-video is-provider-youtube wp-block-embed-youtube wp-embed-aspect-16-9 wp-has-aspect-ratio\"><div class=\"wp-block-embed__wrapper\">\n<iframe loading=\"lazy\" title=\"Concurso PF Administrativo 2022 PRINCIPAIS ASSUNTOS DE PORTUGU\u00caS\" width=\"500\" height=\"281\" src=\"https:\/\/www.youtube.com\/embed\/HjNaNHleDHE?feature=oembed\" frameborder=\"0\" allow=\"accelerometer; autoplay; clipboard-write; encrypted-media; gyroscope; picture-in-picture; web-share\" referrerpolicy=\"strict-origin-when-cross-origin\" allowfullscreen><\/iframe>\n<\/div><\/figure><p><\/p>\n\n\n\n<figure class=\"wp-block-image size-large\"><a href=\"https:\/\/aprovacao.novaconcursos.com.br\/assinatura\" target=\"_blank\" rel=\"noreferrer noopener\"><img decoding=\"async\" src=\"https:\/\/www.novaconcursos.com.br\/portal\/wp-content\/uploads\/2022\/01\/Faixa-Frete-Gr%E2%80%A0tis-portal.png\" alt=\"assinatura completa\" class=\"wp-image-153078\" loading=\"lazy\" title=\"\"><\/a><figcaption><\/figcaption><\/figure>","protected":false},"excerpt":{"rendered":"<p>Aten\u00e7\u00e3o concurseiros! Foi realizado o pedido de um novo concurso Pol\u00edcia Federal Administrativo com oferta de 667 vagas na \u00e1rea. Saiba mais! Anteriormente, no pedido realizado em 2021 a solicita\u00e7\u00e3o era de 557 vagas. No entanto, o pedido j\u00e1 foi retificado e encaminhado ao Minist\u00e9rio da Economia. Estude para o concurso dos seus sonhos com [&hellip;]<\/p>\n","protected":false},"author":54679,"featured_media":161096,"comment_status":"closed","ping_status":"closed","sticky":false,"template":"","format":"standard","meta":{"_acf_changed":false,"footnotes":"","_wp_rev_ctl_limit":""},"categories":[33508],"tags":[],"class_list":["post-168717","post","type-post","status-publish","format-standard","has-post-thumbnail","hentry","category-artigos"],"acf":[],"_links":{"self":[{"href":"https:\/\/www.novaconcursos.com.br\/portal\/wp-json\/wp\/v2\/posts\/168717","targetHints":{"allow":["GET"]}}],"collection":[{"href":"https:\/\/www.novaconcursos.com.br\/portal\/wp-json\/wp\/v2\/posts"}],"about":[{"href":"https:\/\/www.novaconcursos.com.br\/portal\/wp-json\/wp\/v2\/types\/post"}],"author":[{"embeddable":true,"href":"https:\/\/www.novaconcursos.com.br\/portal\/wp-json\/wp\/v2\/users\/54679"}],"replies":[{"embeddable":true,"href":"https:\/\/www.novaconcursos.com.br\/portal\/wp-json\/wp\/v2\/comments?post=168717"}],"version-history":[{"count":28,"href":"https:\/\/www.novaconcursos.com.br\/portal\/wp-json\/wp\/v2\/posts\/168717\/revisions"}],"predecessor-version":[{"id":301721,"href":"https:\/\/www.novaconcursos.com.br\/portal\/wp-json\/wp\/v2\/posts\/168717\/revisions\/301721"}],"wp:featuredmedia":[{"embeddable":true,"href":"https:\/\/www.novaconcursos.com.br\/portal\/wp-json\/wp\/v2\/media\/161096"}],"wp:attachment":[{"href":"https:\/\/www.novaconcursos.com.br\/portal\/wp-json\/wp\/v2\/media?parent=168717"}],"wp:term":[{"taxonomy":"category","embeddable":true,"href":"https:\/\/www.novaconcursos.com.br\/portal\/wp-json\/wp\/v2\/categories?post=168717"},{"taxonomy":"post_tag","embeddable":true,"href":"https:\/\/www.novaconcursos.com.br\/portal\/wp-json\/wp\/v2\/tags?post=168717"}],"curies":[{"name":"wp","href":"https:\/\/api.w.org\/{rel}","templated":true}]}}