{"id":169062,"date":"2022-08-18T12:51:17","date_gmt":"2022-08-18T15:51:17","guid":{"rendered":"https:\/\/www.novaconcursos.com.br\/portal\/?p=169062"},"modified":"2022-08-18T12:51:28","modified_gmt":"2022-08-18T15:51:28","slug":"saiba-como-foi-o-ultimo-concurso-soldado-pm-ba","status":"publish","type":"post","link":"https:\/\/www.novaconcursos.com.br\/portal\/artigos\/saiba-como-foi-o-ultimo-concurso-soldado-pm-ba\/","title":{"rendered":"Saiba como foi o \u00faltimo concurso Soldado PM BA!"},"content":{"rendered":"<p>Aten\u00e7\u00e3o, concurseiros! Um novo\u00a0<a href=\"https:\/\/www.novaconcursos.com.br\/portal\/concursos\/concurso-pm-ba\/\">concurso PM BA<\/a>\u00a0ser\u00e1 realizado\u00a0<strong>ainda em 2022,<\/strong>\u00a0com uma oferta de<strong>\u00a02 mil vagas.<\/strong>\u00a0Assim, saiba detalhes da \u00faltima sele\u00e7\u00e3o para a carreira e inicie os estudos!<\/p>\n\n\n\n<ul class=\"wp-block-list\"><li><strong>Confira:\u00a0<\/strong><a rel=\"noreferrer noopener\" aria-label=\" (abre numa nova aba)\" href=\"https:\/\/www.novaconcursos.com.br\/eventos\/guia-definitivo-como-montar-um-mapa-mental\/\" target=\"_blank\">Como montar um mapa mental \u2013 Gr\u00e1tis<\/a><\/li><\/ul><p><\/p>\n\n\n\n<p>Estude para o concurso dos seus sonhos com o\u00a0<strong>M\u00e9todo<\/strong>\u00a0que j\u00e1 ajudou na\u00a0<strong>aprova\u00e7\u00e3o de mais de 70 mil alunos.<\/strong>\u00a0<a rel=\"noreferrer noopener\" aria-label=\" (abre numa nova aba)\" href=\"https:\/\/aprovacao.novaconcursos.com.br\/assinatura\" target=\"_blank\">Clique aqui<\/a>\u00a0e saiba mais!<\/p>\n\n\n\n<h2 class=\"wp-block-heading\" id=\"concurso-pm-ba-soldado-edital-est-prximo\">Concurso PM BA Soldado: edital est\u00e1 pr\u00f3ximo<\/h2>\n\n\n\n<p>Portanto, um novo concurso para Pol\u00edcia Militar da\u00a0<a href=\"https:\/\/www.novaconcursos.com.br\/portal\/concursos-previstos\/ba\/\">Bahia<\/a>\u00a0<strong>ser\u00e1 realizado este ano<\/strong> e o edital deve sair ainda neste segundo semestre.<\/p>\n\n\n\n<ul class=\"wp-block-list\"><li><strong>Adquira:\u00a0<\/strong><a href=\"https:\/\/www.novaconcursos.com.br\/concurso\/pm-ba-policia-militar-bahia\/apostila\">Apostila Concurso PM BA<\/a><\/li><li><strong>Adquira:<\/strong>\u00a0<a href=\"https:\/\/www.novaconcursos.com.br\/concurso\/pm-ba-policia-militar-bahia\/curso-online\">Curso Online Concurso PM BA<\/a><\/li><\/ul><p><\/p>\n\n\n\n<p>Ademais, a previs\u00e3o \u00e9 que a sele\u00e7\u00e3o oferte <strong>2 mil oportunidades<\/strong>\u00a0efetivas para o cargo de Soldado, de\u00a0<strong>n\u00edvel m\u00e9dio<\/strong>\u00a0de escolaridade.<\/p>\n\n\n\n<p><em>\u201cN\u00f3s vamos ter um concurso a\u00ed, esse vai abrir a inscri\u00e7\u00e3o agora, para a Pol\u00edcia Militar. S\u00e3o 2 mil vagas e o concurso vai ser agora no segundo semestre\u201d,<\/em>\u00a0disse o governador Rui Costa.<\/p>\n\n\n\n<p>Portanto, uma vez que o governador citou a abertura das inscri\u00e7\u00f5es, os preparativos devem estar adiantados. Ele \u00e9 aguardado desde 2021.<\/p>\n\n\n\n<p><em>\u201cConforme tinha\u00a0<strong>anunciado anteriormente<\/strong>\u00a0no concurso anterior, assim que n\u00f3s tiv\u00e9ssemos a 1\u00aa turma formada, n\u00f3s iniciar\u00edamos um novo concurso. Ent\u00e3o, neste momento eu anuncio um novo concurso da Pol\u00edcia Militar para mais 2 mil vagas\u201d<\/em>, havia dito o chefe do estado no come\u00e7o do ano.<\/p>\n\n\n\n<p>Al\u00e9m disso, o governador prev\u00ea que os aprovados iniciem o\u00a0<strong>Curso de Forma\u00e7\u00e3o<\/strong>\u00a0logo ap\u00f3s a formatura da\u00a0<strong>pr\u00f3xima turma\u00a0<\/strong>do \u00faltimo edital, de\u00a0<strong>1.600 aprovados,\u00a0<\/strong>que iniciar\u00e1 agora.<\/p>\n\n\n\n<h3 class=\"wp-block-heading\">Requisitos e sal\u00e1rios<\/h3>\n\n\n\n<p>Ademais, para concorrer ao cargo de Soldado \u00e9 preciso que os concurseiros tenham\u00a0<strong>entre 18 e 30 anos.<\/strong><\/p>\n\n\n\n<p>Al\u00e9m disso, tamb\u00e9m \u00e9 necess\u00e1rio que os interessados possuam a\u00a0<strong>Carteira Nacional de Habilita\u00e7\u00e3o\u00a0<\/strong>(CNH) na categoria B, no m\u00ednimo, e altura m\u00ednima de\u00a0<strong>1,60m\u00a0<\/strong>para homens e\u00a0<strong>1,55m\u00a0<\/strong>para mulheres.<\/p>\n\n\n\n<p>\u00c9 igualmente essencial recordar que durante o\u00a0<strong>Curso de Forma\u00e7\u00e3o<\/strong>\u00a0os aprovados recebem uma\u00a0<strong>bolsa aux\u00edlio<\/strong>\u00a0no valor de\u00a0<strong>R$ 998,00.<\/strong>\u00a0<\/p>\n\n\n\n<p>Entretanto, ap\u00f3s a posse do cargo, com a finaliza\u00e7\u00e3o do Curso, as remunera\u00e7\u00f5es passam a ser de\u00a0<strong>R$ 3.410,68.<\/strong><\/p>\n\n\n\n<h2 class=\"wp-block-heading\" id=\"como-foi-o-ltimo-concurso-pm-ba-para-soldados\">Como foi o \u00faltimo concurso PM BA para Soldados?<\/h2>\n\n\n\n<p>Posteriormente, \u00e9 essencial lembrar que o \u00faltimo concurso da Pol\u00edcia Militar do <a href=\"https:\/\/www.novaconcursos.com.br\/portal\/concursos-abertos\/ba\/\">Estado da Bahia<\/a>\u00a0ocorreu<strong>\u00a0em 2019<\/strong>.<\/p>\n\n\n\n<p>Assim, na \u00e9poca foram ofertadas\u00a0<strong>1.000 vagas<\/strong>\u00a0<strong>para<\/strong>\u00a0<strong>Soldado,<\/strong>\u00a0tanto para o sexo masculino quanto para o feminino.<\/p>\n\n\n\n<p>Sendo assim, o edital pode ser usado como base para que os interessados na pr\u00f3xima sele\u00e7\u00e3o iniciem os estudos. <\/p>\n\n\n\n<p>Al\u00e9m disso, a sele\u00e7\u00e3o ocorreu sob a<strong>\u00a0organiza\u00e7\u00e3o\u00a0<\/strong>do\u00a0<a rel=\"noreferrer noopener\" href=\"http:\/\/ibfc.org.br\/\" target=\"_blank\">IBFC,<\/a>\u00a0de forma que os inscritos foram avaliados por meio das\u00a0<strong>etapas avaliativas<\/strong>\u00a0a seguir:<\/p>\n\n\n\n<ul class=\"wp-block-list\"><li>Prova Objetiva;<\/li><li>Prova Discursiva;<\/li><li>Avalia\u00e7\u00e3o Psicol\u00f3gica;<\/li><li>Exames M\u00e9dicos-Odontol\u00f3gicos;<\/li><li>Teste de Aptid\u00e3o F\u00edsica;<\/li><li>Exame de Documenta\u00e7\u00e3o;<\/li><li>Investiga\u00e7\u00e3o Social; e<\/li><li>Curso de Forma\u00e7\u00e3o.<\/li><\/ul><p><\/p>\n\n\n\n<p>Ademais, para a etapa de\u00a0<strong>Prova Objetiva\u00a0<\/strong>os candidatos responderam a quest\u00f5es de m\u00faltipla escolha. Portanto, veja as\u00a0<strong>disciplinas<\/strong>:<\/p>\n\n\n\n<ul class=\"wp-block-list\"><li><strong>Conhecimentos Gerais<\/strong><ul><li>L\u00edngua Portuguesa;<\/li><li>Racioc\u00ednio L\u00f3gico-Matem\u00e1tico;<\/li><li>Hist\u00f3ria do Brasil;<\/li><li>Geografia do Brasil;<\/li><li>Atualidades;<\/li><li>Inform\u00e1tica.<\/li><\/ul><\/li><li><strong>Conhecimentos Espec\u00edficos<\/strong><ul><li>Direito:<ul><li>Constitucional;<\/li><li>Humanos;<\/li><li>Administrativo;<\/li><li>Penal;<\/li><li>Penal Militar;<\/li><\/ul><\/li><li>Igualdade Racial e de G\u00eanero.<\/li><\/ul><\/li><\/ul><p><\/p>\n\n\n\n<h3 class=\"wp-block-heading\">Requisitos do \u00faltimo edital<\/h3>\n\n\n\n<ul class=\"wp-block-list\"><li>ter nacionalidade brasileira ou portuguesa <\/li><li>ter o m\u00ednimo de 18 e o m\u00e1ximo de 30 anos de idade completos, comprovado por meio de documento de identidade atualizado, na data fixada para matr\u00edcula no Curso de Forma\u00e7\u00e3o de Soldado;<\/li><li>possuir estatura m\u00ednima 1,60 m para candidatos do sexo masculino e 1,55 m para candidatas do sexo feminino;<\/li><li>ter aptid\u00e3o f\u00edsica e mental para o exerc\u00edcio das atribui\u00e7\u00f5es dos cargos, comprovada mediante exame m\u00e9dico-odontol\u00f3gico, testes f\u00edsicos, exames psicol\u00f3gicos e investiga\u00e7\u00e3o social, conforme Portaria n\u00ba 060 \u2013 CG\/17 da Pol\u00edcia Militar da Bahia e Portaria n\u00ba 008 CG \u2013 CBMBA\/2017 do Corpo de Bombeiros Militar da Bahia;<\/li><li>Possuir Carteira Nacional de Habilita\u00e7\u00e3o v\u00e1lida, categoria B;<\/li><li>estar em pleno gozo e exerc\u00edcio dos direitos pol\u00edticos;<\/li><li>ainda estar em dia com as obriga\u00e7\u00f5es eleitorais;<\/li><li>e estar em dia com os deveres do Servi\u00e7o Militar para os candidatos do sexo masculino;<\/li><li>possuir idoneidade moral, comprovada pela inexist\u00eancia de antecedentes criminais, atestados por certid\u00f5es negativas expedidas por \u00f3rg\u00e3os policiais e judiciais, estaduais e federais;<\/li><li>n\u00e3o ter perdido cargo eletivo de governador e de vice-governador do Estado e de prefeito e de vice-prefeito, por infring\u00eancia ao dispositivo da Constitui\u00e7\u00e3o Estadual ou da Lei Org\u00e2nica do Munic\u00edpio, nos \u00faltimos oito anos;<\/li><li>al\u00e9m de n\u00e3o ter contra si representa\u00e7\u00e3o julgada procedente pela justi\u00e7a eleitoral em decis\u00e3o transitada em julgado, em processo de apura\u00e7\u00e3o de abuso de poder econ\u00f4mico ou pol\u00edtico nos \u00faltimos oito anos;<\/li><li>e n\u00e3o ter contra si decis\u00e3o condenat\u00f3ria transitada em julgado ou proferida por \u00f3rg\u00e3o judicial colegiado, desde a condena\u00e7\u00e3o at\u00e9 o transcurso do prazo de oito anos ap\u00f3s o cumprimento da pena pelos crimes:<ul><li>contra a economia popular, a f\u00e9 p\u00fablica, a administra\u00e7\u00e3o p\u00fablica e o patrim\u00f4nio p\u00fablico;<\/li><li>e contra o patrim\u00f4nio privado, o sistema financeiro, o mercado de capitais e os previstos na lei que regula a fal\u00eancia;<\/li><li>contra o meio ambiente e a sa\u00fade p\u00fablica;<\/li><li>eleitorais, para os quais a lei comine pena privativa de liberdade;<\/li><li>de abuso de autoridade, nos casos em que houver condena\u00e7\u00e3o a perda do cargo ou a inabilita\u00e7\u00e3o para o<br>exerc\u00edcio da fun\u00e7\u00e3o p\u00fablica;<\/li><li>lavagem ou oculta\u00e7\u00e3o de bens, direitos e valores;<\/li><li>tr\u00e1fico de entorpecentes e drogas afins, racismo, tortura, terrorismo e hediondos;<\/li><li>redu\u00e7\u00e3o \u00e0 condi\u00e7\u00e3o an\u00e1loga a de escravo; contra a vida e a dignidade sexual; e praticados por organiza\u00e7\u00e3o criminosa, quadrilha ou bando.<\/li><\/ul><\/li><li>n\u00e3o ter contra si decreta\u00e7\u00e3o da suspens\u00e3o dos direitos pol\u00edticos, em decis\u00e3o transitada em julgado ou por \u00f3rg\u00e3o judicial colegiado, por ato doloso e de improbidade administrativa que importe les\u00e3o ao patrim\u00f4nio p\u00fablico e enriquecimento il\u00edcito, desde a condena\u00e7\u00e3o ou o tr\u00e2nsito em julgado at\u00e9 o transcurso do prazo de 08 (oito) anos ap\u00f3s o cumprimento da pena;<\/li><li>al\u00e9m de n\u00e3o ter sido exclu\u00eddo do exerc\u00edcio da profiss\u00e3o, por decis\u00e3o sancionat\u00f3ria do \u00f3rg\u00e3o profissional competente, em decorr\u00eancia de infra\u00e7\u00e3o \u00e9tico-profissional, pelo prazo de 08 (oito) anos, salvo se o ato houver sido anulado ou suspenso pelo Poder Judici\u00e1rio;<\/li><li>n\u00e3o ter sido demitido do servi\u00e7o p\u00fablico em decorr\u00eancia de processo administrativo ou judicial, pelo prazo de 08 anos, contados da decis\u00e3o, salvo se o ato houver sido suspenso ou anulado pelo Poder<br>Judici\u00e1rio;<\/li><li>apresentar os documentos comprobat\u00f3rios da escolaridade<br><\/li><\/ul><p><\/p>\n\n\n\n<figure class=\"wp-block-image size-large\"><a href=\"https:\/\/aprovacao.novaconcursos.com.br\/assinatura\" target=\"_blank\" rel=\"noreferrer noopener\"><img decoding=\"async\" src=\"https:\/\/www.novaconcursos.com.br\/portal\/wp-content\/uploads\/2022\/01\/Faixa-Frete-Gr%E2%80%A0tis-portal.png\" alt=\"assinatura completa\" class=\"wp-image-153078\" loading=\"lazy\" title=\"\"><\/a><figcaption><\/figcaption><\/figure><p><\/p>","protected":false},"excerpt":{"rendered":"<p>Aten\u00e7\u00e3o, concurseiros! Um novo\u00a0concurso PM BA\u00a0ser\u00e1 realizado\u00a0ainda em 2022,\u00a0com uma oferta de\u00a02 mil vagas.\u00a0Assim, saiba detalhes da \u00faltima sele\u00e7\u00e3o para a carreira e inicie os estudos! Confira:\u00a0Como montar um mapa mental \u2013 Gr\u00e1tis Estude para o concurso dos seus sonhos com o\u00a0M\u00e9todo\u00a0que j\u00e1 ajudou na\u00a0aprova\u00e7\u00e3o de mais de 70 mil alunos.\u00a0Clique aqui\u00a0e saiba mais! Concurso [&hellip;]<\/p>\n","protected":false},"author":54671,"featured_media":160844,"comment_status":"closed","ping_status":"closed","sticky":false,"template":"","format":"standard","meta":{"_acf_changed":false,"footnotes":"","_wp_rev_ctl_limit":""},"categories":[33508],"tags":[],"class_list":["post-169062","post","type-post","status-publish","format-standard","has-post-thumbnail","hentry","category-artigos"],"acf":[],"_links":{"self":[{"href":"https:\/\/www.novaconcursos.com.br\/portal\/wp-json\/wp\/v2\/posts\/169062","targetHints":{"allow":["GET"]}}],"collection":[{"href":"https:\/\/www.novaconcursos.com.br\/portal\/wp-json\/wp\/v2\/posts"}],"about":[{"href":"https:\/\/www.novaconcursos.com.br\/portal\/wp-json\/wp\/v2\/types\/post"}],"author":[{"embeddable":true,"href":"https:\/\/www.novaconcursos.com.br\/portal\/wp-json\/wp\/v2\/users\/54671"}],"replies":[{"embeddable":true,"href":"https:\/\/www.novaconcursos.com.br\/portal\/wp-json\/wp\/v2\/comments?post=169062"}],"version-history":[{"count":6,"href":"https:\/\/www.novaconcursos.com.br\/portal\/wp-json\/wp\/v2\/posts\/169062\/revisions"}],"predecessor-version":[{"id":169101,"href":"https:\/\/www.novaconcursos.com.br\/portal\/wp-json\/wp\/v2\/posts\/169062\/revisions\/169101"}],"wp:featuredmedia":[{"embeddable":true,"href":"https:\/\/www.novaconcursos.com.br\/portal\/wp-json\/wp\/v2\/media\/160844"}],"wp:attachment":[{"href":"https:\/\/www.novaconcursos.com.br\/portal\/wp-json\/wp\/v2\/media?parent=169062"}],"wp:term":[{"taxonomy":"category","embeddable":true,"href":"https:\/\/www.novaconcursos.com.br\/portal\/wp-json\/wp\/v2\/categories?post=169062"},{"taxonomy":"post_tag","embeddable":true,"href":"https:\/\/www.novaconcursos.com.br\/portal\/wp-json\/wp\/v2\/tags?post=169062"}],"curies":[{"name":"wp","href":"https:\/\/api.w.org\/{rel}","templated":true}]}}