{"id":169296,"date":"2022-08-22T10:51:56","date_gmt":"2022-08-22T13:51:56","guid":{"rendered":"https:\/\/www.novaconcursos.com.br\/portal\/?p=169296"},"modified":"2022-08-22T10:52:02","modified_gmt":"2022-08-22T13:52:02","slug":"concurso-ima-mg-banca-definida-em-breve","status":"publish","type":"post","link":"https:\/\/www.novaconcursos.com.br\/portal\/noticias\/concurso-ima-mg-banca-definida-em-breve\/","title":{"rendered":"Concurso IMA MG 2022: Banca definida em breve. 132 vagas!"},"content":{"rendered":"<p>Boa not\u00edcia, concurseiros. A comiss\u00e3o organizadora do\u00a0<a href=\"https:\/\/www.novaconcursos.com.br\/portal\/concursos\/concurso-mp-mg\/\">concurso IMA MG<\/a> est\u00e1 montada e trabalha para escolher a banca. Assim, o edital deve ser<strong> lan\u00e7ado nas pr\u00f3ximas semanas<\/strong>. Ser\u00e3o 132 vagas!<\/p>\n\n\n\n<ul class=\"wp-block-list\"><li><strong>Confira:\u00a0<\/strong><a rel=\"noreferrer noopener\" aria-label=\" (abre numa nova aba)\" href=\"https:\/\/www.novaconcursos.com.br\/livro\/questoes-a-direito-administrativo\" target=\"_blank\">Livro de Quest\u00f5es de Dire ito Administrativo<\/a><\/li><\/ul><p><\/p>\n\n\n\n<p>Estude para o concurso dos seus sonhos com o\u00a0<strong>M\u00e9todo<\/strong>\u00a0que j\u00e1 ajudou na\u00a0<strong>aprova\u00e7\u00e3o de mais de 70 mil alunos.<\/strong>\u00a0<a href=\"https:\/\/aprovacao.novaconcursos.com.br\/assinatura\" target=\"_blank\" rel=\"noreferrer noopener\" aria-label=\" (abre numa nova aba)\">Clique aqui<\/a>\u00a0e saiba mais!<\/p>\n\n\n\n<h2 class=\"wp-block-heading\" id=\"concurso-ima-mg-banca-sendo-escolhida\">Concurso IMA MG: banca sendo escolhida<\/h2>\n\n\n\n<p>Assim, o Instituto Mineiro de Agropecu\u00e1ria de <a href=\"https:\/\/www.novaconcursos.com.br\/portal\/concursos-previstos\/mg\/\">Minas Gerais<\/a> ter\u00e1 um <strong>novo edital em breve <\/strong>com vagas para Assistente e Fiscal.<\/p>\n\n\n\n<p>Ali\u00e1s, a <strong>banca <\/strong>organizadora est\u00e1 sendo escolhida e dever\u00e1 ser anunciada nos pr\u00f3ximos dias.<\/p>\n\n\n\n<p>Entretanto, vale destacar que n\u00e3o h\u00e1 uma <strong>data <\/strong>concreta para que a banca seja oficializada e que o edital seja publicado.<\/p>\n\n\n\n<h3 class=\"wp-block-heading\">Nova comiss\u00e3o formada<\/h3>\n\n\n\n<p>Recentemente, o Instituto Mineiro de Agropecu\u00e1ria formou uma nova comiss\u00e3o organizadora para tocar os <strong>preparativos<\/strong>.<\/p>\n\n\n\n<p>Vale destacar que a <strong>comiss\u00e3o <\/strong>j\u00e1 estava formada h\u00e1 um ano. Entretanto, um comunicado no Di\u00e1rio Oficial tratou sobre a mudan\u00e7a no grupo. Sendo assim, os membros agora s\u00e3o:<\/p>\n\n\n\n<ul class=\"wp-block-list\"><li><strong>Secretaria de Estado de Planejamento e Gest\u00e3o<\/strong><ul><li>Marcelo Alves dos Santos (presidente da comiss\u00e3o)<\/li><li>Daniela de Oliveira Soares<\/li><li>Idaiane Gomes de Oliveira<\/li><\/ul><\/li><li><strong>Instituto Mineiro de Agropecu\u00e1ria<\/strong><ul><li>Paulo Josede Abreu<\/li><li>Marieta Cristina Madureira<\/li><li>Luisa Werner Oliveira Campos \u2013 suplente; e<\/li><li>Wagner Aquino Machado \u2013 suplente.<\/li><\/ul><\/li><\/ul><p><\/p>\n\n\n\n<p>Al\u00e9m disso, o grupo, que j\u00e1 est\u00e1 dando andamento ao que vinha sendo realizado, ter\u00e1 como atribui\u00e7\u00f5es:<\/p>\n\n\n\n<ul class=\"wp-block-list\"><li>definir as compet\u00eancias de cada um de seus membros quanto aos procedimentos a serem adotados;<\/li><li>planejar, acompanhar e fiscalizar os procedimentos necess\u00e1rios para realiza\u00e7\u00e3o do certame;<\/li><li>Ia companhar todas as etapas do Concurso;<\/li><li>planejar e monitorar as atividades de execu\u00e7\u00e3o do concurso, bem como solicitar relat\u00f3rios a institui\u00e7\u00e3o executora para acompanhamento do processo;<\/li><li>deliberar junto \u00e0 institui\u00e7\u00e3o executora contratada para realiza\u00e7\u00e3o do Concurso P\u00fablico, assuntos pertinentes aos editais, prazos, publica\u00e7\u00f5es e homologa\u00e7\u00f5es;<\/li><li>acompanhar a execu\u00e7\u00e3o do contrato com a institui\u00e7\u00e3o executora contratada para realiza\u00e7\u00e3o do concurso, realizando o registro por meio de atas toda e qualquer reuni\u00e3o, ocorr\u00eancias, solicita\u00e7\u00f5es relacionadas com a execu\u00e7\u00e3o dos servi\u00e7os e determinando as provid\u00eancias cab\u00edveis<\/li><\/ul><p><\/p>\n\n\n\n<h2 class=\"wp-block-heading\" id=\"concurso-ima-mg-vagas-cargos-e-salrios\">Concurso IMA MG: vagas, cargos e sal\u00e1rios<\/h2>\n\n\n\n<p>Portanto, o concurso do Instituto Mineiro de Agropecu\u00e1ria de\u00a0<a href=\"https:\/\/www.novaconcursos.com.br\/portal\/concursos-abertos\/mg\/\">Minas Gerais<\/a> ofertar\u00e1, segundo o termo de refer\u00eancia,\u00a0<strong>132 oportunidades<\/strong>\u00a0entre cargos de\u00a0<strong>n\u00edveis m\u00e9dio e superior.<\/strong><\/p>\n\n\n\n<p>Sendo assim, conhe\u00e7a a\u00a0<strong>distribui\u00e7\u00e3o das vagas<\/strong>\u00a0entre os cargos a serem contemplados pelo edital:<\/p>\n\n\n\n<ul class=\"wp-block-list\"><li><strong>N\u00edvel M\u00e9dio<\/strong><ul><li>Assistente de Gest\u00e3o de Defesa Agropecu\u00e1ria (AGDA) \u2013 25 vagas<\/li><\/ul><\/li><li><strong>N\u00edvel Superior<\/strong><ul><li>Fiscal Assistente Agropecu\u00e1rio (FISAG) \u2013 9 vagas<ul><li>Especialidade de T\u00e9cnico Agr\u00edcola ou Agropecu\u00e1ria<\/li><\/ul><\/li><li>Fiscal Agropecu\u00e1rio (FISCA) \u2013 98 vagas<ul><li>Especialidade de Engenheiro Agr\u00f4nomo<\/li><li>M\u00e9dico Veterin\u00e1rio<\/li><\/ul><\/li><\/ul><\/li><\/ul><p><\/p>\n\n\n\n<p>Al\u00e9m disso, os aprovados contar\u00e3o com<strong>\u00a0sal\u00e1rios iniciais<\/strong>\u00a0que variam entre<strong>\u00a0R$ 1.320,70<\/strong>\u00a0para Assistente e Fiscal Assistente e\u00a0<strong>R$ 2.983,31<\/strong>\u00a0para Fiscal Agropecu\u00e1rio. <\/p>\n\n\n\n<p>Ademais, o documento publicado recentemente ainda afirma que est\u00e3o prevista<strong>s 114 mil inscri\u00e7\u00f5es<\/strong>\u00a0ao todo.<\/p>\n\n\n\n<h2 class=\"wp-block-heading\" id=\"concurso-ima-mg-como-sero-as-provas\">Concurso IMA MG: como ser\u00e3o as provas?<\/h2>\n\n\n\n<p>\u00c9 igualmente essencial mencionar que os inscritos ser\u00e3o avaliados por meio\u00a0<strong>provas objetivas e provas de t\u00edtulos<\/strong>.<\/p>\n\n\n\n<p>Entretanto, a segunda fase citada ser\u00e1 aplicada somente para\u00a0<strong>Fiscal Agropecu\u00e1rio.<\/strong><\/p>\n\n\n\n<p>Ademais, as provas objetivas ser\u00e3o compostas por\u00a0<strong>50 quest\u00f5es<\/strong>\u00a0de m\u00faltipla escolha acerca das\u00a0<strong>disciplinas<\/strong>\u00a0indicadas abaixo:<\/p>\n\n\n\n<ul class=\"wp-block-list\"><li><strong>Assistente de Gest\u00e3o de Defesa Agropecu\u00e1ria<\/strong><ul><li>L\u00edngua Portuguesa \u2013 10;<\/li><li>No\u00e7\u00f5es de Direito Administrativo e Direito Constitucional e \u00c9tica P\u00fablica \u2013 05;<\/li><li>No\u00e7\u00f5es de Inform\u00e1tica \u2013 08;<\/li><li>Conhecimentos Espec\u00edficos \u2013 20;<\/li><li>Racioc\u00ednio L\u00f3gico \u2013 07.<\/li><\/ul><\/li><li><strong>Fiscal Assistente Agropecu\u00e1rio (FISAG)<\/strong><ul><li>L\u00edngua Portuguesa \u2013 10;<\/li><li>No\u00e7\u00f5es de Direito Administrativo e Direito Constitucional e \u00c9tica P\u00fablica \u2013 05;<\/li><li>No\u00e7\u00f5es de Inform\u00e1tica \u2013 05;<\/li><li>Legisla\u00e7\u00e3o e Conhecimentos Espec\u00edficos \u2013 30.<\/li><\/ul><\/li><li><strong>Fiscal Agropecu\u00e1rio \u2013 Engenheiro Agr\u00f4nomo<\/strong><ul><li>L\u00edngua Portuguesa \u2013 10;<\/li><li>No\u00e7\u00f5es de Direito Administrativo e Direito Constitucional e \u00c9tica P\u00fablica \u2013 05;<\/li><li>No\u00e7\u00f5es de Inform\u00e1tica \u2013 05;<\/li><li>Legisla\u00e7\u00e3o e Conhecimentos Espec\u00edficos \u2013 30.<\/li><\/ul><\/li><li><strong>Fiscal Agropecu\u00e1rio \u2013 M\u00e9dico Veterin\u00e1rio<\/strong><ul><li>L\u00edngua Portuguesa \u2013 10;<\/li><li>No\u00e7\u00f5es de Direito Administrativo e Direito Constitucional e \u00c9tica P\u00fablica \u2013 05;<\/li><li>No\u00e7\u00f5es de Inform\u00e1tica \u2013 05;<\/li><li>Legisla\u00e7\u00e3o e Conhecimentos Espec\u00edficos \u2013 20 para a \u00e1rea de op\u00e7\u00e3o (Defesa ou Inspe\u00e7\u00e3o) e 10 para a \u00e1rea que n\u00e3o foi op\u00e7\u00e3o (Defesa ou Inspe\u00e7\u00e3o).<\/li><\/ul><\/li><\/ul><p><\/p>\n\n\n\n<p>Por outro lado, para a\u00a0<strong>prova de t\u00edtulos<\/strong>\u00a0ser\u00e3o aceitos os <strong>documentos<\/strong> como Experi\u00eancia Profissional e Forma\u00e7\u00e3o Acad\u00eamica.<\/p>\n\n\n\n<figure class=\"wp-block-image size-large\"><img decoding=\"async\" src=\"https:\/\/www.novaconcursos.com.br\/portal\/wp-content\/uploads\/2022\/01\/Faixa-Frete-Gr%E2%80%A0tis-portal.png\" alt=\"assinatura completa\" class=\"wp-image-153078\" loading=\"lazy\" title=\"\"><figcaption><\/figcaption><\/figure>","protected":false},"excerpt":{"rendered":"<p>Boa not\u00edcia, concurseiros. A comiss\u00e3o organizadora do\u00a0concurso IMA MG est\u00e1 montada e trabalha para escolher a banca. Assim, o edital deve ser lan\u00e7ado nas pr\u00f3ximas semanas. Ser\u00e3o 132 vagas! Confira:\u00a0Livro de Quest\u00f5es de Dire ito Administrativo Estude para o concurso dos seus sonhos com o\u00a0M\u00e9todo\u00a0que j\u00e1 ajudou na\u00a0aprova\u00e7\u00e3o de mais de 70 mil alunos.\u00a0Clique aqui\u00a0e [&hellip;]<\/p>\n","protected":false},"author":54671,"featured_media":161981,"comment_status":"closed","ping_status":"closed","sticky":false,"template":"","format":"standard","meta":{"_acf_changed":false,"footnotes":"","_wp_rev_ctl_limit":""},"categories":[228],"tags":[],"class_list":["post-169296","post","type-post","status-publish","format-standard","has-post-thumbnail","hentry","category-noticias"],"acf":[],"_links":{"self":[{"href":"https:\/\/www.novaconcursos.com.br\/portal\/wp-json\/wp\/v2\/posts\/169296","targetHints":{"allow":["GET"]}}],"collection":[{"href":"https:\/\/www.novaconcursos.com.br\/portal\/wp-json\/wp\/v2\/posts"}],"about":[{"href":"https:\/\/www.novaconcursos.com.br\/portal\/wp-json\/wp\/v2\/types\/post"}],"author":[{"embeddable":true,"href":"https:\/\/www.novaconcursos.com.br\/portal\/wp-json\/wp\/v2\/users\/54671"}],"replies":[{"embeddable":true,"href":"https:\/\/www.novaconcursos.com.br\/portal\/wp-json\/wp\/v2\/comments?post=169296"}],"version-history":[{"count":4,"href":"https:\/\/www.novaconcursos.com.br\/portal\/wp-json\/wp\/v2\/posts\/169296\/revisions"}],"predecessor-version":[{"id":169302,"href":"https:\/\/www.novaconcursos.com.br\/portal\/wp-json\/wp\/v2\/posts\/169296\/revisions\/169302"}],"wp:featuredmedia":[{"embeddable":true,"href":"https:\/\/www.novaconcursos.com.br\/portal\/wp-json\/wp\/v2\/media\/161981"}],"wp:attachment":[{"href":"https:\/\/www.novaconcursos.com.br\/portal\/wp-json\/wp\/v2\/media?parent=169296"}],"wp:term":[{"taxonomy":"category","embeddable":true,"href":"https:\/\/www.novaconcursos.com.br\/portal\/wp-json\/wp\/v2\/categories?post=169296"},{"taxonomy":"post_tag","embeddable":true,"href":"https:\/\/www.novaconcursos.com.br\/portal\/wp-json\/wp\/v2\/tags?post=169296"}],"curies":[{"name":"wp","href":"https:\/\/api.w.org\/{rel}","templated":true}]}}