{"id":169546,"date":"2022-08-23T12:12:04","date_gmt":"2022-08-23T15:12:04","guid":{"rendered":"https:\/\/www.novaconcursos.com.br\/portal\/?p=169546"},"modified":"2022-08-23T14:36:14","modified_gmt":"2022-08-23T17:36:14","slug":"concurso-sefaz-mg-edital-retificado-numero-de-vagas","status":"publish","type":"post","link":"https:\/\/www.novaconcursos.com.br\/portal\/noticias\/concurso-sefaz-mg-edital-retificado-numero-de-vagas\/","title":{"rendered":"Concurso Sefaz MG: Edital retificado. Altera\u00e7\u00f5es no n\u00famero de vagas. Confira!"},"content":{"rendered":"<p>Aten\u00e7\u00e3o concurseiros! O\u00a0<strong>edital <\/strong>do\u00a0<a href=\"https:\/\/www.novaconcursos.com.br\/portal\/concursos\/concurso-sefaz-mg\/\">concurso Sefaz MG<\/a>\u00a0 sofreu mais <strong>altera\u00e7\u00f5es<\/strong> nesta semana, desta vez sobre o n\u00famero de vagas. A oferta \u00e9 de\u00a0<strong>431 oportunidades <\/strong>para o cargo de\u00a0<strong>Auditor Fiscal.<\/strong><\/p>\n\n\n\n<ul class=\"wp-block-list\"><li><strong>Confira:\u00a0<\/strong><a rel=\"noreferrer noopener\" aria-label=\" (abre numa nova aba)\" href=\"https:\/\/www.novaconcursos.com.br\/livro-impresso\/questoes-comentadas-fgv\" target=\"_blank\">Livro de Quest\u00f5es Comentadas FGV<\/a><\/li><\/ul><p><\/p>\n\n\n\n<p>Estude para o concurso dos seus sonhos com o\u00a0<strong>M\u00e9todo<\/strong>\u00a0que j\u00e1 ajudou na\u00a0<strong>aprova\u00e7\u00e3o de mais de 70 mil alunos.<\/strong>\u00a0<a rel=\"noreferrer noopener\" aria-label=\" (abre numa nova aba)\" href=\"https:\/\/aprovacao.novaconcursos.com.br\/assinatura\" target=\"_blank\">Clique aqui<\/a>\u00a0e saiba mais!<\/p>\n\n\n\n<h2 class=\"wp-block-heading\" id=\"concurso-sefaz-mg-o-que-mudou\">Concurso Sefaz MG: o que mudou?<\/h2>\n\n\n\n<p>Importante destacar que o\u00a0<strong>concurso\u00a0<\/strong>da Secretaria de Fazenda de\u00a0<a href=\"https:\/\/www.novaconcursos.com.br\/portal\/concursos-previstos\/mg\/\">Minas Gerais<\/a>\u00a0j\u00e1 est\u00e1\u00a0<strong>publicado<\/strong> e sofreu mais uma altera\u00e7\u00e3o nesta semana.<\/p>\n\n\n\n<p>Agora, o certame passa a oferecer\u00a0<strong>271 vagas <\/strong>em ampla concorr\u00eancia e outras<strong>\u00a030<\/strong>\u00a0para pessoa com defici\u00eancia para o cargo de <strong>Auditoria e Fiscaliza\u00e7\u00e3o<\/strong>.<\/p>\n\n\n\n<p>Anteriormente, entretanto, a oferta era de 270 e 31 vagas, respectivamente. Esta foi a segunda retifica\u00e7\u00e3o desde sua publica\u00e7\u00e3o.<\/p>\n\n\n\n<p><a href=\"https:\/\/www.novaconcursos.com.br\/portal\/noticias\/concurso-sefaz-mg-edital-retificado-datas-de-inscricoes-e-provas-alteradas\/\">Confira a primeira retifica\u00e7\u00e3o, clicando aqui!<\/a><\/p>\n\n\n\n<p>Vale destacar, ainda, que o concurso da Secretaria de Fazenda de\u00a0<a href=\"https:\/\/www.novaconcursos.com.br\/portal\/concursos-abertos\/mg\/\">Minas Gerais<\/a>\u00a0oferta um total de\u00a0<strong>431 vagas.<\/strong><\/p>\n\n\n\n<p>Assim, s\u00e3o oportunidades para o cargo de Auditor Fiscal da Receita Estadual, que exige o\u00a0<strong>n\u00edvel superior<\/strong>. Confira a\u00a0<strong>distribui\u00e7\u00e3o<\/strong>:<\/p>\n\n\n\n<ul class=\"wp-block-list\"><li>Auditoria e Fiscaliza\u00e7\u00e3o \u2013 301 vagas<\/li><li>Tributa\u00e7\u00e3o \u2013 40 vagas<\/li><li>Tecnologia da Informa\u00e7\u00e3o \u2013 90 vagas<\/li><\/ul><p><\/p>\n\n\n\n<h3 class=\"wp-block-heading\">Sal\u00e1rios<\/h3>\n\n\n\n<p>Ademais, os aprovados contar\u00e3o com\u00a0<strong>sal\u00e1rios<\/strong>\u00a0que podem passar dos\u00a0<strong>R$ 25.000,00<\/strong>, ou seja, bem atrativo.<\/p>\n\n\n\n<p>Portanto, eles s\u00e3o compostos pelo vencimento inicial de\u00a0<strong>R$ 5.711,35<\/strong>\u00a0e a Gratifica\u00e7\u00e3o de Est\u00edmulo \u00e0 Produ\u00e7\u00e3o Individual (GEPI) de at\u00e9\u00a0<strong>R$ 19.580,00.<\/strong><\/p>\n\n\n\n<h2 class=\"wp-block-heading\" id=\"concurso-sefaz-mg-inscries-esto-abertas\">Concurso Sefaz MG: inscri\u00e7\u00f5es est\u00e3o abertas<\/h2>\n\n\n\n<p>Posteriormente, as inscri\u00e7\u00f5es ser\u00e3o abertas somente \u00e0s\u00a0<strong>16h do dia 6 de setembro,\u00a0<\/strong>por meio do\u00a0<a rel=\"noreferrer noopener\" href=\"https:\/\/conhecimento.fgv.br\/concursos\/sefmg22\" target=\"_blank\">site da Funda\u00e7\u00e3o Get\u00falio Vargas (FGV)<\/a>, banca.<\/p>\n\n\n\n<p>Assim, os interessados poder\u00e3o se inscrever\u00a0<strong>at\u00e9 as 16h do dia 5 de outubro<\/strong>. Ademais, para efetivar a participa\u00e7\u00e3o \u00e9 necess\u00e1rio pagar uma taxa.<\/p>\n\n\n\n<p>Assim, o boleto deve ser pago\u00a0<strong>at\u00e9 o dia 06 de outubro<\/strong> e o valor <strong>taxa de inscri\u00e7\u00e3o<\/strong>\u00a0\u00e9 de\u00a0<strong>R$ 183,50.<\/strong><\/p>\n\n\n\n<h3 class=\"wp-block-heading\">Isen\u00e7\u00e3o de taxa<\/h3>\n\n\n\n<p>\u00c9 igualmente essencial que os concurseiros saibam que\u00a0<strong>entre \u00e0s 16h do dia 6 e \u00e0s 16h do dia 12 de setembro<\/strong>,\u00a0poder\u00e3o solicitar a<strong>\u00a0isen\u00e7\u00e3o de taxa<\/strong>.<\/p>\n\n\n\n<p>Entretanto, \u00e9 para aqueles que est\u00e3o\u00a0<strong>inscritos\u00a0<\/strong>no cadastro \u00danico para Programas Sociais do Governo Federal \u2013 Cad\u00danico.<\/p>\n\n\n\n<h2 class=\"wp-block-heading\" id=\"provas-do-concurso-sefaz-mg-sero-aplicadas-em-2023\">Provas do concurso Sefaz MG ser\u00e3o aplicadas em 2023<\/h2>\n\n\n\n<p>Por fim, \u00e9 imprescind\u00edvel que os candidatos saibam que ser\u00e3o avaliados por meio de duas etapas, sendo elas de\u00a0<strong>prova objetiva e discursiva.<\/strong><\/p>\n\n\n\n<p>Assim, as avalia\u00e7\u00f5es <strong>ocorrer\u00e3o somente em 2023<\/strong>; a\u00a0<strong>prova objetiva ser\u00e1 no dia 8 de janeiro<\/strong>.<\/p>\n\n\n\n<p>Assim, os Conhecimentos Gerais ser\u00e3o na parte da manh\u00e3, das 8h \u00e0s 12h30, e a Espec\u00edfica \u00e0 tarde, das 15h \u00e0s 18h30.<\/p>\n\n\n\n<p>Ao todo, ser\u00e3o cobradas\u00a0<strong>130 quest\u00f5es<\/strong>, sendo 80 de Conhecimentos Gerais e 50 Espec\u00edficos. Portanto, confira:<\/p>\n\n\n\n<ul class=\"wp-block-list\"><li>L\u00edngua Portuguesa \u2013 08;<\/li><li>Racioc\u00ednio L\u00f3gico-Matem\u00e1tico \u2013 08;<\/li><li>Direito:<ul><li>Administrativo e Legisla\u00e7\u00e3o Espec\u00edfica \u2013 12;<\/li><li>Constitucional e Direitos Humanos \u2013 08;<\/li><li>Civil I e Direito Empresarial I \u2013 10;<\/li><li>Penal \u2013 06;<\/li><li>Tribut\u00e1rio I \u2013 10.<\/li><\/ul><\/li><li>Contabilidade Geral \u2013 10;<\/li><li>Economia e Matem\u00e1tica Financeira \u2013 08;<\/li><li>Conhecimentos Espec\u00edficos \u2013 50.<\/li><\/ul><p><\/p>\n\n\n\n<p>Entretanto a <strong>prova discursiva<\/strong>, ser\u00e1 aplicada em 19 de mar\u00e7o e versar\u00e1 sobre temas relacionados a \u00e1rea escolhida pelo candidato. <\/p>\n\n\n\n<figure class=\"wp-block-image size-large\"><a href=\"https:\/\/aprovacao.novaconcursos.com.br\/assinatura\" target=\"_blank\" rel=\"noreferrer noopener\"><img decoding=\"async\" src=\"https:\/\/www.novaconcursos.com.br\/portal\/wp-content\/uploads\/2022\/01\/Faixa-Frete-Gr%E2%80%A0tis-portal.png\" alt=\"assinatura completa\" class=\"wp-image-153078\" loading=\"lazy\" title=\"\"><\/a><figcaption><\/figcaption><\/figure>","protected":false},"excerpt":{"rendered":"<p>Aten\u00e7\u00e3o concurseiros! O\u00a0edital do\u00a0concurso Sefaz MG\u00a0 sofreu mais altera\u00e7\u00f5es nesta semana, desta vez sobre o n\u00famero de vagas. A oferta \u00e9 de\u00a0431 oportunidades para o cargo de\u00a0Auditor Fiscal. Confira:\u00a0Livro de Quest\u00f5es Comentadas FGV Estude para o concurso dos seus sonhos com o\u00a0M\u00e9todo\u00a0que j\u00e1 ajudou na\u00a0aprova\u00e7\u00e3o de mais de 70 mil alunos.\u00a0Clique aqui\u00a0e saiba mais! Concurso [&hellip;]<\/p>\n","protected":false},"author":54671,"featured_media":156008,"comment_status":"closed","ping_status":"closed","sticky":false,"template":"","format":"standard","meta":{"_acf_changed":false,"footnotes":"","_wp_rev_ctl_limit":""},"categories":[228],"tags":[],"class_list":["post-169546","post","type-post","status-publish","format-standard","has-post-thumbnail","hentry","category-noticias"],"acf":[],"_links":{"self":[{"href":"https:\/\/www.novaconcursos.com.br\/portal\/wp-json\/wp\/v2\/posts\/169546","targetHints":{"allow":["GET"]}}],"collection":[{"href":"https:\/\/www.novaconcursos.com.br\/portal\/wp-json\/wp\/v2\/posts"}],"about":[{"href":"https:\/\/www.novaconcursos.com.br\/portal\/wp-json\/wp\/v2\/types\/post"}],"author":[{"embeddable":true,"href":"https:\/\/www.novaconcursos.com.br\/portal\/wp-json\/wp\/v2\/users\/54671"}],"replies":[{"embeddable":true,"href":"https:\/\/www.novaconcursos.com.br\/portal\/wp-json\/wp\/v2\/comments?post=169546"}],"version-history":[{"count":7,"href":"https:\/\/www.novaconcursos.com.br\/portal\/wp-json\/wp\/v2\/posts\/169546\/revisions"}],"predecessor-version":[{"id":169605,"href":"https:\/\/www.novaconcursos.com.br\/portal\/wp-json\/wp\/v2\/posts\/169546\/revisions\/169605"}],"wp:featuredmedia":[{"embeddable":true,"href":"https:\/\/www.novaconcursos.com.br\/portal\/wp-json\/wp\/v2\/media\/156008"}],"wp:attachment":[{"href":"https:\/\/www.novaconcursos.com.br\/portal\/wp-json\/wp\/v2\/media?parent=169546"}],"wp:term":[{"taxonomy":"category","embeddable":true,"href":"https:\/\/www.novaconcursos.com.br\/portal\/wp-json\/wp\/v2\/categories?post=169546"},{"taxonomy":"post_tag","embeddable":true,"href":"https:\/\/www.novaconcursos.com.br\/portal\/wp-json\/wp\/v2\/tags?post=169546"}],"curies":[{"name":"wp","href":"https:\/\/api.w.org\/{rel}","templated":true}]}}