{"id":169669,"date":"2022-08-24T10:26:11","date_gmt":"2022-08-24T13:26:11","guid":{"rendered":"https:\/\/www.novaconcursos.com.br\/portal\/?p=169669"},"modified":"2022-08-24T10:26:15","modified_gmt":"2022-08-24T13:26:15","slug":"concurso-mp-pa-promotor-edital-publicado-salario","status":"publish","type":"post","link":"https:\/\/www.novaconcursos.com.br\/portal\/noticias\/concurso-mp-pa-promotor-edital-publicado-salario\/","title":{"rendered":"Concurso MP PA Promotor: Edital publicado. Sal\u00e1rio R$ 30,4 mil!"},"content":{"rendered":"<p>Aten\u00e7\u00e3o concurseiros! Foi publicado o edital do\u00a0<a href=\"https:\/\/www.novaconcursos.com.br\/portal\/concursos\/concurso-mp-pa\/\">concurso MP PA<\/a>\u00a0(Minist\u00e9rio P\u00fablico do Par\u00e1)<strong>\u00a0com vagas para Promotor.<\/strong>\u00a0Assim, s\u00e3o 65 oportunidades e os sal\u00e1rios chegam a R$ 30,4 mil. <\/p>\n\n\n\n<ul class=\"wp-block-list\"><li><strong>Confira:<\/strong>\u00a0<a href=\"https:\/\/www.novaconcursos.com.br\/eventos\/guia-definitivo-plano-de-estudos-passo-a-passo\/\" target=\"_blank\" rel=\"noreferrer noopener\" aria-label=\" (abre numa nova aba)\">Guia Definitivo Plano de Estudos (Gr\u00e1tis)<\/a><\/li><\/ul><p><\/p>\n\n\n\n<p>Estude para o concurso dos seus sonhos com o\u00a0<strong>M\u00e9todo<\/strong>\u00a0que j\u00e1 ajudou na\u00a0<strong>aprova\u00e7\u00e3o de mais de 70 mil alunos.<\/strong>\u00a0<a rel=\"noreferrer noopener\" aria-label=\" (abre numa nova aba)\" href=\"https:\/\/aprovacao.novaconcursos.com.br\/assinatura\" target=\"_blank\">Clique aqui<\/a>\u00a0e saiba mais!<\/p>\n\n\n\n<h2 class=\"wp-block-heading\" id=\"concurso-mp-pa-como-realizar-inscrio\">Concurso MP PA: como realizar inscri\u00e7\u00e3o?<\/h2>\n\n\n\n<p>Sendo assim, um novo\u00a0<strong>edital\u00a0<\/strong>para o concurso do Minist\u00e9rio P\u00fablico do\u00a0<a href=\"https:\/\/www.novaconcursos.com.br\/portal\/concursos-previstos\/pa\/\">Par\u00e1<\/a> foi publicado. Se atente aos prazos.<\/p>\n\n\n\n<p>Os interessados na sele\u00e7\u00e3o, ent\u00e3o, poder\u00e3o se inscrever entre os dias <strong>24 de agosto e 22 de setembro.<\/strong><\/p>\n\n\n\n<p>Assim, elas devem ser feitas por meio do <a rel=\"noreferrer noopener\" href=\"https:\/\/www.cebraspe.org.br\/concursos\/MP_PA_22_PROMOTOR\" target=\"_blank\">site do Cebraspe<\/a>, <strong>banca <\/strong>organizadora do concurso.\u00a0 <\/p>\n\n\n\n<p>Al\u00e9m disso, o concurseiro dever\u00e1 pagar uma taxa no valor de <strong>R$ 375,<\/strong> at\u00e9 13 de outubro. <\/p>\n\n\n\n<h3 class=\"wp-block-heading\">Isen\u00e7\u00e3o da taxa<\/h3>\n\n\n\n<p>Ademais, <strong>poder\u00e3o solicitar<\/strong> a isen\u00e7\u00e3o da taxa, os membros de fam\u00edlias de baixa renda, inscritos no programa Cadastro \u00danico (Cad\u00danico); e pessoas com defici\u00eancia.\u00a0<\/p>\n\n\n\n<p>Entretanto, para isso \u00e9 preciso enviar a documenta\u00e7\u00e3o comprobat\u00f3ria das condi\u00e7\u00f5es entre os dias <strong>24 de agosto e 22 de setembro<\/strong>, tamb\u00e9m pelo portal do Cebraspe.\u00a0<\/p>\n\n\n\n<p><a href=\"https:\/\/cdn.cebraspe.org.br\/concursos\/MP_PA_22_PROMOTOR\/arquivos\/ED_1_MP_PA_PROMOTOR_22_ABERTURA.PDF\" target=\"_blank\" rel=\"noreferrer noopener\" aria-label=\"Confira o edital completo do concurso, clicando aqui! (abre numa nova aba)\">Confira o edital completo do concurso, clicando aqui!<\/a><\/p>\n\n\n\n<h2 class=\"wp-block-heading\" id=\"concurso-mp-pa-vagas-cargos-e-salrios\">Concurso MP PA: vagas, cargos e sal\u00e1rios<\/h2>\n\n\n\n<p>Assim, o concurso do Minist\u00e9rio P\u00fablico do\u00a0<a href=\"https:\/\/www.novaconcursos.com.br\/portal\/concursos-abertos\/pa\/\">Par\u00e1<\/a> foi publicado com a oferta total de <strong>65 vagas para Promotor<\/strong> de Justi\u00e7a.<\/p>\n\n\n\n<p>Do total, <strong>41 vagas s\u00e3o para ampla concorr\u00eancia,<\/strong> 7 para pessoas com defici\u00eancia, 13 para negros, 2 para ind\u00edgenas e 2 para quilombolas.\u00a0<\/p>\n\n\n\n<p><em>\u201cEssa \u00e9 uma iniciativa da atual gest\u00e3o do Minist\u00e9rio P\u00fablico, que desde o in\u00edcio do mandato assumiu compromisso com a pauta de direitos humanos\u201d,<\/em> afirma o Minist\u00e9rio, sobre a reserva de vagas.<\/p>\n\n\n\n<p>Ainda haver\u00e1 forma\u00e7\u00e3o de um <strong>cadastro de reserva<\/strong>, onde os aprovados poder\u00e3o ser convocados durante o prazo de validade do concurso. <\/p>\n\n\n\n<p>Al\u00e9m disso, importante destacar que ap\u00f3s convoca\u00e7\u00e3o, o profissional receber\u00e1 a remunera\u00e7\u00e3o inicial de <strong>R$ 30.404,47. <\/strong><\/p>\n\n\n\n<h3 class=\"wp-block-heading\"><strong>Requisitos<\/strong><\/h3>\n\n\n\n<p>Ter diploma, devidamente registrado, de conclus\u00e3o de curso de bacharelado em Direito, fornecido por institui\u00e7\u00e3o de ensino superior reconhecida pelo Minist\u00e9rio da Educa\u00e7\u00e3o (MEC).<\/p>\n\n\n\n<p>Al\u00e9m disso, precisa comprova\u00e7\u00e3o de exerc\u00edcio por tr\u00eas anos, no m\u00ednimo, de atividade jur\u00eddica, desempenhada exclusivamente ap\u00f3s a conclus\u00e3o do curso de bacharelado em Direito.<\/p>\n\n\n\n<h3 class=\"wp-block-heading\"><strong>Atribui\u00e7\u00f5es<\/strong><\/h3>\n\n\n\n<p>Al\u00e9m das fun\u00e7\u00f5es estabelecidas na Constitui\u00e7\u00e3o Federal, na Lei Org\u00e2nica Nacional do Minist\u00e9rio P\u00fablico, na Constitui\u00e7\u00e3o Estadual e em outras leis, as previstas na Lei Complementar Estadual n\u00ba 057\/2006, e suas altera\u00e7\u00f5es, bem como outras que vierem a ser institu\u00eddas atrav\u00e9s de normas supervenientes \u00e0 publica\u00e7\u00e3o do edital.<\/p>\n\n\n\n<h2 class=\"wp-block-heading\" id=\"concurso-mp-pa-provas-sero-aplicadas-apenas-em-2023\">Concurso MP PA: provas ser\u00e3o aplicadas apenas em 2023<\/h2>\n\n\n\n<p>Antes de mais nada \u00e9 importante mencionar que os inscritos no concurso ser\u00e3o avaliados por meio de <strong>seis etapas<\/strong>. Assim, s\u00e3o elas:<\/p>\n\n\n\n<ul class=\"wp-block-list\"><li><strong>Primeira etapa:\u00a0<\/strong>prova objetiva, de car\u00e1ter eliminat\u00f3rio e classificat\u00f3rio;<\/li><li><strong>Segunda etapa:<\/strong>\u00a0tr\u00eas provas discursivas, de car\u00e1ter eliminat\u00f3rio e classificat\u00f3rio;\u00a0<\/li><li><strong>Terceira etapa:<\/strong>\u00a0de car\u00e1ter eliminat\u00f3rio, com as seguintes fases:\u00a0<ul><li>inscri\u00e7\u00e3o definitiva;\u00a0<\/li><li>sindic\u00e2ncia sobre a vida pregressa do candidato e investiga\u00e7\u00e3o social.\u00a0<\/li><\/ul><\/li><li><strong>Quarta etapa:<\/strong>\u00a0prova oral, de car\u00e1ter eliminat\u00f3rio e classificat\u00f3rio;\u00a0<\/li><li><strong>Quinta etapa:<\/strong>\u00a0prova de tribuna, de car\u00e1ter classificat\u00f3rio;\u00a0<\/li><li><strong>Sexta etapa:<\/strong>\u00a0avalia\u00e7\u00e3o de t\u00edtulos, de car\u00e1ter classificat\u00f3rio.<\/li><\/ul><p><\/p>\n\n\n\n<p>Portanto, a prova objetiva est\u00e1 marcada\u00a0para aplica\u00e7\u00e3o no dia\u00a0<strong>15 de janeiro de 2023.\u00a0<\/strong><\/p>\n\n\n\n<p>Assim, os inscritos responder\u00e3o a <strong>100 quest\u00f5es <\/strong>de m\u00faltipla escolha (A, B, C, D e E), distribu\u00eddas entre as seguintes <strong>disciplinas<\/strong>:\u00a0<\/p>\n\n\n\n<ul class=\"wp-block-list\"><li>Direito <ul><li>Constitucional;<\/li><li>Administrativo;<\/li><li>Civil;<\/li><li>Processual Civil;<\/li><li>Penal;<\/li><li>Processual Penal;<\/li><li>Eleitoral;<\/li><li>Empresarial;<\/li><li>Tribut\u00e1rio;<\/li><li>Agr\u00e1rio;<\/li><\/ul><\/li><li>Tutela dos Interesses Difusos, Coletivos e Individuais Homog\u00eaneos;<\/li><li>Direitos Humanos;<\/li><li>Promo\u00e7\u00e3o da Igualdade \u00c9tnico-racial e legisla\u00e7\u00e3o espec\u00edfica correspondente<\/li><li> Legisla\u00e7\u00e3o referente ao Minist\u00e9rio P\u00fablico;<\/li><\/ul><p><\/p>\n\n\n\n<p>Entretanto, por sua vez, as <strong>provas discursivas<\/strong> ser\u00e3o realizadas nos dias 15 e 16 de abril de 2023.\u00a0Veja:<\/p>\n\n\n\n<ul class=\"wp-block-list\"><li><strong>Prova discursiva <\/strong><ul><li><strong>I:\u00a0<\/strong>1 pe\u00e7a processual e 6 quest\u00f5es sobre\u00a0Direito Penal e Direito Processual Penal<\/li><li><strong>II:<\/strong>\u00a01 pe\u00e7a processual e 6 quest\u00f5es sobre\u00a0Direito Civil, Direito Processual Civil, Direito Eleitoral, Direito Tribut\u00e1rio, Direito Empresarial<\/li><li><strong>III:<\/strong>\u00a01 pe\u00e7a processual e 6 quest\u00f5es sobre\u00a0Direito Constitucional, Direito Administrativo, Legisla\u00e7\u00e3o referente ao Minist\u00e9rio P\u00fablico Tutela dos Interesses Difusos, Coletivos e Individuais Homog\u00eaneos, Direito Agr\u00e1rio, Direitos Humanos, Promo\u00e7\u00e3o da Igualdade \u00c9tnico-racial e legisla\u00e7\u00e3o espec\u00edfica correspondente<\/li><\/ul><\/li><\/ul><p><\/p>\n\n\n\n<figure class=\"wp-block-image size-large\"><a href=\"https:\/\/aprovacao.novaconcursos.com.br\/assinatura\" target=\"_blank\" rel=\"noreferrer noopener\"><img decoding=\"async\" src=\"https:\/\/www.novaconcursos.com.br\/portal\/wp-content\/uploads\/2022\/01\/Faixa-Frete-Gr%E2%80%A0tis-portal.png\" alt=\"assinatura completa\" class=\"wp-image-153078\" loading=\"lazy\" title=\"\"><\/a><figcaption><\/figcaption><\/figure>","protected":false},"excerpt":{"rendered":"<p>Aten\u00e7\u00e3o concurseiros! Foi publicado o edital do\u00a0concurso MP PA\u00a0(Minist\u00e9rio P\u00fablico do Par\u00e1)\u00a0com vagas para Promotor.\u00a0Assim, s\u00e3o 65 oportunidades e os sal\u00e1rios chegam a R$ 30,4 mil. Confira:\u00a0Guia Definitivo Plano de Estudos (Gr\u00e1tis) Estude para o concurso dos seus sonhos com o\u00a0M\u00e9todo\u00a0que j\u00e1 ajudou na\u00a0aprova\u00e7\u00e3o de mais de 70 mil alunos.\u00a0Clique aqui\u00a0e saiba mais! Concurso MP [&hellip;]<\/p>\n","protected":false},"author":54671,"featured_media":157504,"comment_status":"closed","ping_status":"closed","sticky":false,"template":"","format":"standard","meta":{"_acf_changed":false,"footnotes":"","_wp_rev_ctl_limit":""},"categories":[228],"tags":[],"class_list":["post-169669","post","type-post","status-publish","format-standard","has-post-thumbnail","hentry","category-noticias"],"acf":[],"_links":{"self":[{"href":"https:\/\/www.novaconcursos.com.br\/portal\/wp-json\/wp\/v2\/posts\/169669","targetHints":{"allow":["GET"]}}],"collection":[{"href":"https:\/\/www.novaconcursos.com.br\/portal\/wp-json\/wp\/v2\/posts"}],"about":[{"href":"https:\/\/www.novaconcursos.com.br\/portal\/wp-json\/wp\/v2\/types\/post"}],"author":[{"embeddable":true,"href":"https:\/\/www.novaconcursos.com.br\/portal\/wp-json\/wp\/v2\/users\/54671"}],"replies":[{"embeddable":true,"href":"https:\/\/www.novaconcursos.com.br\/portal\/wp-json\/wp\/v2\/comments?post=169669"}],"version-history":[{"count":4,"href":"https:\/\/www.novaconcursos.com.br\/portal\/wp-json\/wp\/v2\/posts\/169669\/revisions"}],"predecessor-version":[{"id":169684,"href":"https:\/\/www.novaconcursos.com.br\/portal\/wp-json\/wp\/v2\/posts\/169669\/revisions\/169684"}],"wp:featuredmedia":[{"embeddable":true,"href":"https:\/\/www.novaconcursos.com.br\/portal\/wp-json\/wp\/v2\/media\/157504"}],"wp:attachment":[{"href":"https:\/\/www.novaconcursos.com.br\/portal\/wp-json\/wp\/v2\/media?parent=169669"}],"wp:term":[{"taxonomy":"category","embeddable":true,"href":"https:\/\/www.novaconcursos.com.br\/portal\/wp-json\/wp\/v2\/categories?post=169669"},{"taxonomy":"post_tag","embeddable":true,"href":"https:\/\/www.novaconcursos.com.br\/portal\/wp-json\/wp\/v2\/tags?post=169669"}],"curies":[{"name":"wp","href":"https:\/\/api.w.org\/{rel}","templated":true}]}}