{"id":170005,"date":"2022-08-26T12:21:33","date_gmt":"2022-08-26T15:21:33","guid":{"rendered":"https:\/\/www.novaconcursos.com.br\/portal\/?p=170005"},"modified":"2022-08-26T12:21:37","modified_gmt":"2022-08-26T15:21:37","slug":"concurso-trt-pb-fgv-divulga-alteracoes-no-edital-confira-o-que-mudou","status":"publish","type":"post","link":"https:\/\/www.novaconcursos.com.br\/portal\/noticias\/concurso-trt-pb-fgv-divulga-alteracoes-no-edital-confira-o-que-mudou\/","title":{"rendered":"Concurso TRT PB: FGV divulga altera\u00e7\u00f5es no edital. Confira o que mudou!"},"content":{"rendered":"<p>Aten\u00e7\u00e3o, concurseiros! O edital do\u00a0<a href=\"https:\/\/www.novaconcursos.com.br\/portal\/concursos\/concurso-trt-pb-13a-regiao\/\">concurso TRT PB \u2013 13\u00aa regi\u00e3o\u00a0<\/a>(Tribunal Regional do Trabalho da Para\u00edba), que est\u00e1 ofertando\u00a0<strong>4 vagas\u00a0<\/strong>imediatas e mais oportunidades de\u00a0<strong>cadastro reserva,<\/strong> sofreu mudan\u00e7as. Confira!<\/p>\n\n\n\n<ul class=\"wp-block-list\"><li><strong>Confira:<\/strong>\u00a0<a rel=\"noreferrer noopener\" aria-label=\" (abre numa nova aba)\" href=\"https:\/\/www.novaconcursos.com.br\/eventos\/guia-definitivo-como-montar-um-mapa-mental\/\" target=\"_blank\">Guia Definitivo Como montar um mapa mental (Gr\u00e1tis)<\/a><\/li><\/ul><p><\/p>\n\n\n\n<p>Estude para o concurso dos seus sonhos com o\u00a0<strong>M\u00e9todo<\/strong>\u00a0que j\u00e1 ajudou na\u00a0<strong>aprova\u00e7\u00e3o de mais de 70 mil alunos.<\/strong>\u00a0<a rel=\"noreferrer noopener\" aria-label=\" (abre numa nova aba)\" href=\"https:\/\/aprovacao.novaconcursos.com.br\/assinatura\" target=\"_blank\">Clique aqui<\/a>\u00a0e saiba mais!<\/p>\n\n\n\n<h2 class=\"wp-block-heading\" id=\"concurso-trt-pb-o-que-mudou\">Concurso TRT PB: o que mudou?<\/h2>\n\n\n\n<p>Sendo assim, os interessados no concurso do Tribunal Regional do Trabalho da\u00a0<a href=\"https:\/\/www.novaconcursos.com.br\/portal\/concursos-abertos\/pb\/\">Para\u00edba\u00a0<\/a>devem se atentar \u00e0s <strong>mudan\u00e7as <\/strong>anunciadas no edital.<\/p>\n\n\n\n<ul class=\"wp-block-list\"><li><strong>Adquira: <\/strong><a rel=\"noreferrer noopener\" aria-label=\"Curso online concurso TRT PB (abre numa nova aba)\" href=\"https:\/\/www.novaconcursos.com.br\/curso-online\/curso-trt-13-regiao-tecnico-judiciario-area-administrativa?q=TRT\" target=\"_blank\">Curso online concurso TRT PB<\/a><\/li><\/ul><p><\/p>\n\n\n\n<p>Assim, as mudan\u00e7as ocorreram nesta quinta-feira, <strong>25 de agosto<\/strong>. Veja abaixo, o que mudou:<\/p>\n\n\n\n<ul class=\"wp-block-list\"><li>Inclus\u00e3o de conte\u00fado na disciplina de Atualidades, para todos os cargos<\/li><li>Inclus\u00e3o do item 13.1.1, que trata do TESTE DE APTID\u00c3O F\u00cdSICA  <\/li><li>Fica suprimido o car\u00e1ter classificat\u00f3rio do teste de aptid\u00e3o f\u00edsica<\/li><li>Altera\u00e7\u00e3o da nomenclatura do cargo de Enfermagem para Enfermagem do trabalho<\/li><li>Informa\u00e7\u00f5es sobre o atendimento aos candidatos com necessidades especiais<\/li><li>Dentre outras<\/li><\/ul><p><\/p>\n\n\n\n<p> <a rel=\"noreferrer noopener\" href=\"https:\/\/conhecimento.fgv.br\/sites\/default\/files\/concursos\/1a_retificacao_ao_edital.pdf\" target=\"_blank\">Confira o documento completo, clicando aqui!<\/a>  <\/p>\n\n\n\n<h2 class=\"wp-block-heading\" id=\"concurso-trt-pb-vagas-cargos-e-salrios\">Concurso TRT PB: vagas, cargos e sal\u00e1rios<\/h2>\n\n\n\n<p>Vale destacar que o concurso est\u00e1 ofertando apenas\u00a0<strong>4 vagas imediatas<\/strong>, mas haver\u00e1 a forma\u00e7\u00e3o de cadastro reserva. Assim, confira os cargos:<\/p>\n\n\n\n<ul class=\"wp-block-list\"><li><strong>T\u00e9cnico Judici\u00e1rio (n\u00edvel m\u00e9dio)<\/strong><ul><li>\u00c1rea Administrativa \u2013 Sem Especialidade: 2 vagas + CR;<\/li><li>Pol\u00edcia Judicial \u2013 CR;<\/li><li>Enfermagem \u2013 CR<\/li><li>Tecnologia da Informa\u00e7\u00e3o \u2013 1 vaga + CR.<\/li><\/ul><\/li><li><strong>Analista Judici\u00e1rio<\/strong><ul><li>\u00c1rea Judici\u00e1ria \u2013 1 vaga + CR<\/li><li>\u00c1rea Administrativa sem especialidade \u2013 CR;<\/li><li>Oficial de Justi\u00e7a Avaliador Federal \u2013 CR;<\/li><li>Arquiteto \u2013 CR;<\/li><li>Estat\u00edstica \u2013 CR;<\/li><li>Tecnologia da Informa\u00e7\u00e3o \u2013 CR;<\/li><li>Biblioteconomia \u2013 CR;<\/li><li>Contador \u2013 CR;<\/li><li>Engenharia El\u00e9trica \u2013 CR;<\/li><li>Medicina \u2013 CR;<\/li><li>Medicina Psiqui\u00e1trica \u2013 CR;<\/li><li>Odontologia \u2013 CR; e<\/li><li>Servi\u00e7o Social \u2013 CR.<\/li><\/ul><\/li><\/ul><p><\/p>\n\n\n\n<p>Em rela\u00e7\u00e3o aos ganhos, os aprovados far\u00e3o jus aos seguintes sal\u00e1rios iniciais\u00a0<strong>R$ 7.591,37<\/strong> (T\u00e9cnico) e <strong>R$ 12.455,30<\/strong> (Analista).<\/p>\n\n\n\n<p>Entretanto, no final da carreira, o sal\u00e1rio de um T\u00e9cnico passa a ser de\u00a0<strong>R$ 11.398,39\u00a0<\/strong>e o de um Analista\u00a0<strong>R$ 18.701,52.<\/strong><\/p>\n\n\n\n<h2 class=\"wp-block-heading\" id=\"concurso-trt-pb-inscries-continuam-abertas\">Concurso TRT PB: inscri\u00e7\u00f5es continuam abertas<\/h2>\n\n\n\n<p>Sendo assim, os interessados no concurso do Tribunal Regional do Trabalho da\u00a0<a href=\"https:\/\/www.novaconcursos.com.br\/portal\/concursos-previstos\/pb\/\">Para\u00edba\u00a0<\/a>devem saber que as inscri\u00e7\u00f5es\u00a0<strong>continuam abertas.<\/strong><\/p>\n\n\n\n<p>Assim, elas poder\u00e3o ser realizadas at\u00e9\u00a0<strong>20 de setembro,\u00a0<\/strong>por meio do portal da\u00a0<a rel=\"noreferrer noopener\" href=\"https:\/\/conhecimento.fgv.br\/concursos\/trt13\" target=\"_blank\">FGV<\/a>, banca organizadora.<\/p>\n\n\n\n<p>Al\u00e9m disso, a taxa de participa\u00e7\u00e3o varia de acordo com o grau de escolaridade do cargo desejado. Portanto, veja:<\/p>\n\n\n\n<ul class=\"wp-block-list\"><li>R$ 75,00 (n\u00edvel m\u00e9dio)<\/li><li>R$ 95,00 (n\u00edvel superior)<\/li><\/ul><p><\/p>\n\n\n\n<h2 class=\"wp-block-heading\" id=\"h-provas-e-etapas-edital-trt-pb-trt-13\">Concurso TRT PB: quais s\u00e3o as etapas de avalia\u00e7\u00e3o?<\/h2>\n\n\n\n<p>Sendo assim, os inscritos no concurso\u00a0ser\u00e3o avaliados por\u00a0<strong>v\u00e1rias etapas.<\/strong> Portanto, veja quais s\u00e3o:<\/p>\n\n\n\n<ul class=\"wp-block-list\"><li>Prova objetiva<\/li><li>Prova discursiva\/Reda\u00e7\u00e3o<\/li><li>Teste de Avalia\u00e7\u00e3o F\u00edsica (somente para candidatos da especialidade de Pol\u00edcia Judicial).<\/li><\/ul><p><\/p>\n\n\n\n<p>Ent\u00e3o, as<strong>\u00a0provas objetiva e discursiva\/reda\u00e7\u00e3o\u00a0<\/strong>ser\u00e3o aplicadas no dia 27 de novembro de 2022. Assim, veja os hor\u00e1rios:<\/p>\n\n\n\n<ul class=\"wp-block-list\"><li>Turno da manh\u00e3 (das 8h \u00e0s 12h30): cargos de Analista Judici\u00e1rio; e<\/li><li>Turno da tarde (das 15h \u00e0s 19h): cargos de T\u00e9cnico Judici\u00e1rio.<\/li><\/ul><p><\/p>\n\n\n\n<p>Al\u00e9m disso, a aplica\u00e7\u00e3o das provas acontecer\u00e1 nas cidades de\u00a0<strong>Jo\u00e3o Pessoa e Campina Grande.<\/strong><\/p>\n\n\n\n<p>Posteriormente, a prova objetiva ser\u00e1 composta por<strong>\u00a060 quest\u00f5es<\/strong>\u00a0para cargos de T\u00e9cnico e de\u00a0<strong>70 quest\u00f5es\u00a0<\/strong>para os cargos de Analista.<\/p>\n\n\n\n<p>O conte\u00fado program\u00e1tico, entretanto, varia de acordo com o cargo e especialidade escolhida. Por isso, confira os detalhes no edital!<\/p>\n\n\n\n<figure class=\"wp-block-image size-large\"><a href=\"https:\/\/aprovacao.novaconcursos.com.br\/assinatura\" target=\"_blank\" rel=\"noreferrer noopener\"><img decoding=\"async\" src=\"https:\/\/www.novaconcursos.com.br\/portal\/wp-content\/uploads\/2022\/01\/Faixa-Frete-Gr%E2%80%A0tis-portal.png\" alt=\"assinatura completa\" class=\"wp-image-153078\" loading=\"lazy\" title=\"\"><\/a><figcaption><\/figcaption><\/figure>","protected":false},"excerpt":{"rendered":"<p>Aten\u00e7\u00e3o, concurseiros! O edital do\u00a0concurso TRT PB \u2013 13\u00aa regi\u00e3o\u00a0(Tribunal Regional do Trabalho da Para\u00edba), que est\u00e1 ofertando\u00a04 vagas\u00a0imediatas e mais oportunidades de\u00a0cadastro reserva, sofreu mudan\u00e7as. Confira! Confira:\u00a0Guia Definitivo Como montar um mapa mental (Gr\u00e1tis) Estude para o concurso dos seus sonhos com o\u00a0M\u00e9todo\u00a0que j\u00e1 ajudou na\u00a0aprova\u00e7\u00e3o de mais de 70 mil alunos.\u00a0Clique aqui\u00a0e saiba [&hellip;]<\/p>\n","protected":false},"author":54671,"featured_media":163225,"comment_status":"closed","ping_status":"closed","sticky":false,"template":"","format":"standard","meta":{"_acf_changed":false,"footnotes":"","_wp_rev_ctl_limit":""},"categories":[228],"tags":[],"class_list":["post-170005","post","type-post","status-publish","format-standard","has-post-thumbnail","hentry","category-noticias"],"acf":[],"_links":{"self":[{"href":"https:\/\/www.novaconcursos.com.br\/portal\/wp-json\/wp\/v2\/posts\/170005","targetHints":{"allow":["GET"]}}],"collection":[{"href":"https:\/\/www.novaconcursos.com.br\/portal\/wp-json\/wp\/v2\/posts"}],"about":[{"href":"https:\/\/www.novaconcursos.com.br\/portal\/wp-json\/wp\/v2\/types\/post"}],"author":[{"embeddable":true,"href":"https:\/\/www.novaconcursos.com.br\/portal\/wp-json\/wp\/v2\/users\/54671"}],"replies":[{"embeddable":true,"href":"https:\/\/www.novaconcursos.com.br\/portal\/wp-json\/wp\/v2\/comments?post=170005"}],"version-history":[{"count":4,"href":"https:\/\/www.novaconcursos.com.br\/portal\/wp-json\/wp\/v2\/posts\/170005\/revisions"}],"predecessor-version":[{"id":170020,"href":"https:\/\/www.novaconcursos.com.br\/portal\/wp-json\/wp\/v2\/posts\/170005\/revisions\/170020"}],"wp:featuredmedia":[{"embeddable":true,"href":"https:\/\/www.novaconcursos.com.br\/portal\/wp-json\/wp\/v2\/media\/163225"}],"wp:attachment":[{"href":"https:\/\/www.novaconcursos.com.br\/portal\/wp-json\/wp\/v2\/media?parent=170005"}],"wp:term":[{"taxonomy":"category","embeddable":true,"href":"https:\/\/www.novaconcursos.com.br\/portal\/wp-json\/wp\/v2\/categories?post=170005"},{"taxonomy":"post_tag","embeddable":true,"href":"https:\/\/www.novaconcursos.com.br\/portal\/wp-json\/wp\/v2\/tags?post=170005"}],"curies":[{"name":"wp","href":"https:\/\/api.w.org\/{rel}","templated":true}]}}