{"id":170117,"date":"2022-08-29T12:44:25","date_gmt":"2022-08-29T15:44:25","guid":{"rendered":"https:\/\/www.novaconcursos.com.br\/portal\/?p=170117"},"modified":"2022-08-29T12:44:29","modified_gmt":"2022-08-29T15:44:29","slug":"concurso-pm-am-fgv-divulga-cronograma-das-proximas-etapas","status":"publish","type":"post","link":"https:\/\/www.novaconcursos.com.br\/portal\/noticias\/concurso-pm-am-fgv-divulga-cronograma-das-proximas-etapas\/","title":{"rendered":"Concurso PM AM: FGV divulga cronograma das pr\u00f3ximas etapas!"},"content":{"rendered":"<p>Aten\u00e7\u00e3o concurseiros! As provas do\u00a0<a href=\"https:\/\/www.novaconcursos.com.br\/portal\/concursos\/concurso-pm-am\/\">concurso PM AM<\/a>\u00a0<strong>foram realizadas<\/strong>\u00a0em fevereiro. S\u00e3o\u00a0<strong>1.350 vagas<\/strong>\u00a0no total sendo ofertadas! O novo\u00a0<strong>cronograma<\/strong>, com as pr\u00f3ximas etapas, foi\u00a0<strong>divulgado<\/strong>.<\/p>\n\n\n\n<ul class=\"wp-block-list\"><li><strong>Confira:\u00a0<\/strong><a href=\"https:\/\/www.novaconcursos.com.br\/eventos\/guia-definitivo-como-montar-um-mapa-mental\/\" target=\"_blank\" rel=\"noreferrer noopener\" aria-label=\" (abre numa nova aba)\">Como montar um mapa mental \u2013 Gr\u00e1tis<\/a><\/li><\/ul><p><\/p>\n\n\n\n<p>Estude para o concurso dos seus sonhos com o\u00a0<strong>M\u00e9todo<\/strong>\u00a0que j\u00e1 ajudou na\u00a0<strong>aprova\u00e7\u00e3o de mais de 70 mil alunos.<\/strong>\u00a0<a href=\"https:\/\/aprovacao.novaconcursos.com.br\/assinatura\" target=\"_blank\" rel=\"noreferrer noopener\" aria-label=\" (abre numa nova aba)\">Clique aqui<\/a>\u00a0e saiba mais!<\/p>\n\n\n\n<h2 class=\"wp-block-heading\" id=\"concurso-pm-am-confira-o-novo-cronograma\">Concurso PM AM: confira o novo cronograma<\/h2>\n\n\n\n<p>Foi divulgado na \u00faltima sexta-feira (26), o\u00a0<strong>cronograma com as pr\u00f3ximas etapas\u00a0<\/strong>do concurso da Pol\u00edcia Militar do\u00a0<a href=\"https:\/\/www.novaconcursos.com.br\/portal\/concursos-previstos\/am\/\">Estado do Amazonas<\/a>.<\/p>\n\n\n\n<ul class=\"wp-block-list\"><li><strong>Adquira:\u00a0<\/strong><a href=\"https:\/\/www.novaconcursos.com.br\/concurso\/pm-am-policia-militar-do-amazonas\/apostila\">Apostila Concurso PM AM<\/a><\/li><li><strong>Adquira:<\/strong>\u00a0<a href=\"https:\/\/www.novaconcursos.com.br\/concurso\/pm-am-policia-militar-do-amazonas\/curso-online\">Curso Online Concurso PM AM<\/a><\/li><\/ul><p><\/p>\n\n\n\n<p>Sendo assim, a pr\u00f3xima etapa \u00e9 a <strong>convoca\u00e7\u00e3o <\/strong>para o Exame M\u00e9dico, que deve acontecer entre os dias 3 e 21 de outubro. Portanto, veja abaixo:<\/p>\n\n\n\n<figure class=\"wp-block-image size-large\"><img decoding=\"async\" width=\"718\" height=\"523\" src=\"https:\/\/www.novaconcursos.com.br\/portal\/wp-content\/uploads\/2022\/08\/cronograma.jpg\" alt=\"\" class=\"wp-image-170121\" loading=\"lazy\" title=\"\" srcset=\"https:\/\/www.novaconcursos.com.br\/portal\/wp-content\/uploads\/2022\/08\/cronograma-300x219.jpg 300w, https:\/\/www.novaconcursos.com.br\/portal\/wp-content\/uploads\/2022\/08\/cronograma.jpg 718w\" sizes=\"auto, (max-width: 480px) 100vw, (max-width: 768px) 100vw, (max-width: 1200px) 70vw, 768px\"><figcaption><\/figcaption><\/figure><p><a href=\"https:\/\/conhecimento.fgv.br\/sites\/default\/files\/concursos\/cronograma_pmam_-_publicacao.pdf\" target=\"_blank\" rel=\"noreferrer noopener\" aria-label=\"Para conferir o cronograma completo, entretanto, entre neste link! (abre numa nova aba)\">Para conferir o cronograma completo, entretanto, entre neste link!<\/a><\/p>\n\n\n\n<h2 class=\"wp-block-heading\" id=\"concurso-pm-am-oferece-1350-vagas\"><strong>Concurso PM AM oferece\u00a01.350 vagas<\/strong><\/h2>\n\n\n\n<p>Ademais, o concurso da Pol\u00edcia Militar do\u00a0Amazonas\u00a0est\u00e1 ofertando um total de\u00a0<strong>1.350 vagas<\/strong>.<\/p>\n\n\n\n<p>Portanto, s\u00e3o 1.000 para Aluno\u00a0<strong>Soldado<\/strong>, de n\u00edvel m\u00e9dio, e 350 para o Aluno\u00a0<strong>Oficial<\/strong>, de n\u00edvel superior.<\/p>\n\n\n\n<p>Entretanto, para Aluno Oficial, ser\u00e3o 320 para Oficiais e 30 para o Oficial de Sa\u00fade. A idade cobrada \u00e9 de\u00a0<strong>at\u00e9 35 anos\u00a0<\/strong>no momento da inscri\u00e7\u00e3o.<\/p>\n\n\n\n<p>Por fim, os aprovados ter\u00e3o\u00a0<strong>sal\u00e1rios iniciais de\u00a0R$ 4.831,43\u00a0(Soldado) e R$ 12.468,18\u00a0(Oficial)<\/strong>.<\/p>\n\n\n\n<h3 class=\"wp-block-heading\">Atribui\u00e7\u00f5es<\/h3>\n\n\n\n<p>Ademais, \u00e9 igualmente importante que os candidatos da nova sele\u00e7\u00e3o saibam quais ser\u00e3o as\u00a0<strong>fun\u00e7\u00f5es<\/strong>\u00a0a serem exercidas pelos aprovados. Sendo assim, as\u00a0<strong>atribui\u00e7\u00f5es<\/strong>\u00a0s\u00e3o:<\/p>\n\n\n\n<p><strong>Oficial Pol\u00edcia Militar:\u00a0<\/strong>Exercer atividade estudantil, em regime de dedica\u00e7\u00e3o integral, e demais atividades internas e externas atreladas \u00e0 sua forma\u00e7\u00e3o, durante o per\u00edodo de dura\u00e7\u00e3o do curso de forma\u00e7\u00e3o, conforme legisla\u00e7\u00e3o subsidi\u00e1ria, Regulamentos da PMAM e das institui\u00e7\u00f5es de Ensino onde encontrar-se matriculado.<\/p>\n\n\n\n<p><strong>Oficial de Sa\u00fade Pol\u00edcia Militar:<\/strong>\u00a0Atuar de acordo com a legisla\u00e7\u00e3o que rege sua especialidade; realizar atendimento cl\u00ednico, emergencial, ambulatorial, per\u00edcias, atividades da especialidade; bem como cumprir plant\u00f5es internos; al\u00e9m de atuar em eventos policiais militares internos e externos, pr\u00f3prios do oficial policial militar.<\/p>\n\n\n\n<p><strong>Soldado Pol\u00edcia Militar:<\/strong>\u00a0Trabalhar em contato cotidiano com o p\u00fablico, em equipe, sob supervis\u00e3o, em ambiente de trabalho que pode ser fechado, a c\u00e9u aberto ou em ve\u00edculo automotor, em hor\u00e1rios diversos (diurno, noturno e em rod\u00edzios de turnos). Atuar em condi\u00e7\u00f5es de press\u00e3o e de risco de morte em sua rotina de trabalho.<\/p>\n\n\n\n<h3 class=\"wp-block-heading\">Como foram as provas?<\/h3>\n\n\n\n<p>Por fim, vale recordar que os candidatos realizaram as\u00a0<strong>provas objetivas\u00a0<\/strong>no dia\u00a0<strong>06 de fevereiro,<\/strong>\u00a0quando responderam a\u00a0<strong>60 ou 80 quest\u00f5es<\/strong>. Assim, veja como foi:<\/p>\n\n\n\n<ul class=\"wp-block-list\"><li><strong>N\u00edvel m\u00e9dio \u2013 Soldado:<\/strong><ul><li>L\u00edngua Portuguesa \u2013 10;<\/li><li>Geografia do Amazonas \u2013 10;<\/li><li>Hist\u00f3ria do Amazonas \u2013 10;<\/li><li>Racioc\u00ednio L\u00f3gico Matem\u00e1tico \u2013 10;<\/li><li>No\u00e7\u00f5es de Inform\u00e1tica \u2013 10;<\/li><li>Legisla\u00e7\u00e3o Institucional \u2013 10.<\/li><\/ul><\/li><li><strong>N\u00edvel superior \u2013 Oficial:<\/strong><ul><li>L\u00edngua Portuguesa \u2013 10;<\/li><li>Geografia do Amazonas \u2013 05;<\/li><li>Hist\u00f3ria do Amazonas \u2013 05;<\/li><li>Legisla\u00e7\u00e3o Institucional \u2013 09;<\/li><li>No\u00e7\u00f5es de Inform\u00e1tica \u2013 05;<\/li><li>Direitos:<ul><li>Constitucional \u2013 08;<\/li><li>Administrativo \u2013 08;<\/li><li>Penal Militar \u2013 06;<\/li><li>Processual Penal Militar \u2013 06;<\/li><li>Penal \u2013 06;<\/li><li>Processual Penal \u2013 04;<\/li><\/ul><\/li><li>Legisla\u00e7\u00e3o Especial Penal \u2013 04;<\/li><li>Direitos Humanos \u2013 04.<\/li><\/ul><\/li><li><strong>N\u00edvel superior \u2013 Oficial de Sa\u00fade:<\/strong><ul><li>L\u00edngua Portuguesa \u2013 15;<\/li><li>Legisla\u00e7\u00e3o e SUS \u2013 10;<\/li><li>Legisla\u00e7\u00e3o Institucional \u2013 05;<\/li><li>Geografia do Amazonas \u2013 05;<\/li><li>Hist\u00f3ria do Amazonas \u2013 05;<\/li><li>Conhecimentos Espec\u00edficos \u2013 40.<\/li><\/ul><\/li><\/ul><p>Al\u00e9m disso, \u00e9 de suma import\u00e2ncia frisar que os candidatos da sele\u00e7\u00e3o <strong>ainda dever\u00e3o passar por:<\/strong><\/p>\n\n\n\n<ul class=\"wp-block-list\"><li>Avalia\u00e7\u00e3o M\u00e9dica;<\/li><li>Exame de Aptid\u00e3o F\u00edsica;<\/li><li>Avalia\u00e7\u00e3o Psicol\u00f3gica;<\/li><li>Sindic\u00e2ncia de Vida Pregressa e Investiga\u00e7\u00e3o Social;<\/li><li>Entrega de Documentos.<\/li><\/ul><p><\/p>\n\n\n\n<p>Estudou com a Nova Concursos e foi APROVADO?\u00a0<strong>Queremos falar com voc\u00ea!\u00a0<\/strong>Entre em contato<a rel=\"noreferrer noopener\" href=\"https:\/\/docs.google.com\/forms\/d\/e\/1FAIpQLScvH0cAbZsXZIyVM9Siv7Z2LDCLgZZ4aUWRgrFF5i3xINmwJQ\/viewform\" target=\"_blank\">\u00a0clicando aqui!\u00a0<\/a><\/p>\n\n\n\n<figure class=\"wp-block-image size-large\"><a href=\"https:\/\/aprovacao.novaconcursos.com.br\/assinatura\" target=\"_blank\" rel=\"noreferrer noopener\"><img decoding=\"async\" src=\"https:\/\/www.novaconcursos.com.br\/portal\/wp-content\/uploads\/2022\/01\/Faixa-Frete-Gr%E2%80%A0tis-portal.png\" alt=\"assinatura completa\" class=\"wp-image-153078\" loading=\"lazy\" title=\"\"><\/a><figcaption><\/figcaption><\/figure>","protected":false},"excerpt":{"rendered":"<p>Aten\u00e7\u00e3o concurseiros! As provas do\u00a0concurso PM AM\u00a0foram realizadas\u00a0em fevereiro. S\u00e3o\u00a01.350 vagas\u00a0no total sendo ofertadas! O novo\u00a0cronograma, com as pr\u00f3ximas etapas, foi\u00a0divulgado. Confira:\u00a0Como montar um mapa mental \u2013 Gr\u00e1tis Estude para o concurso dos seus sonhos com o\u00a0M\u00e9todo\u00a0que j\u00e1 ajudou na\u00a0aprova\u00e7\u00e3o de mais de 70 mil alunos.\u00a0Clique aqui\u00a0e saiba mais! Concurso PM AM: confira o novo [&hellip;]<\/p>\n","protected":false},"author":54671,"featured_media":157619,"comment_status":"closed","ping_status":"closed","sticky":false,"template":"","format":"standard","meta":{"_acf_changed":false,"footnotes":"","_wp_rev_ctl_limit":""},"categories":[228],"tags":[],"class_list":["post-170117","post","type-post","status-publish","format-standard","has-post-thumbnail","hentry","category-noticias"],"acf":[],"_links":{"self":[{"href":"https:\/\/www.novaconcursos.com.br\/portal\/wp-json\/wp\/v2\/posts\/170117","targetHints":{"allow":["GET"]}}],"collection":[{"href":"https:\/\/www.novaconcursos.com.br\/portal\/wp-json\/wp\/v2\/posts"}],"about":[{"href":"https:\/\/www.novaconcursos.com.br\/portal\/wp-json\/wp\/v2\/types\/post"}],"author":[{"embeddable":true,"href":"https:\/\/www.novaconcursos.com.br\/portal\/wp-json\/wp\/v2\/users\/54671"}],"replies":[{"embeddable":true,"href":"https:\/\/www.novaconcursos.com.br\/portal\/wp-json\/wp\/v2\/comments?post=170117"}],"version-history":[{"count":4,"href":"https:\/\/www.novaconcursos.com.br\/portal\/wp-json\/wp\/v2\/posts\/170117\/revisions"}],"predecessor-version":[{"id":170127,"href":"https:\/\/www.novaconcursos.com.br\/portal\/wp-json\/wp\/v2\/posts\/170117\/revisions\/170127"}],"wp:featuredmedia":[{"embeddable":true,"href":"https:\/\/www.novaconcursos.com.br\/portal\/wp-json\/wp\/v2\/media\/157619"}],"wp:attachment":[{"href":"https:\/\/www.novaconcursos.com.br\/portal\/wp-json\/wp\/v2\/media?parent=170117"}],"wp:term":[{"taxonomy":"category","embeddable":true,"href":"https:\/\/www.novaconcursos.com.br\/portal\/wp-json\/wp\/v2\/categories?post=170117"},{"taxonomy":"post_tag","embeddable":true,"href":"https:\/\/www.novaconcursos.com.br\/portal\/wp-json\/wp\/v2\/tags?post=170117"}],"curies":[{"name":"wp","href":"https:\/\/api.w.org\/{rel}","templated":true}]}}