{"id":170248,"date":"2022-08-30T09:48:55","date_gmt":"2022-08-30T12:48:55","guid":{"rendered":"https:\/\/www.novaconcursos.com.br\/portal\/?p=170248"},"modified":"2022-08-30T09:53:04","modified_gmt":"2022-08-30T12:53:04","slug":"concurso-sme-sp-saiu-o-edital-para-professor","status":"publish","type":"post","link":"https:\/\/www.novaconcursos.com.br\/portal\/noticias\/concurso-sme-sp-saiu-o-edital-para-professor\/","title":{"rendered":"Concurso SME SP: Saiu o edital com 3.250 vagas para professor!"},"content":{"rendered":"<p>\u00d3tima not\u00edcia, concurseiros paulistas! Saiu o\u00a0<strong>edital\u00a0<\/strong>do<a href=\"https:\/\/www.novaconcursos.com.br\/portal\/concursos\/concurso-sme-sp\/\">\u00a0concurso SME SP<\/a> (Secretaria Municipal de Educa\u00e7\u00e3o de S\u00e3o Paulo) com a oferta de 3.250 vagas para <strong>Professor<\/strong>. As inscri\u00e7\u00f5es come\u00e7am ainda nesta semana. Veja!<\/p>\n\n\n\n<ul class=\"wp-block-list\"><li><strong>Confira:<\/strong>\u00a0<a rel=\"noreferrer noopener\" aria-label=\" (abre numa nova aba)\" href=\"https:\/\/www.novaconcursos.com.br\/eventos\/guia-definitivo-como-montar-um-mapa-mental\/\" target=\"_blank\">Guia Definitivo Como montar um mapa mental (Gr\u00e1tis)<\/a><\/li><\/ul><p><\/p>\n\n\n\n<p>Estude para o concurso dos seus sonhos com o\u00a0<strong>M\u00e9todo<\/strong>\u00a0que j\u00e1 ajudou na\u00a0<strong>aprova\u00e7\u00e3o de mais de 70 mil alunos.<\/strong>\u00a0<a href=\"https:\/\/aprovacao.novaconcursos.com.br\/assinatura\" target=\"_blank\" rel=\"noreferrer noopener\" aria-label=\" (abre numa nova aba)\">Clique aqui<\/a>\u00a0e saiba mais!<\/p>\n\n\n\n<h2 class=\"wp-block-heading\" id=\"concurso-sme-sp-como-realizar-inscrio\">Concurso SME SP: como realizar inscri\u00e7\u00e3o?<\/h2>\n\n\n\n<p>Nesse sentido, \u00e9 de suma import\u00e2ncia que os concurseiros se atentem aos <strong>prazos <\/strong>do concurso para a Secretaria Municipal de Educa\u00e7\u00e3o de\u00a0<a href=\"https:\/\/www.novaconcursos.com.br\/portal\/concursos-abertos\/sp\/\">S\u00e3o Paulo<\/a>.<\/p>\n\n\n\n<p>Assim, as inscri\u00e7\u00f5es poder\u00e3o ser feitas somente pela <strong>internet<\/strong>, no site da banca organizadora, a <a rel=\"noreferrer noopener\" aria-label=\"Funda\u00e7\u00e3o Get\u00falio Vargas (abre numa nova aba)\" href=\"https:\/\/conhecimento.fgv.br\/concursos\" target=\"_blank\">Funda\u00e7\u00e3o Get\u00falio Vargas<\/a> (FGV). <\/p>\n\n\n\n<p>Sendo assim, elas ficar\u00e3o abertas entre \u00e0s 16h desta quarta-feira,<strong> 31 de agosto<\/strong>, at\u00e9 \u00e0s 16h do dia <strong>17 de outubro.<\/strong><\/p>\n\n\n\n<p>Al\u00e9m disso, haver\u00e1 taxa a ser paga at\u00e9 o dia <strong>18 de outubro<\/strong>, no valor de R$ 66,95 para ensino fundamental II e m\u00e9dio. <\/p>\n\n\n\n<p><a href=\"http:\/\/www.imprensaoficial.com.br\/DO\/BuscaDO2001Documento_11_4.aspx?link=%2f2022%2fdiario+oficial+cidade+de+sao+paulo%2fagosto%2f30%2fpag_0049_4ffa8e203704249c11dc69df1b685154.pdf&amp;pagina=49&amp;data=30\/08\/2022&amp;caderno=Di%C3%A1rio%20Oficial%20Cidade%20de%20S%C3%A3o%20Paulo&amp;paginaordenacao=100049\" target=\"_blank\" rel=\"noreferrer noopener\" aria-label=\"Confira o edital completo, publicado no Di\u00e1rio Oficial, clicando aqui! (abre numa nova aba)\">Confira o edital completo, publicado no Di\u00e1rio Oficial, clicando aqui!<\/a><\/p>\n\n\n\n<h2 class=\"wp-block-heading\" id=\"concurso-sme-sp-distribuio-das-vagas-e-cargos\">Concurso SME SP: distribui\u00e7\u00e3o das vagas e cargos<\/h2>\n\n\n\n<p>Portanto, o concurso da Secretaria Municipal de Educa\u00e7\u00e3o de\u00a0<a href=\"https:\/\/www.novaconcursos.com.br\/portal\/concursos-previstos\/sp\/\">S\u00e3o Paulo<\/a> oferta <strong>3.250 oportunidades<\/strong>\u00a0para o cargo de\u00a0<strong>Professor.<\/strong> <\/p>\n\n\n\n<p>Ademais,\u00a0<strong>1.270<\/strong>\u00a0das vagas s\u00e3o para Professor de Educa\u00e7\u00e3o<strong>\u00a0Infantil<\/strong>\u00a0e Ensino\u00a0<strong>Fundamental I.<\/strong><\/p>\n\n\n\n<p>Por outro lado, as demais<strong>\u00a01.980<\/strong>\u00a0oportunidades s\u00e3o destinadas a Professor de Ensino<strong>\u00a0Fundamental II e M\u00e9dio.<\/strong><\/p>\n\n\n\n<p>Entretanto, haver\u00e1 <strong>reserva <\/strong>de vagas para Pessoa com Defici\u00eancia e cotas. Portanto, veja a distribui\u00e7\u00e3o:<\/p>\n\n\n\n<ul class=\"wp-block-list\"><li><strong>Professor Ensino Fundamental II e M\u00e9dio (1.980 vagas)<\/strong><ul><li>Arte: 154 vagas ampla \/\/ 10 vagas PCDs \/\/ 41 vagas cotas;<\/li><li>Biologia: 3 vagas ampla \/\/ 1 vaga cotas;<\/li><li>Ci\u00eancias: 188 vagas ampla \/\/ 13 vagas PCDs \/\/ 50 vagas cotas;<\/li><li>Educa\u00e7\u00e3o F\u00edsica: 150 vagas ampla \/\/ 10 vagas PCDs \/\/ 40 vagas cotas;<\/li><li>Espanhol: 2 vagas ampla;<\/li><li>F\u00edsica: 3 vagas ampla \/\/ 1 vaga cotas;<\/li><li>Geografia: 145 vagas ampla \/\/ 10 vagas PCDs \/\/ 39 vagas cotas;<\/li><li>Hist\u00f3ria: 205 vagas ampla \/\/ 14 vagas PCDs \/\/ 5 vagas cotas;<\/li><li>Ingl\u00eas: 153 vagas ampla \/\/ 10 vagas PCDs \/\/ 41 vagas cotas;<\/li><li>Matem\u00e1tica: 213 vagas ampla \/\/ 14 PCDs \/\/ 57 vagas cotas;<\/li><li>Portugu\u00eas: 251 vagas ampla \/\/ 17 vagas PCDs \/\/ 67 vagas cotas;<\/li><li>Qu\u00edmica: 2 vagas ampla \/\/ 1 vaga cotas;<\/li><li>Sociologia: 3 vagas ampla \/\/ 1 vaga cotas;<\/li><li>Filosofia: 3 vagas ampla \/\/ 1 vaga cota; e<\/li><li>Libras: 9 vagas ampla \/\/ 1 vaga PCDs \/\/ 2 vagas cotas.<\/li><\/ul><\/li><li><strong>Professor Educa\u00e7\u00e3o Infantil e Ensino Fundamental I (1.270 vagas)<\/strong><ul><li>952 vagas ampla \/\/ 64 PCDs \/\/ 254 cotas<\/li><\/ul><\/li><\/ul><p><\/p>\n\n\n\n<h3 class=\"wp-block-heading\">E os sal\u00e1rios?<\/h3>\n\n\n\n<p>Conforme informado no edital, os aprovados far\u00e3o jus aos seguintes sal\u00e1rios iniciais:<\/p>\n\n\n\n<ul class=\"wp-block-list\"><li>Professor Educa\u00e7\u00e3o Infantil e Fundamental I:\u00a0<strong>R$ 3.135,48<\/strong>\u00a0(remunera\u00e7\u00e3o mensal + Abono Complementar de R$ 636,94); e<\/li><li>Professor Fundamental II e M\u00e9dio:\u00a0<strong>R$ 3.787,50<\/strong>\u00a0(remunera\u00e7\u00e3o mensal + Abono Complementar de R$ 769,30).<\/li><\/ul><p><\/p>\n\n\n\n<p>Entretanto, recentemente houve reajuste salarial no estado, atrav\u00e9s do piso salarial inicial do Professor da Rede Municipal, que foi atualizado.<\/p>\n\n\n\n<p>Assim, o valor subiu <strong>para R$5.050<\/strong>. Vale destacar que o aumento est\u00e1 previsto no projeto de Lei 428\/2022. Ent\u00e3o, os valores podem aumentar para os contratados no concurso.<\/p>\n\n\n\n<p>Al\u00e9m disso, um reajuste de 31,8% tamb\u00e9m foi garantido nos pisos salariais iniciais para todas as categorias da Secretaria de\u00a0Educa\u00e7\u00e3o (SME SP).<\/p>\n\n\n\n<h2 class=\"wp-block-heading\" id=\"concurso-sme-sp-etapas-de-avaliao\">Concurso SME SP: etapas de avalia\u00e7\u00e3o<\/h2>\n\n\n\n<p>Assim, os inscritos no concurso ser\u00e3o avaliados por meio de <strong>v\u00e1rias etapas <\/strong>de sele\u00e7\u00e3o, sendo todas provas. Ent\u00e3o, veja quais:<\/p>\n\n\n\n<ul class=\"wp-block-list\"><li>Objetiva Eliminat\u00f3rio e Classificat\u00f3rio <\/li><li>Discursiva Eliminat\u00f3rio e Classificat\u00f3rio <\/li><li>Pr\u00e1tica Eliminat\u00f3rio e Classificat\u00f3rio <\/li><li>de T\u00edtulos Classificat\u00f3rio <\/li><\/ul><p><\/p>\n\n\n\n<p>Ademais, a prova objetiva ser\u00e1 composta por <strong>60 quest\u00f5es<\/strong> de m\u00faltipla escolha. Elas ser\u00e3o aplicadas em dias diferentes. Veja:<\/p>\n\n\n\n<ul class=\"wp-block-list\"><li>Professor Educa\u00e7\u00e3o Infantil e Fundamental I:\u00a0<strong>8 de janeiro de 2023<\/strong><ul><li>Arte, Ci\u00eancias, Educa\u00e7\u00e3o F\u00edsica, Espanhol, Filosofia, F\u00edsica, Geografia, Ingl\u00eas, Libras, Qu\u00edmica e Sociologia: 8h \u00e0s 12h30; e<\/li><li>Biologia, Hist\u00f3ria, Portugu\u00eas e Matem\u00e1tica: 16h \u00e0s 19h30.<\/li><\/ul><\/li><li>Professor Fundamental II e M\u00e9dio:\u00a0<strong>15 de janeiro de 2023<\/strong>\u00a0(das 8h \u00e0s 12h30);<\/li><\/ul><p><\/p>\n\n\n\n<p>Al\u00e9m disso, importante destacar que cada quest\u00e3o contar\u00e1 com 5 alternativas (A, B, C, D e E) e apenas uma \u00fanica reposta correta. Assim, veja as <strong>disciplinas<\/strong>:<\/p>\n\n\n\n<ul class=\"wp-block-list\"><li><strong>Professor de ensino fundamental II e m\u00e9dio<\/strong> <ul><li>M\u00f3dulo I \u2013 Conhecimentos B\u00e1sicos <ul><li>L\u00edngua Portuguesa \u2013 10 quest\u00f5es<\/li><li>Inform\u00e1tica B\u00e1sica \u2013 06 quest\u00f5es<\/li><\/ul><\/li><li>M\u00f3dulo II \u2013 Conhecimentos Pedag\u00f3gicos Quest\u00f5es Pontos<ul><li>Legisla\u00e7\u00e3o Espec\u00edfica \u2013 04 quest\u00f5es <\/li><li>Fundamentos da Educa\u00e7\u00e3o \u2013 10 quest\u00f5es <\/li><\/ul><\/li><li>M\u00f3dulo III \u2013 Conhecimentos Espec\u00edficos <ul><li>Conhecimentos Espec\u00edficos \u2013 30 quest\u00f5es <\/li><\/ul><\/li><\/ul><\/li><li><strong>Professor de educa\u00e7\u00e3o infantil e ensino fundamental<\/strong> <ul><li>M\u00f3dulo I \u2013 Conhecimentos B\u00e1sicos <ul><li>L\u00edngua Portuguesa \u2013 10 quest\u00f5es <\/li><li>Inform\u00e1tica B\u00e1sica \u2013 06 quest\u00f5es <\/li><li>Legisla\u00e7\u00e3o Espec\u00edfica \u2013 04 quest\u00f5es <\/li><\/ul><\/li><li>M\u00f3dulo II \u2013 Conhecimentos Pedag\u00f3gicos <ul><li>Fundamentos da Educa\u00e7\u00e3o \u2013 08 quest\u00f5es <\/li><li>Processos de Ensinar e Aprender \u2013 06 quest\u00f5es <\/li><li>Educa\u00e7\u00e3o Infantil \u2013 06 quest\u00f5es <\/li><\/ul><\/li><li>M\u00f3dulo III \u2013 Conhecimentos Espec\u00edficos Quest\u00f5es Pontos<ul><li>Linguagem, C\u00f3digos e suas Tecnologias \u2013 06 quest\u00f5es <\/li><li>Matem\u00e1tica e suas Tecnologias \u2013 06 quest\u00f5es <\/li><li>Ci\u00eancias da Natureza e suas Tecnologias \u2013 04 quest\u00f5es <\/li><li>Ci\u00eancias Humanas e suas Tecnologias \u2013 04 quest\u00f5es <\/li><\/ul><\/li><\/ul><\/li><\/ul><p><\/p>\n\n\n\n<figure class=\"wp-block-image size-large\"><a href=\"https:\/\/aprovacao.novaconcursos.com.br\/assinatura\" target=\"_blank\" rel=\"noreferrer noopener\"><img decoding=\"async\" src=\"https:\/\/www.novaconcursos.com.br\/portal\/wp-content\/uploads\/2022\/01\/Faixa-Frete-Gr%E2%80%A0tis-portal.png\" alt=\"assinatura completa\" class=\"wp-image-153078\" loading=\"lazy\" title=\"\"><\/a><figcaption><\/figcaption><\/figure>","protected":false},"excerpt":{"rendered":"<p>\u00d3tima not\u00edcia, concurseiros paulistas! Saiu o\u00a0edital\u00a0do\u00a0concurso SME SP (Secretaria Municipal de Educa\u00e7\u00e3o de S\u00e3o Paulo) com a oferta de 3.250 vagas para Professor. As inscri\u00e7\u00f5es come\u00e7am ainda nesta semana. Veja! Confira:\u00a0Guia Definitivo Como montar um mapa mental (Gr\u00e1tis) Estude para o concurso dos seus sonhos com o\u00a0M\u00e9todo\u00a0que j\u00e1 ajudou na\u00a0aprova\u00e7\u00e3o de mais de 70 mil [&hellip;]<\/p>\n","protected":false},"author":54671,"featured_media":164423,"comment_status":"closed","ping_status":"closed","sticky":false,"template":"","format":"standard","meta":{"_acf_changed":false,"footnotes":"","_wp_rev_ctl_limit":""},"categories":[228],"tags":[],"class_list":["post-170248","post","type-post","status-publish","format-standard","has-post-thumbnail","hentry","category-noticias"],"acf":[],"_links":{"self":[{"href":"https:\/\/www.novaconcursos.com.br\/portal\/wp-json\/wp\/v2\/posts\/170248","targetHints":{"allow":["GET"]}}],"collection":[{"href":"https:\/\/www.novaconcursos.com.br\/portal\/wp-json\/wp\/v2\/posts"}],"about":[{"href":"https:\/\/www.novaconcursos.com.br\/portal\/wp-json\/wp\/v2\/types\/post"}],"author":[{"embeddable":true,"href":"https:\/\/www.novaconcursos.com.br\/portal\/wp-json\/wp\/v2\/users\/54671"}],"replies":[{"embeddable":true,"href":"https:\/\/www.novaconcursos.com.br\/portal\/wp-json\/wp\/v2\/comments?post=170248"}],"version-history":[{"count":5,"href":"https:\/\/www.novaconcursos.com.br\/portal\/wp-json\/wp\/v2\/posts\/170248\/revisions"}],"predecessor-version":[{"id":170275,"href":"https:\/\/www.novaconcursos.com.br\/portal\/wp-json\/wp\/v2\/posts\/170248\/revisions\/170275"}],"wp:featuredmedia":[{"embeddable":true,"href":"https:\/\/www.novaconcursos.com.br\/portal\/wp-json\/wp\/v2\/media\/164423"}],"wp:attachment":[{"href":"https:\/\/www.novaconcursos.com.br\/portal\/wp-json\/wp\/v2\/media?parent=170248"}],"wp:term":[{"taxonomy":"category","embeddable":true,"href":"https:\/\/www.novaconcursos.com.br\/portal\/wp-json\/wp\/v2\/categories?post=170248"},{"taxonomy":"post_tag","embeddable":true,"href":"https:\/\/www.novaconcursos.com.br\/portal\/wp-json\/wp\/v2\/tags?post=170248"}],"curies":[{"name":"wp","href":"https:\/\/api.w.org\/{rel}","templated":true}]}}