{"id":170764,"date":"2022-09-02T14:00:09","date_gmt":"2022-09-02T17:00:09","guid":{"rendered":"https:\/\/www.novaconcursos.com.br\/portal\/?p=170764"},"modified":"2025-12-04T10:18:42","modified_gmt":"2025-12-04T13:18:42","slug":"concurso-bacen-previsto-para-2023","status":"publish","type":"post","link":"https:\/\/www.novaconcursos.com.br\/portal\/noticias\/concurso-bacen-previsto-para-2023\/","title":{"rendered":"Aval do concurso Bacen \u00e9 prioridade para 2023, informa Secret\u00e1rio!"},"content":{"rendered":"<p>Boa not\u00edcia concurseiros! De acordo com o <strong>secret\u00e1rio Especial do Minist\u00e9rio da Economia (ME)<\/strong>, Leonardo Sultani, a pr\u00f3xima sele\u00e7\u00e3o do <a href=\"https:\/\/www.novaconcursos.com.br\/portal\/concursos\/concurso-bacen\/\">concurso Bacen<\/a> ser\u00e1 realizada em 2023.<\/p>\n\n\n\n<p>O an\u00fancio foi feito durante<strong> reuni\u00e3o <\/strong>realizada nesta ter\u00e7a-feira, 30, entre representantes do Banco Central.<\/p>\n\n\n\n<p>Ao ser questionado sobre a <strong>publica\u00e7\u00e3o <\/strong>do certame, o secret\u00e1rio informou que n\u00e3o houve a libera\u00e7\u00e3o para concursos nos 180 dias do final do mandato presidencial. <\/p>\n\n\n\n<p>No entanto, ele est\u00e1 providenciando uma lista de sele\u00e7\u00f5es priorit\u00e1rias e o Bacen est\u00e1 inclu\u00eddo.<\/p>\n\n\n\n<p>Estude para o concurso dos seus sonhos com o <strong>M\u00e9todo<\/strong> que j\u00e1 ajudou na <strong>aprova\u00e7\u00e3o de mais de 70 mil alunos!<\/strong> <a href=\"https:\/\/www.novaconcursos.com.br\/concurso\/bacen-banco-central-do-brasil\">Clique aqui<\/a> e saiba mais!<\/p>\n\n\n\n<h2 class=\"wp-block-heading\" id=\"concurso-bacen-vagas-previstas\">Concurso Bacen: Vagas previstas<\/h2>\n\n\n\n<p>A previs\u00e3o \u00e9 que a sele\u00e7\u00e3o oferte <strong>245 vagas<\/strong>, distribu\u00eddas da seguinte maneira:<\/p>\n\n\n\n<ul class=\"wp-block-list\"><li><strong>Analistas:<\/strong> 200 vagas;<\/li>\n\n\n\n<li><strong>T\u00e9cnicos:<\/strong> 30 vagas<\/li>\n\n\n\n<li><strong>Procuradores:<\/strong> 15 vagas <\/li>\n<\/ul><p><\/p>\n\n\n\n<p>No entanto, de acordo com o \u00f3rg\u00e3o, atualmente o Banco Central tem<strong> 3.035 cargos vagos<\/strong>. Veja a distribui\u00e7\u00e3o!<\/p>\n\n\n\n<ul class=\"wp-block-list\"><li><strong>Analista:<\/strong> 2.470 vac\u00e2ncias;<\/li>\n\n\n\n<li><strong>Procurador:<\/strong> 138 vac\u00e2ncias; <\/li>\n\n\n\n<li><strong>T\u00e9cnico:<\/strong> 427 vac\u00e2ncias.<\/li>\n<\/ul><p><\/p>\n\n\n\n<p>Dessa forma, mesmo que o o concurso Bacen seja autorizado, n\u00e3o ir\u00e1 preencher toda a necessidade do \u00f3rg\u00e3o.<\/p>\n\n\n\n<p>Contudo, vale mencionar que a \u00faltima sele\u00e7\u00e3o aconteceu em 2013 e ofereceu <strong>500 vagas<\/strong> para as carreiras de t\u00e9cnico e analista, com <strong>sal\u00e1rios iniciais<\/strong> que variavam de R$ 7.283,31 a R$ 21.014,49.<\/p>","protected":false},"excerpt":{"rendered":"<p>Boa not\u00edcia concurseiros! De acordo com o secret\u00e1rio Especial do Minist\u00e9rio da Economia (ME), Leonardo Sultani, a pr\u00f3xima sele\u00e7\u00e3o do concurso Bacen ser\u00e1 realizada em 2023. O an\u00fancio foi feito durante reuni\u00e3o realizada nesta ter\u00e7a-feira, 30, entre representantes do Banco Central. Ao ser questionado sobre a publica\u00e7\u00e3o do certame, o secret\u00e1rio informou que n\u00e3o houve [&hellip;]<\/p>\n","protected":false},"author":54679,"featured_media":159497,"comment_status":"closed","ping_status":"closed","sticky":false,"template":"","format":"standard","meta":{"_acf_changed":false,"footnotes":"","_wp_rev_ctl_limit":""},"categories":[228],"tags":[],"class_list":["post-170764","post","type-post","status-publish","format-standard","has-post-thumbnail","hentry","category-noticias"],"acf":[],"_links":{"self":[{"href":"https:\/\/www.novaconcursos.com.br\/portal\/wp-json\/wp\/v2\/posts\/170764","targetHints":{"allow":["GET"]}}],"collection":[{"href":"https:\/\/www.novaconcursos.com.br\/portal\/wp-json\/wp\/v2\/posts"}],"about":[{"href":"https:\/\/www.novaconcursos.com.br\/portal\/wp-json\/wp\/v2\/types\/post"}],"author":[{"embeddable":true,"href":"https:\/\/www.novaconcursos.com.br\/portal\/wp-json\/wp\/v2\/users\/54679"}],"replies":[{"embeddable":true,"href":"https:\/\/www.novaconcursos.com.br\/portal\/wp-json\/wp\/v2\/comments?post=170764"}],"version-history":[{"count":7,"href":"https:\/\/www.novaconcursos.com.br\/portal\/wp-json\/wp\/v2\/posts\/170764\/revisions"}],"predecessor-version":[{"id":298676,"href":"https:\/\/www.novaconcursos.com.br\/portal\/wp-json\/wp\/v2\/posts\/170764\/revisions\/298676"}],"wp:featuredmedia":[{"embeddable":true,"href":"https:\/\/www.novaconcursos.com.br\/portal\/wp-json\/wp\/v2\/media\/159497"}],"wp:attachment":[{"href":"https:\/\/www.novaconcursos.com.br\/portal\/wp-json\/wp\/v2\/media?parent=170764"}],"wp:term":[{"taxonomy":"category","embeddable":true,"href":"https:\/\/www.novaconcursos.com.br\/portal\/wp-json\/wp\/v2\/categories?post=170764"},{"taxonomy":"post_tag","embeddable":true,"href":"https:\/\/www.novaconcursos.com.br\/portal\/wp-json\/wp\/v2\/tags?post=170764"}],"curies":[{"name":"wp","href":"https:\/\/api.w.org\/{rel}","templated":true}]}}