{"id":170800,"date":"2022-09-02T10:38:40","date_gmt":"2022-09-02T13:38:40","guid":{"rendered":"https:\/\/www.novaconcursos.com.br\/portal\/?p=170800"},"modified":"2022-09-02T10:38:45","modified_gmt":"2022-09-02T13:38:45","slug":"concurso-ufes-saiu-o-edital-para-niveis-medio-e-superior","status":"publish","type":"post","link":"https:\/\/www.novaconcursos.com.br\/portal\/noticias\/concurso-ufes-saiu-o-edital-para-niveis-medio-e-superior\/","title":{"rendered":"Concurso UFES: Saiu o edital para n\u00edveis m\u00e9dio e superior!"},"content":{"rendered":"<p>Aten\u00e7\u00e3o concurseiros! Foi <strong>publicado <\/strong>o edital do\u00a0<a href=\"https:\/\/www.novaconcursos.com.br\/portal\/concursos\/concurso-ufes\/\">concurso UFES <\/a>(Universidade Federal do Esp\u00edrito Santo)\u00a0com <strong>9 vagas <\/strong>de n\u00edveis m\u00e9dio e superior. As <strong>inscri\u00e7\u00f5es <\/strong>come\u00e7am no pr\u00f3ximo dia 12 de setembro!<\/p>\n\n\n\n<ul class=\"wp-block-list\"><li><strong>Confira:<\/strong>\u00a0<a rel=\"noreferrer noopener\" href=\"https:\/\/www.novaconcursos.com.br\/eventos\/guia-definitivo-plano-de-estudos-passo-a-passo\/?promo_creative=Guia+Definitivo+Plano+de+Estudos+%28Gr%C3%A1tis%29&amp;promo_name=noticia&amp;promo_id=%2Fportal%2Fnoticias%2Fconcurso-ufes-provas-remarcadas-dezembro&amp;promo_position=corpo-texto\" target=\"_blank\">Guia Definitivo Plano de Estudos (Gr\u00e1tis)<\/a><\/li><\/ul><p><\/p>\n\n\n\n<p>Estude para o concurso dos seus sonhos com o\u00a0<strong>M\u00e9todo<\/strong>\u00a0que j\u00e1 ajudou na\u00a0<strong>aprova\u00e7\u00e3o de mais de 70 mil alunos.<\/strong>\u00a0<a href=\"https:\/\/aprovacao.novaconcursos.com.br\/assinatura\" target=\"_blank\" rel=\"noreferrer noopener\" aria-label=\" (abre numa nova aba)\">Clique aqui<\/a>\u00a0e saiba mais!<\/p>\n\n\n\n<h2 class=\"wp-block-heading\" id=\"concurso-ufes-como-realizar-inscrio\">Concurso UFES: como realizar inscri\u00e7\u00e3o?<\/h2>\n\n\n\n<p>Portanto, os interessados em uma das vagas do concurso da\u00a0Universidade Federal do\u00a0<a href=\"https:\/\/www.novaconcursos.com.br\/portal\/concursos-previstos\/es\/\">Esp\u00edrito Santo<\/a>\u00a0devem se atentar aos <strong>prazos<\/strong>.<\/p>\n\n\n\n<p>Assim, as inscri\u00e7\u00f5es ser\u00e3o abertas no dia <strong>12 de setembro<\/strong> e ficar\u00e3o at\u00e9 o dia <strong>16 de outubro,<\/strong> por meio do site da pr\u00f3pria\u00a0<a rel=\"noreferrer noopener\" href=\"http:\/\/www.progep.ufes.br\/concurso2022a\" target=\"_blank\">universidade<\/a>, organizadora.<\/p>\n\n\n\n<p>Al\u00e9m disso, ser\u00e1 preciso pagar uma taxa de inscri\u00e7\u00e3o, que varia de acordo com o cargo escolhido. Portanto, veja:<\/p>\n\n\n\n<ul class=\"wp-block-list\"><li><strong>N\u00edvel<\/strong><ul><li>C \u2013 R$ 90,00 <\/li><li>D \u2013 R$ 120,0 <\/li><li>E \u2013 R$ 150,00<\/li><\/ul><\/li><\/ul><p><\/p>\n\n\n\n<p><a href=\"https:\/\/www.in.gov.br\/en\/web\/dou\/-\/edital-n-143-de-31-de-agosto-de-2022-426725118\" target=\"_blank\" rel=\"noreferrer noopener\" aria-label=\" (abre numa nova aba)\">Confira o edital completo do concurso, clicando aqui!<\/a><\/p>\n\n\n\n<h2 class=\"wp-block-heading\" id=\"concurso-ufes-cargos-vagas-e-salrios\">Concurso Ufes: cargos, vagas e sal\u00e1rios<\/h2>\n\n\n\n<p>Assim, o edital do concurso da\u00a0Universidade Federal do\u00a0<a href=\"https:\/\/www.novaconcursos.com.br\/portal\/concursos-abertos\/es\/\">Esp\u00edrito Santo<\/a> foi publicado com a oferta de<strong> 9 vagas. <\/strong><\/p>\n\n\n\n<p>Portanto, s\u00e3o oportunidades que exigem o n\u00edvel m\u00e9dio e tamb\u00e9m o superior como escolaridade. Sendo assim, confira a <strong>distribui\u00e7\u00e3o<\/strong>:<\/p>\n\n\n\n<ul class=\"wp-block-list\"><li><strong>N\u00edvel m\u00e9dio\/T\u00e9cnico<\/strong><ul><li>Assistente de Alunos: 1 vaga (n\u00edvel C);<\/li><li>T\u00e9cnico de Tecnologia da Informa\u00e7\u00e3o: 3 vagas (n\u00edvel D);<\/li><\/ul><\/li><li><strong>N\u00edvel superior<\/strong><ul><li>Assistente Social: 2 vagas (n\u00edvel E);<\/li><li>Engenheiro Mec\u00e2nico: 1 vaga (n\u00edvel E);<\/li><li>M\u00e9dico Cl\u00ednico Geral: 1 vaga (n\u00edvel E) e<\/li><li>M\u00e9dico do Trabalho: 1 vaga (n\u00edvel E).<\/li><\/ul><\/li><\/ul><p><\/p>\n\n\n\n<h3 class=\"wp-block-heading\" id=\"h-requisitos-edital-ufes\">Requisitos <\/h3>\n\n\n\n<ul class=\"wp-block-list\"><li><strong>Assistente de Alunos:<\/strong><ul><li>Ensino m\u00e9dio completo + 6 meses de experi\u00eancia com apoio \u00e0 educa\u00e7\u00e3o infantil comprovada por carteira profissional ou declara\u00e7\u00e3o de trabalho ou est\u00e1gio<\/li><\/ul><\/li><li><strong>T\u00e9cnico de Tecnologia da Informa\u00e7\u00e3o:<\/strong><ul><li>Ensino m\u00e9dio profissionalizante na \u00e1rea do cargo, ou Ensino m\u00e9dio profissionalizante em qualquer \u00e1rea + Curso T\u00e9cnico na \u00e1rea do cargo, ou Ensino m\u00e9dio completo + Curso T\u00e9cnico na \u00e1rea do cargo.<\/li><\/ul><\/li><li><strong>Assistente Social:<\/strong><ul><li>Curso superior em Servi\u00e7o Social + registro no Conselho competente<\/li><\/ul><\/li><li><strong>Engenheiro Mec\u00e2nico:<\/strong><ul><li>Curso Superior na \u00e1rea + registro no Conselho competente<\/li><\/ul><\/li><li><strong>M\u00e9dico Cl\u00ednico Geral:<\/strong><ul><li>Curso superior em Medicina<\/li><\/ul><\/li><li><strong>M\u00e9dico do Trabalho:<\/strong><ul><li>Curso Superior em Medicina + certificado de Resid\u00eancia M\u00e9dica em Medicina do Trabalho ou Curso Superior em Medicina + T\u00edtulo de Especialista em Medicina do Trabalho.<\/li><\/ul><\/li><\/ul><p><\/p>\n\n\n\n<p>J\u00e1 em rela\u00e7\u00e3o aos sal\u00e1rios iniciais, eles s\u00e3o de <strong>R$ 4.180,66<\/strong> para o n\u00edvel E, <strong>R$ 2.446,96<\/strong> para o n\u00edvel D e<strong> R$ 1.945,07<\/strong> para o C. <\/p>\n\n\n\n<p>Al\u00e9m disso, os contratados ainda far\u00e3o jus ao <strong>aux\u00edlio-alimenta\u00e7\u00e3o<\/strong> de R$ 458 para todos os cargos e que aumentam as remunera\u00e7\u00f5es. <\/p>\n\n\n\n<h2 class=\"wp-block-heading\" id=\"concurso-ufes-como-e-quando-sero-as-provas\">Concurso Ufes: como e quando ser\u00e3o as provas?<\/h2>\n\n\n\n<p>Portanto, os candidatos ser\u00e3o avaliados por meio de provas objetivas, que ser\u00e3o aplicadas no dia <strong>27 de novembro.<\/strong><\/p>\n\n\n\n<p>Assim, as avalia\u00e7\u00f5es acontecer\u00e3o nas cidades de <strong>Vit\u00f3ria (capital), S\u00e3o Mateus e Alegre.<\/strong><\/p>\n\n\n\n<p>Sendo assim, a prova ser\u00e1 de m\u00faltipla escolha e contar\u00e1 com<strong> 40 quest\u00f5es. <\/strong>Entretanto, o conte\u00fado program\u00e1tico ser\u00e1 divulgado em breve pela universidade. <\/p>\n\n\n\n<h3 class=\"wp-block-heading\">Quem ser\u00e1 eliminado?<\/h3>\n\n\n\n<p>Cada quest\u00e3o ter\u00e1 5 alternativas (a, d, c, d, e) e apenas uma \u00fanica reposta correta. A prova valer\u00e1 <strong>80 pontos. <\/strong>Ser\u00e1 eliminado quem tiver nota inferior a:<\/p>\n\n\n\n<ul class=\"wp-block-list\"><li>20% (vinte por cento) do total m\u00e1ximo de pontos poss\u00edveis de cada uma das \u00e1reas da prova de Conhecimentos Gerais, a saber: L\u00edngua Portuguesa, Racioc\u00ednio L\u00f3gico e Quantitativo, Legisla\u00e7\u00e3o e Inform\u00e1tica, ou;<\/li><li>50% (cinquenta por cento) do total m\u00e1ximo dos pontos poss\u00edveis da prova de Conhecimentos Espec\u00edficos, ou;<\/li><li>50% (cinquenta por cento) do total m\u00e1ximo dos pontos poss\u00edveis da prova objetiva.<\/li><\/ul><p><\/p>\n\n\n\n<figure class=\"wp-block-image size-large\"><a href=\"https:\/\/aprovacao.novaconcursos.com.br\/assinatura\" target=\"_blank\" rel=\"noreferrer noopener\"><img decoding=\"async\" src=\"https:\/\/www.novaconcursos.com.br\/portal\/wp-content\/uploads\/2022\/01\/Faixa-Frete-Gr%E2%80%A0tis-portal.png\" alt=\"assinatura completa\" class=\"wp-image-153078\" loading=\"lazy\" title=\"\"><\/a><figcaption><\/figcaption><\/figure>","protected":false},"excerpt":{"rendered":"<p>Aten\u00e7\u00e3o concurseiros! Foi publicado o edital do\u00a0concurso UFES (Universidade Federal do Esp\u00edrito Santo)\u00a0com 9 vagas de n\u00edveis m\u00e9dio e superior. As inscri\u00e7\u00f5es come\u00e7am no pr\u00f3ximo dia 12 de setembro! Confira:\u00a0Guia Definitivo Plano de Estudos (Gr\u00e1tis) Estude para o concurso dos seus sonhos com o\u00a0M\u00e9todo\u00a0que j\u00e1 ajudou na\u00a0aprova\u00e7\u00e3o de mais de 70 mil alunos.\u00a0Clique aqui\u00a0e saiba [&hellip;]<\/p>\n","protected":false},"author":54671,"featured_media":170803,"comment_status":"closed","ping_status":"closed","sticky":false,"template":"","format":"standard","meta":{"_acf_changed":false,"footnotes":"","_wp_rev_ctl_limit":""},"categories":[228],"tags":[],"class_list":["post-170800","post","type-post","status-publish","format-standard","has-post-thumbnail","hentry","category-noticias"],"acf":[],"_links":{"self":[{"href":"https:\/\/www.novaconcursos.com.br\/portal\/wp-json\/wp\/v2\/posts\/170800","targetHints":{"allow":["GET"]}}],"collection":[{"href":"https:\/\/www.novaconcursos.com.br\/portal\/wp-json\/wp\/v2\/posts"}],"about":[{"href":"https:\/\/www.novaconcursos.com.br\/portal\/wp-json\/wp\/v2\/types\/post"}],"author":[{"embeddable":true,"href":"https:\/\/www.novaconcursos.com.br\/portal\/wp-json\/wp\/v2\/users\/54671"}],"replies":[{"embeddable":true,"href":"https:\/\/www.novaconcursos.com.br\/portal\/wp-json\/wp\/v2\/comments?post=170800"}],"version-history":[{"count":6,"href":"https:\/\/www.novaconcursos.com.br\/portal\/wp-json\/wp\/v2\/posts\/170800\/revisions"}],"predecessor-version":[{"id":170811,"href":"https:\/\/www.novaconcursos.com.br\/portal\/wp-json\/wp\/v2\/posts\/170800\/revisions\/170811"}],"wp:featuredmedia":[{"embeddable":true,"href":"https:\/\/www.novaconcursos.com.br\/portal\/wp-json\/wp\/v2\/media\/170803"}],"wp:attachment":[{"href":"https:\/\/www.novaconcursos.com.br\/portal\/wp-json\/wp\/v2\/media?parent=170800"}],"wp:term":[{"taxonomy":"category","embeddable":true,"href":"https:\/\/www.novaconcursos.com.br\/portal\/wp-json\/wp\/v2\/categories?post=170800"},{"taxonomy":"post_tag","embeddable":true,"href":"https:\/\/www.novaconcursos.com.br\/portal\/wp-json\/wp\/v2\/tags?post=170800"}],"curies":[{"name":"wp","href":"https:\/\/api.w.org\/{rel}","templated":true}]}}