{"id":170980,"date":"2022-09-05T12:45:39","date_gmt":"2022-09-05T15:45:39","guid":{"rendered":"https:\/\/www.novaconcursos.com.br\/portal\/?p=170980"},"modified":"2025-05-06T17:49:02","modified_gmt":"2025-05-06T20:49:02","slug":"concurso-ifg-edital-publicado-com-48-vagas-niveis-medio-superior","status":"publish","type":"post","link":"https:\/\/www.novaconcursos.com.br\/portal\/noticias\/concurso-ifg-edital-publicado-com-48-vagas-niveis-medio-superior\/","title":{"rendered":"Concurso IFG: Edital publicado com 48 vagas de n\u00edveis m\u00e9dio e superior!"},"content":{"rendered":"<p>Aten\u00e7\u00e3o concurseiros! Foi publicado no Di\u00e1rio Oficial desta segunda-feira, 5 de setembro, o edital do <a href=\"https:\/\/www.novaconcursos.com.br\/portal\/concursos\/concurso-ifg\/\">concurso IFG<\/a> (Instituto Federal de Goi\u00e1s) com oferta de 48 vagas para a carreira de <strong>T\u00e9cnico-Administrativo em Educa\u00e7\u00e3o<\/strong>. Saiba mais!<\/p>\n\n\n\n<ul class=\"wp-block-list\"><li><strong>Confira:<\/strong> <a href=\"https:\/\/www.novaconcursos.com.br\/livro\/600-questoes-comentadas-lingua-portuguesa-isabella-ramiro?q=600\">Livro 600 Quest\u00f5es Comentadas L\u00edngua Portuguesa<\/a><\/li>\n<\/ul><p><\/p>\n\n\n\n<p>Estude para o concurso dos seus sonhos com o<strong> M\u00e9todo <\/strong>que j\u00e1 ajudou na <strong>aprova\u00e7\u00e3o de mais de 70 mil alunos!<\/strong> <a rel=\"noreferrer noopener\" aria-label=\"Clique aqui (abre numa nova aba)\" href=\"https:\/\/aprovacao.novaconcursos.com.br\/assinatura\" target=\"_blank\">Clique aqui<\/a> e saiba mais!<\/p>\n\n\n\n<h2 class=\"wp-block-heading\" id=\"concurso-ifg-vagas-e-salrios\">Concurso IFG: Vagas e sal\u00e1rios<\/h2>\n\n\n\n<p>A sele\u00e7\u00e3o est\u00e1 oferecendo, ao todo, 48 vagas, divididas da seguinte maneira:<\/p>\n\n\n\n<ul class=\"wp-block-list\"><li><strong>T\u00e9cnico-Administrativo em Educa\u00e7\u00e3o \u2013 N\u00edvel D (n\u00edvel m\u00e9dio)<\/strong>\n<ul class=\"wp-block-list\"><li>Assistente em Administra\u00e7\u00e3o: 16 vagas;<\/li>\n\n\n\n<li>T\u00e9cnico\n<ul class=\"wp-block-list\"><li>Agropecu\u00e1ria: 2 vagas;<\/li>\n\n\n\n<li>Artes Visuais: 2 vagas;<\/li>\n<\/ul><\/li>\n\n\n\n<li>Audiovisual: 1 vaga;<\/li>\n\n\n\n<li>Biologia: 1 vaga;<\/li>\n\n\n\n<li>Ci\u00eancias: 3 vagas;<\/li>\n\n\n\n<li>Eletrot\u00e9cnica: 1vaga;<\/li>\n\n\n\n<li>F\u00edsica: 1 vaga;<\/li>\n\n\n\n<li>Mec\u00e2nica: 1 vaga; e<\/li>\n\n\n\n<li>Nutri\u00e7\u00e3o e Diet\u00e9tica: 1 vaga.<\/li>\n<\/ul><\/li>\n<\/ul><p><\/p>\n\n\n\n<ul class=\"wp-block-list\"><li><strong>T\u00e9cnico-Administrativo em Educa\u00e7\u00e3o \u2013 N\u00edvel E (n\u00edvel superior)<\/strong>\n<ul class=\"wp-block-list\"><li>Analista de Tecnologia da Informa\u00e7\u00e3o: 2 vagas;<\/li>\n\n\n\n<li>Assistente Social: 1 vaga<\/li>\n\n\n\n<li>Arquivista: 1 vaga<\/li>\n\n\n\n<li>Bibliotec\u00e1rio-Documentalista: 2 vagas;<\/li>\n\n\n\n<li>Contador: 1 vaga;<\/li>\n\n\n\n<li>M\u00e9dico: 2 vagas;<\/li>\n\n\n\n<li>Pedagogo: 3 vagas;<\/li>\n\n\n\n<li>Psic\u00f3logo: 1 vaga;<\/li>\n\n\n\n<li>T\u00e9cnico em Assuntos Educacionais: 6 vagas; e<\/li>\n\n\n\n<li>Tecn\u00f3logo Forma\u00e7\u00e3o\/Design Gr\u00e1fico: 1 vaga. <\/li>\n<\/ul><\/li>\n<\/ul><p><\/p>\n\n\n\n<p>Os aprovados ser\u00e3o remunerados com os seguintes<strong> sal\u00e1rios iniciais:<\/strong><\/p>\n\n\n\n<ul class=\"wp-block-list\"><li>Cargos de n\u00edvel m\u00e9dio\/t\u00e9cnico:\u00a0<strong>R$ 2.446,96<\/strong>; <\/li>\n\n\n\n<li>Cargos de n\u00edvel superior:\u00a0<strong>R$ 4.180,66<\/strong>.<\/li>\n<\/ul><p><\/p>\n\n\n\n<h2 class=\"wp-block-heading\" id=\"como-se-inscrever\">Como se inscrever?<\/h2>\n\n\n\n<p>Os interessados devem se inscrever atrav\u00e9s do site do Instituto Verbena\/UFG, no per\u00edodo de<strong> 13 de setembro at\u00e9 30 de setembro.<\/strong><\/p>\n\n\n\n<p>Al\u00e9m disso, ser\u00e1 necess\u00e1rio efetuar o pagamento da <strong>taxa de inscri\u00e7\u00e3o<\/strong> para que a candidatura seja homologada. O valor ir\u00e1 variar de acordo com o n\u00edvel de escolaridade do cargo pretendido.<\/p>\n\n\n\n<ul class=\"wp-block-list\"><li>R$ 120,00 (cargos de n\u00edvel m\u00e9dio )<\/li>\n\n\n\n<li>R$ 140,00 (cargos de n\u00edvel superior)<\/li>\n<\/ul><p><\/p>\n\n\n\n<h2 class=\"wp-block-heading\" id=\"quais-os-requisitos-para-as-carreiras-do-concurso-ifg\">Quais os requisitos para as carreiras do concurso IFG?<\/h2>\n\n\n\n<ul class=\"wp-block-list\"><li><strong>Assistente em Administra\u00e7\u00e3o<\/strong>\n<ul class=\"wp-block-list\"><li>M\u00e9dio Profissionalizante em Administra\u00e7\u00e3o ou M\u00e9dio completo + experi\u00eancia de 12 meses.<\/li>\n<\/ul><\/li>\n\n\n\n<li><strong>T\u00e9cnico em Agropecu\u00e1ria<\/strong>\n<ul class=\"wp-block-list\"><li>M\u00e9dio Profissionalizante ou M\u00e9dio completo curso T\u00e9cnico na \u00e1rea.<\/li>\n<\/ul><\/li>\n\n\n\n<li><strong>T\u00e9cnico de Laborat\u00f3rio\/Artes Visuais<\/strong>\n<ul class=\"wp-block-list\"><li>M\u00e9dio Profissionalizante ou M\u00e9dio completo curso T\u00e9cnico na \u00e1rea<\/li>\n<\/ul><\/li>\n\n\n\n<li><strong>T\u00e9cnico de Laborat\u00f3rio\/Audiovisual<\/strong>\n<ul class=\"wp-block-list\"><li>M\u00e9dio Profissionalizante ou M\u00e9dio completo curso T\u00e9cnico na \u00e1rea<\/li>\n<\/ul><\/li>\n\n\n\n<li><strong>T\u00e9cnico de Laborat\u00f3rio\/Biologia<\/strong>\n<ul class=\"wp-block-list\"><li>M\u00e9dio Profissionalizante ou M\u00e9dio completo curso T\u00e9cnico na \u00e1rea<\/li>\n<\/ul><\/li>\n\n\n\n<li><strong>T\u00e9cnico de Laborat\u00f3rio\/Ci\u00eancias<\/strong>\n<ul class=\"wp-block-list\"><li>M\u00e9dio Profissionalizante ou M\u00e9dio completo curso T\u00e9cnico na \u00e1rea<\/li>\n<\/ul><\/li>\n\n\n\n<li><strong>T\u00e9cnico de Laborat\u00f3rio\/Eletrot\u00e9cnica<\/strong>\n<ul class=\"wp-block-list\"><li>M\u00e9dio Profissionalizante ou M\u00e9dio completo curso T\u00e9cnico na \u00e1rea<\/li>\n<\/ul><\/li>\n\n\n\n<li><strong>T\u00e9cnico de Laborat\u00f3rio\/F\u00edsica<\/strong>\n<ul class=\"wp-block-list\"><li>M\u00e9dio Profissionalizante ou M\u00e9dio completo curso T\u00e9cnico na \u00e1rea<\/li>\n<\/ul><\/li>\n\n\n\n<li><strong>T\u00e9cnico de Laborat\u00f3rio\/Mec\u00e2nica<\/strong>\n<ul class=\"wp-block-list\"><li>M\u00e9dio Profissionalizante ou M\u00e9dio completo curso T\u00e9cnico na \u00e1rea<\/li>\n<\/ul><\/li>\n\n\n\n<li><strong>T\u00e9cnico de Laborat\u00f3rio\/Nutri\u00e7\u00e3o e Diet\u00e9tica<\/strong>\n<ul class=\"wp-block-list\"><li>M\u00e9dio Profissionalizante ou M\u00e9dio completo curso T\u00e9cnico na \u00e1rea<\/li>\n<\/ul><\/li>\n\n\n\n<li><strong>Analista de Tecnologia da Informa\u00e7\u00e3o<\/strong>\n<ul class=\"wp-block-list\"><li>Curso Superior em Inform\u00e1tica.<\/li>\n<\/ul><\/li>\n\n\n\n<li><strong>Assistente Social<\/strong>\n<ul class=\"wp-block-list\"><li>Curso Superior em Servi\u00e7o Social.<\/li>\n<\/ul><\/li>\n\n\n\n<li><strong>Arquivista<\/strong>\n<ul class=\"wp-block-list\"><li>Curso Superior em Arquivologia.<\/li>\n<\/ul><\/li>\n\n\n\n<li><strong>Bibliotec\u00e1rio-Documentalista<\/strong>\n<ul class=\"wp-block-list\"><li>Curso Superior em Biblioteconomia ou Ci\u00eancias da Informa\u00e7\u00e3o.<\/li>\n<\/ul><\/li>\n\n\n\n<li><strong>Contador<\/strong>\n<ul class=\"wp-block-list\"><li>Curso Superior em Ci\u00eancias Cont\u00e1beis.<\/li>\n<\/ul><\/li>\n\n\n\n<li><strong>M\u00e9dico<\/strong>\n<ul class=\"wp-block-list\"><li>Curso Superior em Medicina.<\/li>\n<\/ul><\/li>\n\n\n\n<li><strong>Pedagogo<\/strong>\n<ul class=\"wp-block-list\"><li>Curso Superior em Pedagogia.<\/li>\n<\/ul><\/li>\n\n\n\n<li><strong>Psic\u00f3logo<\/strong>\n<ul class=\"wp-block-list\"><li>Curso Superior em Psicologia.<\/li>\n<\/ul><\/li>\n\n\n\n<li><strong>T\u00e9cnico em Assuntos Educacionais<\/strong>\n<ul class=\"wp-block-list\"><li>Curso Superior em Pedagogia ou Licenciaturas.<\/li>\n<\/ul><\/li>\n\n\n\n<li><strong>Tecn\u00f3logo Forma\u00e7\u00e3o\/Design Gr\u00e1fico<\/strong>\n<ul class=\"wp-block-list\"><li>Curso Superior em Design Gr\u00e1fico ou Curso Superior em Publicidade e Propaganda ou Curso Superior em Comunica\u00e7\u00e3o Social com habilita\u00e7\u00e3o em Publicidade e Propaganda<\/li>\n<\/ul><\/li>\n<\/ul><p><\/p>\n\n\n\n<h2 class=\"wp-block-heading\" id=\"provas-e-etapas\">Provas e etapas<\/h2>\n\n\n\n<p>Os candidatos ser\u00e3o avaliados atrav\u00e9s de <strong>provas objetivas<\/strong> de car\u00e1ter classificat\u00f3rio e eliminat\u00f3rio, compostas de <strong>50 quest\u00f5es <\/strong>dos seguintes conhecimentos:<\/p>\n\n\n\n<ul class=\"wp-block-list\"><li><strong>Conhecimentos gerais:<\/strong>\n<ul class=\"wp-block-list\"><li>L\u00edngua Portuguesa: 10 quest\u00f5es;<\/li>\n\n\n\n<li>Legisla\u00e7\u00e3o: 10 quest\u00f5es;<\/li>\n\n\n\n<li>Racioc\u00ednio L\u00f3gico: 5 quest\u00f5es;<\/li>\n\n\n\n<li>Inform\u00e1tica: 5 quest\u00f5es;<\/li>\n<\/ul><\/li>\n\n\n\n<li><strong>Conhecimentos espec\u00edficos<\/strong>\n<ul class=\"wp-block-list\"><li>varia de acordo com o cargo: 20 quest\u00f5es<\/li>\n<\/ul><\/li>\n<\/ul><p><\/p>\n\n\n\n<p>As provas ser\u00e3o realizadas no dia <strong>16 de outubro de 2022.<\/strong><\/p>\n\n\n\n<p>Confira todos os detalhes do edital, <a rel=\"noreferrer noopener\" aria-label=\" (abre numa nova aba)\" href=\"https:\/\/www.novaconcursos.com.br\/portal\/wp-content\/uploads\/2022\/09\/Edital_IFG.pdf\" target=\"_blank\">clicando aqui!<\/a><\/p>\n\n\n\n<figure class=\"wp-block-image size-large\"><a href=\"https:\/\/aprovacao.novaconcursos.com.br\/assinatura\" target=\"_blank\" rel=\"noreferrer noopener\"><img decoding=\"async\" src=\"https:\/\/www.novaconcursos.com.br\/portal\/wp-content\/uploads\/2022\/01\/Faixa-Frete-Gr%E2%80%A0tis-portal.png\" alt=\"assinatura completa\" class=\"wp-image-153078\" loading=\"lazy\" title=\"\"><\/a><figcaption><\/figcaption><\/figure>","protected":false},"excerpt":{"rendered":"<p>Aten\u00e7\u00e3o concurseiros! Foi publicado no Di\u00e1rio Oficial desta segunda-feira, 5 de setembro, o edital do concurso IFG (Instituto Federal de Goi\u00e1s) com oferta de 48 vagas para a carreira de T\u00e9cnico-Administrativo em Educa\u00e7\u00e3o. Saiba mais! Estude para o concurso dos seus sonhos com o M\u00e9todo que j\u00e1 ajudou na aprova\u00e7\u00e3o de mais de 70 mil [&hellip;]<\/p>\n","protected":false},"author":54679,"featured_media":169706,"comment_status":"closed","ping_status":"closed","sticky":false,"template":"","format":"standard","meta":{"_acf_changed":false,"footnotes":"","_wp_rev_ctl_limit":""},"categories":[228],"tags":[],"class_list":["post-170980","post","type-post","status-publish","format-standard","has-post-thumbnail","hentry","category-noticias"],"acf":[],"_links":{"self":[{"href":"https:\/\/www.novaconcursos.com.br\/portal\/wp-json\/wp\/v2\/posts\/170980","targetHints":{"allow":["GET"]}}],"collection":[{"href":"https:\/\/www.novaconcursos.com.br\/portal\/wp-json\/wp\/v2\/posts"}],"about":[{"href":"https:\/\/www.novaconcursos.com.br\/portal\/wp-json\/wp\/v2\/types\/post"}],"author":[{"embeddable":true,"href":"https:\/\/www.novaconcursos.com.br\/portal\/wp-json\/wp\/v2\/users\/54679"}],"replies":[{"embeddable":true,"href":"https:\/\/www.novaconcursos.com.br\/portal\/wp-json\/wp\/v2\/comments?post=170980"}],"version-history":[{"count":13,"href":"https:\/\/www.novaconcursos.com.br\/portal\/wp-json\/wp\/v2\/posts\/170980\/revisions"}],"predecessor-version":[{"id":281921,"href":"https:\/\/www.novaconcursos.com.br\/portal\/wp-json\/wp\/v2\/posts\/170980\/revisions\/281921"}],"wp:featuredmedia":[{"embeddable":true,"href":"https:\/\/www.novaconcursos.com.br\/portal\/wp-json\/wp\/v2\/media\/169706"}],"wp:attachment":[{"href":"https:\/\/www.novaconcursos.com.br\/portal\/wp-json\/wp\/v2\/media?parent=170980"}],"wp:term":[{"taxonomy":"category","embeddable":true,"href":"https:\/\/www.novaconcursos.com.br\/portal\/wp-json\/wp\/v2\/categories?post=170980"},{"taxonomy":"post_tag","embeddable":true,"href":"https:\/\/www.novaconcursos.com.br\/portal\/wp-json\/wp\/v2\/tags?post=170980"}],"curies":[{"name":"wp","href":"https:\/\/api.w.org\/{rel}","templated":true}]}}