{"id":171198,"date":"2022-09-06T13:58:53","date_gmt":"2022-09-06T16:58:53","guid":{"rendered":"https:\/\/www.novaconcursos.com.br\/portal\/?p=171198"},"modified":"2025-03-07T14:33:58","modified_gmt":"2025-03-07T17:33:58","slug":"quando-vai-ter-concurso-para-professor-secretaria-educacao-sp","status":"publish","type":"post","link":"https:\/\/www.novaconcursos.com.br\/portal\/artigos\/quando-vai-ter-concurso-para-professor-secretaria-educacao-sp\/","title":{"rendered":"Quando vai ter concurso para professor na Secretaria da Educa\u00e7\u00e3o SP?"},"content":{"rendered":"<p>Atualmente, est\u00e3o abertas as inscri\u00e7\u00f5es para o\u00a0concurso SME SP\u00a0(Secretaria Municipal de Educa\u00e7\u00e3o de S\u00e3o Paulo), que oferta<strong>\u00a03.250 vagas<\/strong>\u00a0de Professor.<\/p>\n\n\n\n<p>Para se inscrever \u00e9 necess\u00e1rio acessar o site da\u00a0FGV\u00a0(Funda\u00e7\u00e3o Get\u00falio Vargas), banca organizadora, at\u00e9 o dia\u00a0<strong>17 de outubro de 2022, \u00e0s 16h.<\/strong><\/p>\n\n\n\n<p>Al\u00e9m disso, ser\u00e1 necess\u00e1rio efetuar o pagamento da<strong>\u00a0taxa de inscri\u00e7\u00e3o<\/strong>\u00a0no valor de R$ 66,95 para que a inscri\u00e7\u00e3o seja homologada.<\/p>\n\n\n\n<p>Em suma, a sele\u00e7\u00e3o est\u00e1 oferecendo\u00a0<strong>3.250 oportunidades<\/strong>\u00a0para a carreira de Professor, divididas entre as seguintes especialidades:<\/p>\n\n\n\n<ul class=\"wp-block-list\"><li><strong>Educa\u00e7\u00e3o Infantil e Ensino Fundamental I:<\/strong>\u00a01.270 vagas\n<ul class=\"wp-block-list\"><li><strong>Requisito:<\/strong>\u00a0n\u00edvel m\u00e9dio completo<\/li>\n\n\n\n<li><strong>Sal\u00e1rio<\/strong>: R$ 3.135,48 + benef\u00edcios<\/li>\n<\/ul><\/li>\n<\/ul><p><\/p>\n\n\n\n<ul class=\"wp-block-list\"><li><strong>Ensino Fundamental II e Ensino M\u00e9dio:<\/strong>\u00a01.980 vagas\n<ul class=\"wp-block-list\"><li><strong>Requisito:<\/strong>\u00a0licenciatura nas seguintes \u00e1reas:\n<ul class=\"wp-block-list\"><li>Arte;<\/li>\n\n\n\n<li>Biologia;<\/li>\n\n\n\n<li>Ci\u00eancias;<\/li>\n\n\n\n<li>Educa\u00e7\u00e3o F\u00edsica;<\/li>\n\n\n\n<li>Espanhol;<\/li>\n\n\n\n<li>F\u00edsica;<\/li>\n\n\n\n<li>Geografia;<\/li>\n\n\n\n<li>Hist\u00f3ria;<\/li>\n\n\n\n<li>Ingl\u00eas;<\/li>\n\n\n\n<li>Matem\u00e1tica;<\/li>\n\n\n\n<li>Portugu\u00eas;<\/li>\n\n\n\n<li>Qu\u00edmica;<\/li>\n\n\n\n<li>Sociologia;<\/li>\n\n\n\n<li>Filosofia;<\/li>\n\n\n\n<li>Libras.<\/li>\n<\/ul><\/li>\n\n\n\n<li><strong>Sal\u00e1rio<\/strong>: R$ 3.787,50 + benef\u00edcios<\/li>\n<\/ul><\/li>\n<\/ul><p><\/p>\n\n\n\n<h2 class=\"wp-block-heading\" id=\"concurso-see-sp-nova-seleo-foi-autorizada\">Concurso SEE SP: Nova sele\u00e7\u00e3o foi autorizada!<\/h2>\n\n\n\n<p>O governador, Rodrigo Garcia autorizou um novo concurso SEE SP para o preenchimento de <strong>15 mil vagas <\/strong>de professores tempor\u00e1rios, divididas da seguinte maneira:<\/p>\n\n\n\n<ul class=\"wp-block-list\"><li>jornada de 25 horas semanais \u2013<strong> 4.258 vagas<\/strong><\/li>\n\n\n\n<li>jornada de 40 horas semanais \u2013 <strong>10.742 vagas<\/strong><\/li>\n<\/ul><p><\/p>\n\n\n\n<p>De acordo com o documento publicado no Di\u00e1rio Oficial do Estado, desta ter\u00e7a-feira, 6 de setembro, a sele\u00e7\u00e3o ser\u00e1 para reposi\u00e7\u00e3o de pessoal no exerc\u00edcio de 2024.<\/p>\n\n\n\n<h2 class=\"wp-block-heading\" id=\"como-foi-o-ltimo-concurso-see-sp\">Como foi o \u00faltimo concurso SEE SP?<\/h2>\n\n\n\n<p>Enquanto maiores informa\u00e7\u00f5es a respeito da <strong>nova sele\u00e7\u00e3o <\/strong>n\u00e3o s\u00e3o divulgadas, confira todos os detalhes do \u00faltimo concurso e saiba como iniciar sua prepara\u00e7\u00e3o!<\/p>\n\n\n\n<p>Em s\u00edntese, o<strong>\u00a0\u00faltimo concurso<\/strong>\u00a0para PEB II da Secretaria de Educa\u00e7\u00e3o do Estado de S\u00e3o Paulo ocorreu em\u00a0<strong>2013<\/strong> e ofereceu\u00a0<strong>59 mil vagas<\/strong>\u00a0para as seguintes especialidades:<\/p>\n\n\n\n<ul class=\"wp-block-list\"><li>Arte<\/li>\n\n\n\n<li>Biologia<\/li>\n\n\n\n<li>Ci\u00eancias F\u00edsicas e Biol\u00f3gicas<\/li>\n\n\n\n<li>Educa\u00e7\u00e3o F\u00edsica<\/li>\n\n\n\n<li>F\u00edsica<\/li>\n\n\n\n<li>Filosofia<\/li>\n\n\n\n<li>Geografia<\/li>\n\n\n\n<li>Hist\u00f3ria<\/li>\n\n\n\n<li>L\u00edngua<ul><li>Espanhola<\/li><\/ul><ul class=\"wp-block-list\"><li> Inglesa<\/li>\n\n\n\n<li> Portuguesa<\/li>\n<\/ul><\/li>\n\n\n\n<li>Matem\u00e1tica<\/li>\n\n\n\n<li>Qu\u00edmica<\/li>\n\n\n\n<li>Sociologia<\/li>\n\n\n\n<li>Educa\u00e7\u00e3o Especial \u2013 Defici\u00eancias Auditiva, F\u00edsica, Intelectual, Visual e Transtornos Globais do Desenvolvimento<\/li>\n<\/ul><p><\/p>\n\n\n\n<p>Na ocasi\u00e3o, a banca organizadora foi a FGV (Funda\u00e7\u00e3o Get\u00falio Vargas) e avaliou os candidatos atrav\u00e9s de duas etapas sucessivas:<\/p>\n\n\n\n<p><strong>1\u00aa etapa<\/strong><\/p>\n\n\n\n<ul class=\"wp-block-list\"><li>Prova objetiva, de car\u00e1ter eliminat\u00f3rio e classificat\u00f3rio;<\/li>\n\n\n\n<li>Prova dissertativa, de car\u00e1ter eliminat\u00f3rio e classificat\u00f3rio.<\/li>\n<\/ul><p><\/p>\n\n\n\n<p><strong>2\u00aa etapa\u00a0<\/strong>\u00a0<\/p>\n\n\n\n<ul class=\"wp-block-list\"><li>Avalia\u00e7\u00e3o de t\u00edtulos, de car\u00e1ter apenas classificat\u00f3rio.<\/li>\n<\/ul><p><\/p>\n\n\n\n<p>Assim, a <strong>prova objetiva <\/strong>foi composta de <strong>80 quest\u00f5es<\/strong> sobre a \u00a0Forma\u00e7\u00e3o B\u00e1sica do Professor e sobre a Forma\u00e7\u00e3o Espec\u00edfica do Professor, para cada disciplina objeto do concurso.<\/p>\n\n\n\n<p>Em contrapartida, a <strong>prova discursiva<\/strong> foi composta de<strong> 2 quest\u00f5es <\/strong>adequadas \u00e0s atribui\u00e7\u00f5es do cargo e uma reflex\u00e3o a respeito do cotidiano escolar.<\/p>\n\n\n\n<p>Contudo, para a etapa de<strong> avalia\u00e7\u00e3o de t\u00edtulos<\/strong> foram considerados os seguintes t\u00edtulos:<\/p>\n\n\n\n<ul class=\"wp-block-list\"><li>Doutorado em \u00e1rea relacionada \u00e0 Educa\u00e7\u00e3o: 3 Pontos;<\/li>\n\n\n\n<li>Mestrado em \u00e1rea relacionada \u00e0 Educa\u00e7\u00e3o: 2 pontos;<\/li>\n\n\n\n<li>Tempo de efetivo exerc\u00edcio em \u00f3rg\u00e3os federais, estaduais, municipais ou estabelecimentos particulares devidamente autorizados em cargos e\/ou fun\u00e7\u00f5es do magist\u00e9rio: 0,50 ponto (por ano completo)<\/li>\n\n\n\n<li>Tempo de Servi\u00e7o P\u00fablico Estadual: 0,20 ponto (por ano)<\/li>\n<\/ul><p><\/p>","protected":false},"excerpt":{"rendered":"<p>Atualmente, est\u00e3o abertas as inscri\u00e7\u00f5es para o\u00a0concurso SME SP\u00a0(Secretaria Municipal de Educa\u00e7\u00e3o de S\u00e3o Paulo), que oferta\u00a03.250 vagas\u00a0de Professor. Para se inscrever \u00e9 necess\u00e1rio acessar o site da\u00a0FGV\u00a0(Funda\u00e7\u00e3o Get\u00falio Vargas), banca organizadora, at\u00e9 o dia\u00a017 de outubro de 2022, \u00e0s 16h. Al\u00e9m disso, ser\u00e1 necess\u00e1rio efetuar o pagamento da\u00a0taxa de inscri\u00e7\u00e3o\u00a0no valor de R$ 66,95 [&hellip;]<\/p>\n","protected":false},"author":54679,"featured_media":134496,"comment_status":"closed","ping_status":"closed","sticky":false,"template":"","format":"standard","meta":{"_acf_changed":false,"footnotes":"","_wp_rev_ctl_limit":""},"categories":[33508],"tags":[],"class_list":["post-171198","post","type-post","status-publish","format-standard","has-post-thumbnail","hentry","category-artigos"],"acf":[],"_links":{"self":[{"href":"https:\/\/www.novaconcursos.com.br\/portal\/wp-json\/wp\/v2\/posts\/171198","targetHints":{"allow":["GET"]}}],"collection":[{"href":"https:\/\/www.novaconcursos.com.br\/portal\/wp-json\/wp\/v2\/posts"}],"about":[{"href":"https:\/\/www.novaconcursos.com.br\/portal\/wp-json\/wp\/v2\/types\/post"}],"author":[{"embeddable":true,"href":"https:\/\/www.novaconcursos.com.br\/portal\/wp-json\/wp\/v2\/users\/54679"}],"replies":[{"embeddable":true,"href":"https:\/\/www.novaconcursos.com.br\/portal\/wp-json\/wp\/v2\/comments?post=171198"}],"version-history":[{"count":20,"href":"https:\/\/www.novaconcursos.com.br\/portal\/wp-json\/wp\/v2\/posts\/171198\/revisions"}],"predecessor-version":[{"id":274543,"href":"https:\/\/www.novaconcursos.com.br\/portal\/wp-json\/wp\/v2\/posts\/171198\/revisions\/274543"}],"wp:featuredmedia":[{"embeddable":true,"href":"https:\/\/www.novaconcursos.com.br\/portal\/wp-json\/wp\/v2\/media\/134496"}],"wp:attachment":[{"href":"https:\/\/www.novaconcursos.com.br\/portal\/wp-json\/wp\/v2\/media?parent=171198"}],"wp:term":[{"taxonomy":"category","embeddable":true,"href":"https:\/\/www.novaconcursos.com.br\/portal\/wp-json\/wp\/v2\/categories?post=171198"},{"taxonomy":"post_tag","embeddable":true,"href":"https:\/\/www.novaconcursos.com.br\/portal\/wp-json\/wp\/v2\/tags?post=171198"}],"curies":[{"name":"wp","href":"https:\/\/api.w.org\/{rel}","templated":true}]}}