{"id":171328,"date":"2022-09-08T14:09:03","date_gmt":"2022-09-08T17:09:03","guid":{"rendered":"https:\/\/www.novaconcursos.com.br\/portal\/?p=171328"},"modified":"2022-09-08T14:09:07","modified_gmt":"2022-09-08T17:09:07","slug":"concurso-detran-ap-saiu-edital-salario-6-mil","status":"publish","type":"post","link":"https:\/\/www.novaconcursos.com.br\/portal\/noticias\/concurso-detran-ap-saiu-edital-salario-6-mil\/","title":{"rendered":"Concurso Detran AP: Saiu o edital. At\u00e9 R$ 6,8 mil!"},"content":{"rendered":"<p>Aten\u00e7\u00e3o concurseiros! Foi publicado o edital do <a href=\"https:\/\/www.novaconcursos.com.br\/portal\/concursos-previstos\/ap\/\" target=\"_blank\" rel=\"noreferrer noopener\" aria-label=\"concurso Detran AP (abre numa nova aba)\">concurso Detran AP<\/a>, com oferta de<strong> 66 vagas imediatas<\/strong>, al\u00e9m de 470 oportunidades de cadastro reserva, para carreiras de n\u00edvel m\u00e9dio e superior! Saiba mais!<\/p>\n\n\n\n<p>Os interessados dever\u00e3o realizar suas inscri\u00e7\u00f5es a partir do dia <strong>12 de setembro at\u00e9 o dia 10 de outubro<\/strong>, atrav\u00e9s do site da <a href=\"https:\/\/www.concursosfcc.com.br\/concursoNovo.html\" target=\"_blank\" rel=\"noopener\">FCC<\/a> (Funda\u00e7\u00e3o Carlos Chagas), banca organizadora.<\/p>\n\n\n\n<p>Al\u00e9m disso, ser\u00e1 necess\u00e1rio efetuar o pagamento da<strong> taxa de inscri\u00e7\u00e3o<\/strong> para que a candidatura seja homologada. O valor ir\u00e1 variar de acordo com o n\u00edvel de escolaridade do cargo pretendido. Veja!<\/p>\n\n\n\n<ul class=\"wp-block-list\"><li><strong>N\u00edvel m\u00e9dio: <\/strong>R$ 80,00<\/li><li><strong>N\u00edvel superior:<\/strong> R$ 100,00<\/li><\/ul><p><\/p>\n\n\n\n<ul class=\"wp-block-list\"><li><strong>Confira:<\/strong> <a href=\"https:\/\/www.novaconcursos.com.br\/livro\/600-questoes-comentadas-lingua-portuguesa-isabella-ramiro?q=600\">Livro 600 Quest\u00f5es Comentadas L\u00edngua Portuguesa<\/a><\/li><\/ul><p><\/p>\n\n\n\n<p>Estude para o concurso dos seus sonhos com o <strong>M\u00e9todo<\/strong> que j\u00e1 ajudou na <strong>aprova\u00e7\u00e3o de mais de 70 mil alunos!<\/strong> <a rel=\"noreferrer noopener\" aria-label=\" (abre numa nova aba)\" href=\"https:\/\/aprovacao.novaconcursos.com.br\/assinatura\" target=\"_blank\">Clique aqui<\/a> e saiba mais!<\/p>\n\n\n\n<h2 class=\"wp-block-heading\" id=\"concurso-detran-ap-vagas-oferecidas\">Concurso Detran AP: Vagas oferecidas<\/h2>\n\n\n\n<ul class=\"wp-block-list\"><li><strong>N\u00edvel m\u00e9dio<\/strong><\/li><li><strong>Sal\u00e1rio:<\/strong>  R$ 3.048,23 <ul><li> Assistente Administrativo de Tr\u00e2nsito:  40 + 300 CR <\/li><\/ul><\/li><\/ul><p><\/p>\n\n\n\n<ul class=\"wp-block-list\"><li><strong>N\u00edvel superior<\/strong><\/li><li><strong>Sal\u00e1rio:<\/strong>  varia de  R$ 3.513,29 at\u00e9  R$ 6.830,76 <ul><li>Analista<ul><li>Contabilidade e Controle:  03 + 20 CR <\/li><li>Jur\u00eddico em Tr\u00e2nsito: 04 + 20 CR <\/li><li>Gest\u00e3o em Tr\u00e2nsito: 09 + 50 CR <\/li><li>Tecnologia da Informa\u00e7\u00e3o: 03 + 20 CR  <\/li><\/ul><\/li><li>Educador de Tr\u00e2nsito: 04 + 20 CR  <\/li><li>Tradutor Int\u00e9rprete de Libras: 02 + 20 CR  <\/li><li>M\u00e9dico Perito de Tr\u00e2nsito: 10 CR  <\/li><li>Psic\u00f3logo Perito em Tr\u00e2nsito: 10 CR <\/li><\/ul><\/li><\/ul><p><\/p>\n\n\n\n<p><\/p>\n\n\n\n<h2 class=\"wp-block-heading\" id=\"-quais-os-requisitos-das-carreiras-do-concurso-detran-ap\"> Quais os requisitos das carreiras do concurso Detran AP?<\/h2>\n\n\n\n<ul class=\"wp-block-list\"><li>ter sido considerado apto em todas as fases do concurso;<\/li><li>ser brasileiro nato ou naturalizado ou portugu\u00eas; <\/li><li>estar em dia com as obriga\u00e7\u00f5es eleitorais e deveres do Servi\u00e7o Militar, para os candidatos do sexo masculino; ;<\/li><li>estar no gozo de seus direitos civis e pol\u00edticos;<\/li><li>possuir n\u00edvel superior ou m\u00e9dio completo, conforme op\u00e7\u00e3o de cargo e seus pr\u00e9-requisitos, cursado em  estabelecimento de ensino reconhecido pelo Minist\u00e9rio da Educa\u00e7\u00e3o \u2013 MEC;<\/li><li>possuir idade m\u00ednima de 18 (dezoito) anos;<\/li><li>n\u00e3o possuir antecedentes criminais e civis incompat\u00edveis com o exerc\u00edcio do cargo;<\/li><li>ter aptid\u00e3o f\u00edsica e mental para o exerc\u00edcio das atribui\u00e7\u00f5es do cargo, comprovada por junta m\u00e9dica de \u00f3rg\u00e3o oficial  do Estado do Amap\u00e1. <\/li><\/ul><p><\/p>\n\n\n\n<h2 class=\"wp-block-heading\" id=\"provas-e-etapas\">Provas e etapas<\/h2>\n\n\n\n<p>Os candidatos ser\u00e3o avaliados atrav\u00e9s de<strong> tr\u00eas etapas:<\/strong><\/p>\n\n\n\n<ul class=\"wp-block-list\"><li><strong>Prova <\/strong><ul><li><strong>Objetiva<\/strong>, de car\u00e1ter eliminat\u00f3rio e classificat\u00f3rio;<\/li><\/ul><ul><li><strong>Discursiva<\/strong> \u2013 Estudo de Caso, de car\u00e1ter eliminat\u00f3rio e classificat\u00f3rio; <\/li><\/ul><ul><li><strong>Pr\u00e1tica<\/strong> (para o cargo de Tradutor Int\u00e9rprete de Libras), de car\u00e1ter eliminat\u00f3rio e classificat\u00f3rio.<\/li><\/ul><\/li><\/ul><p><\/p>\n\n\n\n<p>No entanto, ap\u00f3s serem convocados, os aprovados ainda ser\u00e3o submetidos as seguintes etapas:<\/p>\n\n\n\n<ul class=\"wp-block-list\"><li>Exame Documental, de car\u00e1ter eliminat\u00f3rio;<\/li><li>Exame de Sa\u00fade, de car\u00e1ter eliminat\u00f3rio; e<\/li><li>Curso de Capacita\u00e7\u00e3o, de car\u00e1ter eliminat\u00f3rio.<\/li><\/ul><p><\/p>\n\n\n\n<h3 class=\"wp-block-heading\">Prova Objetiva<\/h3>\n\n\n\n<p>A prova objetiva ser\u00e1 composta de 50 quest\u00f5es de m\u00faltipla escolha com 5 alternativas cada, sendo somente uma correta. A prova ser\u00e1 dividida da seguinte maneira:<\/p>\n\n\n\n<ul class=\"wp-block-list\"><li><strong>Conhecimentos Gerais:<\/strong> 20 quest\u00f5es<\/li><li><strong>Conhecimentos Espec\u00edficos: <\/strong>30 quest\u00f5es<\/li><\/ul><p><\/p>\n\n\n\n<p>As provas ser\u00e3o realizadas no dia <strong>11 de dezembro de 2022.<\/strong><\/p>\n\n\n\n<h3 class=\"wp-block-heading\">Prova Discursiva<\/h3>\n\n\n\n<p>Em contrapartida a <strong>prova discursiva<\/strong> ser\u00e1 composta de<strong> quatro quest\u00f5es <\/strong>sobre conhecimento espec\u00edficos.<\/p>\n\n\n\n<p>Ser\u00e1 avaliado o dom\u00ednio dos temas abordados, consideradas a coes\u00e3o, a coer\u00eancia e a argumenta\u00e7\u00e3o, a experi\u00eancia pr\u00e9via do candidato e a adequa\u00e7\u00e3o \u00e0s atribui\u00e7\u00f5es do cargo. <\/p>\n\n\n\n<p>No entanto, essa etapa ser\u00e1 aplicada somente a candidatos interessados nas carreiras de <strong>n\u00edvel superior.<\/strong><\/p>\n\n\n\n<h3 class=\"wp-block-heading\">Prova Pr\u00e1tica<\/h3>\n\n\n\n<p>Por fim, a prova pr\u00e1tica para o cargo de tradutor ser\u00e1 realizada no Macap\u00e1 AP e cobrar\u00e1 dos candidatos tr\u00eas tarefas consecutivas:<\/p>\n\n\n\n<ul class=\"wp-block-list\"><li>Resposta, em L\u00edngua Portuguesa, a partir de v\u00eddeo em Libras \u2013 com base na exibi\u00e7\u00e3o, em monitor de computador ou tela de proje\u00e7\u00e3o, de v\u00eddeo em Libras, o candidato responder\u00e1 a perguntas por escrito em L\u00edngua Portuguesa. Esta tarefa valer\u00e1 15 pontos;<\/li><\/ul><p><\/p>\n\n\n\n<p><\/p>\n\n\n\n<ul class=\"wp-block-list\"><li>Interpreta\u00e7\u00e3o em Libras a partir de texto escrito em L\u00edngua Portuguesa \u2013 o candidato dever\u00e1 responder em Libras ao questionamento proposto por escrito em L\u00edngua Portuguesa. Esta tarefa ser\u00e1 filmada e valer\u00e1 15 pontos; <\/li><\/ul><p><\/p>\n\n\n\n<p><\/p>\n\n\n\n<ul class=\"wp-block-list\"><li>Interpreta\u00e7\u00e3o Simult\u00e2nea em Libras \u2013 o candidato dever\u00e1 interpretar simultaneamente em Libras um v\u00eddeo com som e legendas. Esta tarefa ser\u00e1 filmada e valer\u00e1 20 pontos.<\/li><\/ul><p><\/p>\n\n\n\n<p>Confira todos os detalhes do edital, <a href=\"https:\/\/cdn.direcaoconcursos.com.br\/uploads\/2022\/09\/detap122_edital_de_abertura_de_inscricoes_fcc_publicar.pdf\" target=\"_blank\" rel=\"noreferrer noopener\" aria-label=\"clicando aqui! (abre numa nova aba)\">clicando aqui!<\/a><\/p>\n\n\n\n<figure class=\"wp-block-image size-large\"><a href=\"https:\/\/aprovacao.novaconcursos.com.br\/assinatura\" target=\"_blank\" rel=\"noreferrer noopener\"><img decoding=\"async\" src=\"https:\/\/www.novaconcursos.com.br\/portal\/wp-content\/uploads\/2022\/01\/Faixa-Frete-Gr%E2%80%A0tis-portal.png\" alt=\"assinatura completa\" class=\"wp-image-153078\" loading=\"lazy\" title=\"\"><\/a><figcaption><\/figcaption><\/figure>","protected":false},"excerpt":{"rendered":"<p>Aten\u00e7\u00e3o concurseiros! Foi publicado o edital do concurso Detran AP, com oferta de 66 vagas imediatas, al\u00e9m de 470 oportunidades de cadastro reserva, para carreiras de n\u00edvel m\u00e9dio e superior! Saiba mais! Os interessados dever\u00e3o realizar suas inscri\u00e7\u00f5es a partir do dia 12 de setembro at\u00e9 o dia 10 de outubro, atrav\u00e9s do site da [&hellip;]<\/p>\n","protected":false},"author":54679,"featured_media":168156,"comment_status":"closed","ping_status":"closed","sticky":false,"template":"","format":"standard","meta":{"_acf_changed":false,"footnotes":"","_wp_rev_ctl_limit":""},"categories":[228],"tags":[],"class_list":["post-171328","post","type-post","status-publish","format-standard","has-post-thumbnail","hentry","category-noticias"],"acf":[],"_links":{"self":[{"href":"https:\/\/www.novaconcursos.com.br\/portal\/wp-json\/wp\/v2\/posts\/171328","targetHints":{"allow":["GET"]}}],"collection":[{"href":"https:\/\/www.novaconcursos.com.br\/portal\/wp-json\/wp\/v2\/posts"}],"about":[{"href":"https:\/\/www.novaconcursos.com.br\/portal\/wp-json\/wp\/v2\/types\/post"}],"author":[{"embeddable":true,"href":"https:\/\/www.novaconcursos.com.br\/portal\/wp-json\/wp\/v2\/users\/54679"}],"replies":[{"embeddable":true,"href":"https:\/\/www.novaconcursos.com.br\/portal\/wp-json\/wp\/v2\/comments?post=171328"}],"version-history":[{"count":12,"href":"https:\/\/www.novaconcursos.com.br\/portal\/wp-json\/wp\/v2\/posts\/171328\/revisions"}],"predecessor-version":[{"id":171356,"href":"https:\/\/www.novaconcursos.com.br\/portal\/wp-json\/wp\/v2\/posts\/171328\/revisions\/171356"}],"wp:featuredmedia":[{"embeddable":true,"href":"https:\/\/www.novaconcursos.com.br\/portal\/wp-json\/wp\/v2\/media\/168156"}],"wp:attachment":[{"href":"https:\/\/www.novaconcursos.com.br\/portal\/wp-json\/wp\/v2\/media?parent=171328"}],"wp:term":[{"taxonomy":"category","embeddable":true,"href":"https:\/\/www.novaconcursos.com.br\/portal\/wp-json\/wp\/v2\/categories?post=171328"},{"taxonomy":"post_tag","embeddable":true,"href":"https:\/\/www.novaconcursos.com.br\/portal\/wp-json\/wp\/v2\/tags?post=171328"}],"curies":[{"name":"wp","href":"https:\/\/api.w.org\/{rel}","templated":true}]}}