{"id":171403,"date":"2022-09-09T10:47:17","date_gmt":"2022-09-09T13:47:17","guid":{"rendered":"https:\/\/www.novaconcursos.com.br\/portal\/?p=171403"},"modified":"2022-09-09T10:47:21","modified_gmt":"2022-09-09T13:47:21","slug":"concursos-seguranca-pe-governador-autoriza-vagas","status":"publish","type":"post","link":"https:\/\/www.novaconcursos.com.br\/portal\/noticias\/concursos-seguranca-pe-governador-autoriza-vagas\/","title":{"rendered":"Concursos Seguran\u00e7a PE: Governador AUTORIZA 4.741 vagas!"},"content":{"rendered":"<p>Aten\u00e7\u00e3o concurseiros! A\u00a0<strong>Seguran\u00e7a P\u00fablica<\/strong>\u00a0do\u00a0<a href=\"https:\/\/www.novaconcursos.com.br\/portal\/concursos-previstos\/pe\/\">Estado de Pernambuco<\/a>\u00a0tem diversos\u00a0<strong>editais previstos<\/strong> para 2022. E nesta semana, o governador do estado autorizou o preenchimento de 4.741 vagas em concursos Seguran\u00e7a PE! <\/p>\n\n\n\n<ul class=\"wp-block-list\"><li><strong>Confira:<\/strong> <a href=\"https:\/\/www.novaconcursos.com.br\/curso-online\/pc-pe-agente-escrivao\">Curso PC-PE \u2013 Agente e Escriv\u00e3o<\/a><\/li><li><strong>Confira: <\/strong><a href=\"https:\/\/www.novaconcursos.com.br\/curso-online\/curso-completo-pm-pe-soldado\">Curso Completo PM-PE \u2013 Soldado<\/a><\/li><\/ul><p><\/p>\n\n\n\n<p>Estude para o concurso dos seus sonhos com o\u00a0<strong>M\u00e9todo<\/strong>\u00a0que j\u00e1 ajudou na\u00a0<strong>aprova\u00e7\u00e3o de mais de 70 mil alunos.<\/strong>\u00a0<a href=\"https:\/\/aprovacao.novaconcursos.com.br\/assinatura\" target=\"_blank\" rel=\"noreferrer noopener\" aria-label=\" (abre numa nova aba)\">Clique aqui<\/a>\u00a0e saiba mais!<\/p>\n\n\n\n<h2 class=\"wp-block-heading\" id=\"concurso-segurana-pe-quais-vagas-foram-autorizadas\">Concurso Seguran\u00e7a PE: quais vagas foram autorizadas?<\/h2>\n\n\n\n<p>Os concurseiros do\u00a0<a href=\"https:\/\/www.novaconcursos.com.br\/portal\/concursos-abertos\/pe\/\">estado de Pernambuco<\/a>\u00a0devem se atentar aos pr\u00f3ximos editais que ser\u00e3o<strong>\u00a0publicados para a Seguran\u00e7a P\u00fablica.<\/strong><\/p>\n\n\n\n<p>Isso porque o governador Paulo C\u00e2mara autorizou\u00a0<strong>4.741 vagas\u00a0<\/strong>para Pol\u00edcia Militar, Corpo de Bombeiros, Pol\u00edcia Civil e Pol\u00edcia Cient\u00edfica.\u00a0<\/p>\n\n\n\n<p>Assim, a autoriza\u00e7\u00e3o <strong>aconteceu <\/strong>nesta quinta-feira (8), durante a reuni\u00e3o do Pacto pela Vida.<\/p>\n\n\n\n<p>Portanto, a previs\u00e3o \u00e9 que os editais saiam ainda em 2022. Sendo assim, confira a distribui\u00e7\u00e3o:<\/p>\n\n\n\n<ul class=\"wp-block-list\"><li><strong>Pol\u00edcia Militar:<\/strong><ul><li>2.400 vagas para soldados (pra\u00e7as);<\/li><li>180 vagas para oficiais.<\/li><\/ul><\/li><li><strong>Corpo de Bombeiros:<\/strong><ul><li>400 vagas para soldados (pra\u00e7as).<\/li><\/ul><\/li><li><strong>Pol\u00edcia Civil:<\/strong><ul><li>1.200 vagas para agentes;<\/li><li>300 vagas para escriv\u00e3es;<\/li><li>50 vagas para peritos papiloscopistas;<\/li><li>47 vagas para delegados.<\/li><\/ul><\/li><li><strong>Pol\u00edcia Cient\u00edfica:<\/strong><ul><li>50 vagas para peritos criminais;<\/li><li>50 vagas para m\u00e9dicos legistas;<\/li><li>60 vagas para agentes de Medicina Legal;<\/li><li>4 vagas para agentes de per\u00edcia criminal.\u00a0\u00a0<\/li><\/ul><\/li><\/ul><p><\/p>\n\n\n\n<p>Vale destacar que as oportunidades acima exigem <strong>n\u00edveis m\u00e9dio e superior,<\/strong> dependendo da especialidade.<\/p>\n\n\n\n<p>Entretanto, os <strong>sal\u00e1rios e benef\u00edcios<\/strong> que ser\u00e3o ofertados aos aprovados n\u00e3o foram revelados at\u00e9 o momento.<\/p>\n\n\n\n<p><em>\u201cCom isso (os novos servidores), teremos, em 2023, mais musculatura para aprofundar a redu\u00e7\u00e3o dos \u00edndices de criminalidade e proporcionar mais tranquilidade e paz social para a popula\u00e7\u00e3o do Estado, do Litoral ao Sert\u00e3o\u201d,<\/em> disse o governador Paulo C\u00e2mara.<\/p>\n\n\n\n<h3 class=\"wp-block-heading\">Fortalecimento dos trabalhos<\/h3>\n\n\n\n<p>Ademais, o secret\u00e1rio de Defesa Social de Pernambuco, Humberto Freire, informou que o concurso possibilitar\u00e1 o fortalecimento do <strong>policiamento <\/strong>ostensivo.<\/p>\n\n\n\n<p>Al\u00e9m das <strong>investiga\u00e7\u00f5es<\/strong>, da ci\u00eancia e da tecnologia a servi\u00e7o da seguran\u00e7a e, das a\u00e7\u00f5es de preven\u00e7\u00e3o e combate a inc\u00eandios, salvamentos e defesa civil.<\/p>\n\n\n\n<p><em>\u201cEsse an\u00fancio refor\u00e7a o compromisso do Governo de Pernambuco com a seguran\u00e7a p\u00fablica, com investimentos significativos, incremento de recursos humanos, aquisi\u00e7\u00e3o de equipamentos e amplia\u00e7\u00e3o das estruturas. S\u00e3o essas a\u00e7\u00f5es, al\u00e9m da gest\u00e3o e monitoramento constante dos indicadores, no \u00e2mbito do Pacto pela Vida, que trazem resultados hist\u00f3ricos\u201d<\/em>, explicou Freire.<\/p>\n\n\n\n<h3 class=\"wp-block-heading\">E agora?<\/h3>\n\n\n\n<p>Agora os tr\u00e2mites devem come\u00e7ar. <strong>Comiss\u00f5es <\/strong>organizadoras devem ser escolhidas para que depois a <strong>banca <\/strong>seja anunciada.<\/p>\n\n\n\n<p>Portanto, uma <strong>institui\u00e7\u00e3o<\/strong> ser\u00e1 escolhida para receber as inscri\u00e7\u00f5es do concurso e viabilizar e aplicar as etapas, como as provas objetivas. <\/p>\n\n\n\n<p>Assim, somente ap\u00f3s as duas <strong>escolhas <\/strong>\u00e9 que o edital ser\u00e1 publicado, o que deve acontecer nos pr\u00f3ximos meses.<\/p>\n\n\n\n<h2 class=\"wp-block-heading\" id=\"concursos-segurana-pe-entenda-a-lei-de-cota-para-mulheres\">Concursos Seguran\u00e7a PE: entenda a lei de cota para mulheres<\/h2>\n\n\n\n<p>Foi acatado, recentemente, o pedido que estabelece cotas de\u00a0<strong>20% para mulheres<\/strong>\u00a0em concursos policiais no estado de\u00a0<a rel=\"noreferrer noopener\" href=\"https:\/\/www.novaconcursos.com.br\/portal\/concursos-previstos\/pe\/\" target=\"_blank\">Pernambuco<\/a>\u00a0.<\/p>\n\n\n\n<p>Assim, a decis\u00e3o foi tomada pela\u00a0<strong>Comiss\u00e3o de Justi\u00e7a da Assembleia Legislativa\u00a0<\/strong>do estado.<\/p>\n\n\n\n<p>Sendo assim, caso se torne lei, haver\u00e1 a reserva sempre que o n\u00famero de vagas oferecidas for\u00a0<strong>igual ou superior a cinco<\/strong>\u00a0oportunidades.<\/p>\n\n\n\n<p>Ademais, a proposta foi elaborada pelo deputado Gustavo Gouveia (DEM), fazendo a inclus\u00e3o da medida na<strong>\u00a0Lei n\u00ba 14.538\/2011.<\/strong><\/p>\n\n\n\n<p>Assim, o deputado afirmou que mesmo com avan\u00e7os recentes, as\u00a0<strong>mulheres s\u00f3 representam 12% dos efetivos<\/strong>\u00a0das Pol\u00edcias Militares.<\/p>\n\n\n\n<p><em>\u201cNa avalia\u00e7\u00e3o de especialistas, essa diferen\u00e7a representa um problema e tem como uma das justificativas a limita\u00e7\u00e3o de vagas para mulheres em concursos p\u00fablicos em alguns Estados\u201d<\/em>, explicou Gouveia.<\/p>\n\n\n\n<h2 class=\"wp-block-heading\" id=\"concurso-pm-pe-sancionada-lei-que-aumenta-o-limite-de-idade\">Concurso PM PE: Sancionada lei que aumenta o limite de idade<\/h2>\n\n\n\n<p>Al\u00e9m disso, vale ressaltar que foi<strong>\u00a0sancionada<\/strong>\u00a0a Lei Complementar n\u00ba 108, que\u00a0<strong>aumenta o limite de idade<\/strong>\u00a0para ingresso nas corpora\u00e7\u00f5es do estado. Nesse sentido, os novos\u00a0<strong>requisitos de idade<\/strong>\u00a0passam a ser os seguintes:<\/p>\n\n\n\n<ul class=\"wp-block-list\"><li>I \u2013 Idade m\u00e1xima de 30 anos de idade completos na data de inscri\u00e7\u00e3o do concurso p\u00fablico para ingresso na carreira de Militar do estado; e<\/li><li>II \u2013 Idade m\u00e1xima de 30 anos de idade completos na data de inscri\u00e7\u00e3o do concurso p\u00fablico para ingresso na carreira QOS (Quadro Oficiais Sa\u00fade); e<\/li><li>III \u2013 Idade m\u00e1xima de 35 anos de idade completos na data de inscri\u00e7\u00e3o do concurso p\u00fablico para ingresso na carreira QOM (Quadro Oficiais M\u00e9dicos).<\/li><\/ul><p><\/p>\n\n\n\n<p>Sendo assim, \u00e9 importante destacar que tais requisitos tamb\u00e9m s\u00e3o v\u00e1lidos para o\u00a0<strong>Corpo de Bombeiros do Estado.<\/strong>\u00a0<\/p>\n\n\n\n<p>Ademais, por meio de publica\u00e7\u00e3o nas redes sociais, a deputada delegada Gleide Angelo comemorou a san\u00e7\u00e3o e afirmou que seguir\u00e1 na luta para que esse n\u00famero seja\u00a0<strong>ainda maior.<\/strong><\/p>\n\n\n\n<p>Al\u00e9m disso, vale frisar que, segundo Angelo, \u00e9 poss\u00edvel que tais modifica\u00e7\u00f5es ainda<strong>\u00a0n\u00e3o estejam presentes no pr\u00f3ximo concurso<\/strong>, visto que n\u00e3o h\u00e1 tempo h\u00e1bil para tal altera\u00e7\u00e3o.<\/p>\n\n\n\n<figure class=\"wp-block-image size-large\"><a href=\"https:\/\/aprovacao.novaconcursos.com.br\/assinatura\" target=\"_blank\" rel=\"noreferrer noopener\"><img decoding=\"async\" src=\"https:\/\/www.novaconcursos.com.br\/portal\/wp-content\/uploads\/2022\/01\/Faixa-Frete-Gr%E2%80%A0tis-portal.png\" alt=\"assinatura completa\" class=\"wp-image-153078\" loading=\"lazy\" title=\"\"><\/a><figcaption><\/figcaption><\/figure><p><\/p>","protected":false},"excerpt":{"rendered":"<p>Aten\u00e7\u00e3o concurseiros! A\u00a0Seguran\u00e7a P\u00fablica\u00a0do\u00a0Estado de Pernambuco\u00a0tem diversos\u00a0editais previstos para 2022. E nesta semana, o governador do estado autorizou o preenchimento de 4.741 vagas em concursos Seguran\u00e7a PE! Confira: Curso PC-PE \u2013 Agente e Escriv\u00e3o Confira: Curso Completo PM-PE \u2013 Soldado Estude para o concurso dos seus sonhos com o\u00a0M\u00e9todo\u00a0que j\u00e1 ajudou na\u00a0aprova\u00e7\u00e3o de mais de [&hellip;]<\/p>\n","protected":false},"author":54671,"featured_media":158209,"comment_status":"closed","ping_status":"closed","sticky":false,"template":"","format":"standard","meta":{"_acf_changed":false,"footnotes":"","_wp_rev_ctl_limit":""},"categories":[228],"tags":[],"class_list":["post-171403","post","type-post","status-publish","format-standard","has-post-thumbnail","hentry","category-noticias"],"acf":[],"_links":{"self":[{"href":"https:\/\/www.novaconcursos.com.br\/portal\/wp-json\/wp\/v2\/posts\/171403","targetHints":{"allow":["GET"]}}],"collection":[{"href":"https:\/\/www.novaconcursos.com.br\/portal\/wp-json\/wp\/v2\/posts"}],"about":[{"href":"https:\/\/www.novaconcursos.com.br\/portal\/wp-json\/wp\/v2\/types\/post"}],"author":[{"embeddable":true,"href":"https:\/\/www.novaconcursos.com.br\/portal\/wp-json\/wp\/v2\/users\/54671"}],"replies":[{"embeddable":true,"href":"https:\/\/www.novaconcursos.com.br\/portal\/wp-json\/wp\/v2\/comments?post=171403"}],"version-history":[{"count":5,"href":"https:\/\/www.novaconcursos.com.br\/portal\/wp-json\/wp\/v2\/posts\/171403\/revisions"}],"predecessor-version":[{"id":171422,"href":"https:\/\/www.novaconcursos.com.br\/portal\/wp-json\/wp\/v2\/posts\/171403\/revisions\/171422"}],"wp:featuredmedia":[{"embeddable":true,"href":"https:\/\/www.novaconcursos.com.br\/portal\/wp-json\/wp\/v2\/media\/158209"}],"wp:attachment":[{"href":"https:\/\/www.novaconcursos.com.br\/portal\/wp-json\/wp\/v2\/media?parent=171403"}],"wp:term":[{"taxonomy":"category","embeddable":true,"href":"https:\/\/www.novaconcursos.com.br\/portal\/wp-json\/wp\/v2\/categories?post=171403"},{"taxonomy":"post_tag","embeddable":true,"href":"https:\/\/www.novaconcursos.com.br\/portal\/wp-json\/wp\/v2\/tags?post=171403"}],"curies":[{"name":"wp","href":"https:\/\/api.w.org\/{rel}","templated":true}]}}