{"id":171481,"date":"2022-09-12T09:52:17","date_gmt":"2022-09-12T12:52:17","guid":{"rendered":"https:\/\/www.novaconcursos.com.br\/portal\/?p=171481"},"modified":"2025-04-02T10:33:10","modified_gmt":"2025-04-02T13:33:10","slug":"concurso-esa-2022-confira-o-gabarito-das-provas","status":"publish","type":"post","link":"https:\/\/www.novaconcursos.com.br\/portal\/noticias\/concurso-esa-2022-confira-o-gabarito-das-provas\/","title":{"rendered":"Concurso ESA 2022: Confira o gabarito das provas!"},"content":{"rendered":"<p>Aten\u00e7\u00e3o, concurseiros! As provas do\u00a0<a href=\"https:\/\/www.novaconcursos.com.br\/portal\/concursos\/concurso-esa\/\">concurso ESA<\/a>\u00a0(Escola de Sargentos das Armas), foram publicadas dia 4 de setembro. Por isso, foi liberado o gabarito das avalia\u00e7\u00f5es.<\/p>\n\n\n\n<p><\/p>\n\n\n\n<h2 class=\"wp-block-heading\" id=\"concurso-esa-como-conferir-o-gabarito\">Concurso ESA: como conferir o gabarito?<\/h2>\n\n\n\n<p>Sendo assim, o <a href=\"https:\/\/www.novaconcursos.com.br\/portal\/concursos-previstos\/nacional\">concurso <\/a>da Escola de Sargento das Armas, com sede em Tr\u00eas Cora\u00e7\u00f5es\/MG, j\u00e1 teve provas aplicadas no dia<strong> 4 de setembro.<\/strong><\/p>\n\n\n\n<p>Portanto, o gabarito foi publicado na \u00faltima semana. Assim, das <strong>50 quest\u00f5es <\/strong>aplicadas, algumas foram anuladas. Assim, veja os resultados:<\/p>\n\n\n\n<ul class=\"wp-block-list\"><li>Gabarito da Prova\n<ul class=\"wp-block-list\"><li><a href=\"https:\/\/esa.eb.mil.br\/images\/GABARITO_OFICIAL_PROVA_GERAL_DO_CONCURSO_DE_ADMISS%C3%83O_DO_CFGS_23.pdf\" target=\"_blank\" rel=\"noopener\">Geral<\/a><\/li>\n\n\n\n<li><a href=\"https:\/\/esa.eb.mil.br\/images\/GABARITO_OFICIAL_PROVA_MUSICA_DO_CONCURSO_DE_ADMISS%C3%83O_DO_CFGS_23.pdf\" target=\"_blank\" rel=\"noopener\">M\u00fasica<\/a><\/li>\n\n\n\n<li><a href=\"https:\/\/esa.eb.mil.br\/images\/GABARITO_OFICIAL_PROVA_SA%C3%9ADE_DO_CONCURSO_DE_ADMISS%C3%83O_DO_CFGS_23.pdf\" target=\"_blank\" rel=\"noopener\">Sa\u00fade<\/a><\/li>\n<\/ul><\/li>\n<\/ul><p><\/p>\n\n\n\n<p>Vale destacar que a ESA \u00e9 respons\u00e1vel pela <strong>forma\u00e7\u00e3o e gradua\u00e7\u00e3o<\/strong> de Sargentos\u00a0Combatentes de Carreira das Armas (CFGS).<\/p>\n\n\n\n<h3 class=\"wp-block-heading\">Como foram as avalia\u00e7\u00f5es?<\/h3>\n\n\n\n<p>Assim, as provas objetivas e discursiva foram aplicadas em car\u00e1ter eliminat\u00f3rio e classificat\u00f3rio.\u00a0Veja as <strong>disciplinas <\/strong>cobradas:<\/p>\n\n\n\n<ul class=\"wp-block-list\"><li><strong>1\u00aa parte\u00a0<\/strong>\u2013 Prova de Matem\u00e1tica\n<ul class=\"wp-block-list\"><li>14 quest\u00f5es para \u00e1reas Geral\/Avia\u00e7\u00e3o <\/li>\n\n\n\n<li>10 para as \u00e1reas M\u00fasica\/Sa\u00fade<\/li>\n<\/ul><\/li>\n\n\n\n<li><strong>2\u00aa parte \u2013<\/strong>\u00a0Prova de Portugu\u00eas\n<ul class=\"wp-block-list\"><li>14 quest\u00f5es para \u00e1reas Geral\/Avia\u00e7\u00e3o <\/li>\n\n\n\n<li>10 para as \u00e1reas M\u00fasica\/Sa\u00fade <\/li>\n<\/ul><\/li>\n\n\n\n<li><strong>3\u00aa parte \u2013<\/strong>\u00a0Prova de Hist\u00f3ria e Geografia do Brasil\n<ul class=\"wp-block-list\"><li>12 e 06 quest\u00f5es de cada disciplina para \u00e1rea Geral\/Avia\u00e7\u00e3o <\/li>\n\n\n\n<li>08 e 04 quest\u00f5es de cada disciplina para as \u00e1reas de M\u00fasica\/Sa\u00fade);<\/li>\n<\/ul><\/li>\n\n\n\n<li><strong>4\u00aa parte \u2013<\/strong>\u00a0Prova de Ingl\u00eas\n<ul class=\"wp-block-list\"><li>10 quest\u00f5es objetivas para todas as \u00c1reas<\/li>\n<\/ul><\/li>\n\n\n\n<li><strong>5\u00aa parte \u2013\u00a0<\/strong>Prova de Conhecimentos Espec\u00edficos da \u00e1rea t\u00e9cnica de Enfermagem, na \u00e1rea de Sa\u00fade (12 quest\u00f5es) e Prova de Teoria Musical para a \u00e1rea de M\u00fasica (12);<\/li>\n\n\n\n<li><strong>6\u00aa parte \u2013<\/strong>\u00a0Prova de Portugu\u00eas (quest\u00e3o \u00fanica discursiva\/reda\u00e7\u00e3o).<\/li>\n<\/ul><p><\/p>\n\n\n\n<h3 class=\"wp-block-heading\">Pr\u00f3ximas etapas<\/h3>\n\n\n\n<ul class=\"wp-block-list\"><li>avalia\u00e7\u00e3o de t\u00edtulos;<\/li>\n\n\n\n<li>exame de habilita\u00e7\u00e3o musical (para os candidatos\u00a0da \u00e1rea de M\u00fasica);<\/li>\n\n\n\n<li>investiga\u00e7\u00e3o social;<\/li>\n\n\n\n<li>exame de aptid\u00e3o f\u00edsica preliminar;<\/li>\n\n\n\n<li>revis\u00e3o m\u00e9dica;<\/li>\n\n\n\n<li>exame de aptid\u00e3o f\u00edsica definitivo;<\/li>\n\n\n\n<li>comprova\u00e7\u00e3o atrav\u00e9s da heteroidentifica\u00e7\u00e3o, para os candidatos que se autodeclararem pretos ou pardos no ato da inscri\u00e7\u00e3o.<\/li>\n<\/ul><p><\/p>\n\n\n\n<p>Al\u00e9m disso, por \u00faltimo, ser\u00e1 realizado o <strong>curso de forma\u00e7\u00e3o<\/strong>, que ainda n\u00e3o tem uma previs\u00e3o para acontecer!<\/p>\n\n\n\n<h2 class=\"wp-block-heading\" id=\"concurso-esa-2023-vagas-oferecidas\">Concurso ESA 2023: Vagas oferecidas<\/h2>\n\n\n\n<p>Ademais, o <a href=\"https:\/\/www.novaconcursos.com.br\/portal\/concursos-abertos\/nacional\">concurso <\/a>ESA 2023 teve seu edital publicado no dia 4 de mar\u00e7o de 2022 com oferta de\u00a0<strong>1.100 vagas<\/strong>\u00a0para as seguintes especialidades:<\/p>\n\n\n\n<ul class=\"wp-block-list\"><li><strong>\u00c1rea Geral\/Avia\u00e7\u00e3o<\/strong>\n<ul class=\"wp-block-list\"><li><strong>Sexo masculino<\/strong>\n<ul class=\"wp-block-list\"><li>Ampla Concorr\u00eancia:\u00a0<strong>720 vagas<\/strong>;<\/li>\n\n\n\n<li>Cotas Raciais:\u00a0<strong>180\u00a0vagas.<\/strong><\/li>\n<\/ul><\/li>\n\n\n\n<li><strong>Sexo feminino<\/strong>\n<ul class=\"wp-block-list\"><li>Ampla Concorr\u00eancia:\u00a0<strong>84 vagas<\/strong>;<\/li>\n<\/ul><\/li>\n\n\n\n<li>Cotas Raciais:\u00a0<strong>21\u00a0vagas.<\/strong><\/li>\n<\/ul><\/li>\n\n\n\n<li><strong>\u00c1rea Sa\u00fade<\/strong>:\n<ul class=\"wp-block-list\"><li>Ampla Concorr\u00eancia:\u00a0<strong>44 vagas<\/strong>;<\/li>\n\n\n\n<li>Cotas Raciais:\u00a0<strong>11\u00a0vagas.<\/strong><\/li>\n\n\n\n<li>N\u00e3o h\u00e1 divis\u00e3o entre homens e mulheres nessa modalidade.<\/li>\n<\/ul><\/li>\n\n\n\n<li><strong>\u00c1rea M\u00fasica<\/strong>: 40 vagas\n<ul class=\"wp-block-list\"><li>Clarineta em MIB\/Clarineta em SIB: 6 vagas;<\/li>\n\n\n\n<li>Saxhorne Bar\u00edtono em SIB\/Saxhorne Baixo em SIB: 1 vaga;<\/li>\n\n\n\n<li>Saxofone em MIB\/Saxofone em SIB: 3 vagas;<\/li>\n\n\n\n<li>T\u00edmpanos, Bombo, Pratos, Tarol e Caixa Surda: 3 vagas;<\/li>\n\n\n\n<li>Trombone Tenor em SIB (de vara): 10 vagas;<\/li>\n\n\n\n<li>Trompete em MIB\/SIB \u2013 Cornetim em SIB\/Flueglhorne em SIB: 12 vagas;<\/li>\n\n\n\n<li>Tuba em MIB\/Tuba em SIB: 5 vagas;<\/li>\n<\/ul><\/li>\n<\/ul><p><\/p>\n\n\n\n<p>Al\u00e9m disso, quem for\u00a0aprovado\u00a0no Curso de Forma\u00e7\u00e3o ser\u00e3o nomeados como 3\u00ba Sargento e ter\u00e1 <strong>remunera\u00e7\u00e3o de\u00a0R$ 3.825.<\/strong><\/p>\n\n\n\n<h3 class=\"wp-block-heading\">Requisitos<\/h3>\n\n\n\n<p>Al\u00e9m disso, a sele\u00e7\u00e3o exige dos candidatos os seguintes\u00a0<strong>requisitos:<\/strong><\/p>\n\n\n\n<ul class=\"wp-block-list\"><li>ser brasileiro(a) nato(a) ou naturalizado(a);<\/li>\n\n\n\n<li>ter conclu\u00eddo o Ensino M\u00e9dio;<\/li>\n\n\n\n<li>possuir, no m\u00ednimo, 17 e, no m\u00e1ximo, 24 anos\u00a0de idade\u00a0para a\u00a0\u00e1rea Geral \/ Avia\u00e7\u00e3o;<\/li>\n\n\n\n<li>possuir, no m\u00ednimo, 17 e, no m\u00e1ximo, 26 anos de idade\u00a0para as\u00a0\u00e1reas M\u00fasica e Sa\u00fade;<\/li>\n\n\n\n<li>estar em dia com suas obriga\u00e7\u00f5es perante o Servi\u00e7o Militar e a Justi\u00e7a Eleitoral;<\/li>\n\n\n\n<li>se do sexo masculino,\u00a0ter, no m\u00ednimo, 1,60 m\u00a0de altura, sendo que esta limita\u00e7\u00e3o n\u00e3o se aplica aos candidatos com at\u00e9 16 anos de idade, desde que possuam a altura m\u00ednima de 1,57 m e exame especializado revele a possibilidade do crescimento; ou se do sexo feminino, ter, no m\u00ednimo, 1,55 m de altura; e<\/li>\n\n\n\n<li>para o(a)s\u00a0candidato(a)s da \u00e1rea de Sa\u00fade,\u00a0ter conclu\u00eddo o curso T\u00e9cnico em Enfermagem.<\/li>\n<\/ul>","protected":false},"excerpt":{"rendered":"<p>Aten\u00e7\u00e3o, concurseiros! As provas do\u00a0concurso ESA\u00a0(Escola de Sargentos das Armas), foram publicadas dia 4 de setembro. Por isso, foi liberado o gabarito das avalia\u00e7\u00f5es. Concurso ESA: como conferir o gabarito? Sendo assim, o concurso da Escola de Sargento das Armas, com sede em Tr\u00eas Cora\u00e7\u00f5es\/MG, j\u00e1 teve provas aplicadas no dia 4 de setembro. Portanto, [&hellip;]<\/p>\n","protected":false},"author":54671,"featured_media":156792,"comment_status":"closed","ping_status":"closed","sticky":false,"template":"","format":"standard","meta":{"_acf_changed":false,"footnotes":"","_wp_rev_ctl_limit":""},"categories":[228],"tags":[],"class_list":["post-171481","post","type-post","status-publish","format-standard","has-post-thumbnail","hentry","category-noticias"],"acf":[],"_links":{"self":[{"href":"https:\/\/www.novaconcursos.com.br\/portal\/wp-json\/wp\/v2\/posts\/171481","targetHints":{"allow":["GET"]}}],"collection":[{"href":"https:\/\/www.novaconcursos.com.br\/portal\/wp-json\/wp\/v2\/posts"}],"about":[{"href":"https:\/\/www.novaconcursos.com.br\/portal\/wp-json\/wp\/v2\/types\/post"}],"author":[{"embeddable":true,"href":"https:\/\/www.novaconcursos.com.br\/portal\/wp-json\/wp\/v2\/users\/54671"}],"replies":[{"embeddable":true,"href":"https:\/\/www.novaconcursos.com.br\/portal\/wp-json\/wp\/v2\/comments?post=171481"}],"version-history":[{"count":5,"href":"https:\/\/www.novaconcursos.com.br\/portal\/wp-json\/wp\/v2\/posts\/171481\/revisions"}],"predecessor-version":[{"id":277412,"href":"https:\/\/www.novaconcursos.com.br\/portal\/wp-json\/wp\/v2\/posts\/171481\/revisions\/277412"}],"wp:featuredmedia":[{"embeddable":true,"href":"https:\/\/www.novaconcursos.com.br\/portal\/wp-json\/wp\/v2\/media\/156792"}],"wp:attachment":[{"href":"https:\/\/www.novaconcursos.com.br\/portal\/wp-json\/wp\/v2\/media?parent=171481"}],"wp:term":[{"taxonomy":"category","embeddable":true,"href":"https:\/\/www.novaconcursos.com.br\/portal\/wp-json\/wp\/v2\/categories?post=171481"},{"taxonomy":"post_tag","embeddable":true,"href":"https:\/\/www.novaconcursos.com.br\/portal\/wp-json\/wp\/v2\/tags?post=171481"}],"curies":[{"name":"wp","href":"https:\/\/api.w.org\/{rel}","templated":true}]}}