{"id":171624,"date":"2022-09-13T10:47:18","date_gmt":"2022-09-13T13:47:18","guid":{"rendered":"https:\/\/www.novaconcursos.com.br\/portal\/?p=171624"},"modified":"2022-09-13T10:47:25","modified_gmt":"2022-09-13T13:47:25","slug":"concurso-prefeitura-salvador-ba-edital-anunciado-229-vagas","status":"publish","type":"post","link":"https:\/\/www.novaconcursos.com.br\/portal\/noticias\/concurso-prefeitura-salvador-ba-edital-anunciado-229-vagas\/","title":{"rendered":"Concurso Prefeitura de Salvador &#8211; BA: Novo edital anunciado com 229 vagas!"},"content":{"rendered":"<p>Aten\u00e7\u00e3o concurseiros! Nesta segunda-feira, 12 de setembro, o prefeito Bruno Reis, anunciou a realiza\u00e7\u00e3o de um novo <a href=\"https:\/\/www.novaconcursos.com.br\/portal\/concursos-abertos\/ba\/\">concurso Prefeitura de Salvador \u2013 BA<\/a> para \u00e1rea da sa\u00fade. Saiba mais!<\/p>\n\n\n\n<p>De acordo com o prefeito, ser\u00e3o oferecidas <strong>229 vagas<\/strong> com <strong>sal\u00e1rios iniciais <\/strong>que ir\u00e3o variar de R$3.158,87 a R$12.481,41. <\/p>\n\n\n\n<p>As<strong> oportunidades<\/strong> s\u00e3o para as seguintes carreiras:<\/p>\n\n\n\n<ul class=\"wp-block-list\"><li>Analista de Gest\u00e3o P\u00fablica \u2013 Contabilidade;<\/li><li>Assistente Social;<\/li><li>M\u00e9dico;<\/li><li>Enfermeiro;<\/li><li>Odont\u00f3logo Cl\u00ednico;<\/li><li>T\u00e9cnico em Enfermagem;<\/li><li>T\u00e9cnico em Sa\u00fade Bucal.<\/li><\/ul><p><\/p>\n\n\n\n<p>No entanto, o quantitativo de vagas para cada carreira ainda n\u00e3o foi divulgado.<\/p>\n\n\n\n<p>O pol\u00edtico tamb\u00e9m afirmou que o <strong>edital <\/strong>ser\u00e1 publicado em breve.<\/p>\n\n\n\n<ul class=\"wp-block-list\"><li><strong>Confira:<\/strong> <a href=\"https:\/\/www.novaconcursos.com.br\/livro\/600-questoes-comentadas-lingua-portuguesa-isabella-ramiro?q=600\">Livro 600 Quest\u00f5es Comentadas L\u00edngua Portuguesa<\/a><\/li><\/ul><p><\/p>\n\n\n\n<p>Estude para o concurso dos seus sonhos com o <strong>M\u00e9todo<\/strong> que j\u00e1 ajudou na <strong>aprova\u00e7\u00e3o de mais de 70 mil alunos!<\/strong> <a href=\"https:\/\/aprovacao.novaconcursos.com.br\/assinatura\" target=\"_blank\" rel=\"noreferrer noopener\" aria-label=\" (abre numa nova aba)\">Clique aqui<\/a> e saiba mais!<\/p>\n\n\n\n<h2 class=\"wp-block-heading\" id=\"como-foi-o-ltimo-concurso-prefeitura-de-salvador-ba\">Como foi o \u00faltimo concurso Prefeitura de Salvador \u2013 BA?<\/h2>\n\n\n\n<p>Ademais, a \u00faltima sele\u00e7\u00e3o aconteceu em <strong>2019<\/strong> e ofereceu <strong>368 vagas<\/strong> atrav\u00e9s de tr\u00eas editais. Para a \u00e1rea da sa\u00fade a oferta foi de 96 vagas, exig\u00eancia de <strong>n\u00edvel m\u00e9dio e superior.<\/strong><\/p>\n\n\n\n<p>Na ocasi\u00e3o a banca organizadora foi a<strong> FGV<\/strong> (Funda\u00e7\u00e3o Get\u00falio Vargas) e avaliou os candidatos atrav\u00e9s das seguintes etapas:<\/p>\n\n\n\n<ul class=\"wp-block-list\"><li>Prova Objetiva;<\/li><li>Prova discursiva;<\/li><li>Exame de T\u00edtulos;<\/li><li>Teste de Aptid\u00e3o F\u00edsica;<\/li><li>Avalia\u00e7\u00e3o Psicol\u00f3gica. <\/li><\/ul><p><\/p>\n\n\n\n<p>O <strong>conte\u00fado program\u00e1tico<\/strong> das provas variou de acordo com o cargo pretendido, devido a diversidade ofertada.<\/p>\n\n\n\n<p>Para acessar todos os detalhes dos editais, <a href=\"https:\/\/conhecimento.fgv.br\/concursos\/pms2019\" target=\"_blank\" rel=\"noreferrer noopener\" aria-label=\"clique aqui! (abre numa nova aba)\">clique aqui!<\/a><\/p>\n\n\n\n<figure class=\"wp-block-image size-large\"><a href=\"https:\/\/aprovacao.novaconcursos.com.br\/assinatura\" target=\"_blank\" rel=\"noreferrer noopener\"><img decoding=\"async\" src=\"https:\/\/www.novaconcursos.com.br\/portal\/wp-content\/uploads\/2022\/01\/Faixa-Frete-Gr%E2%80%A0tis-portal.png\" alt=\"assinatura completa\" class=\"wp-image-153078\" loading=\"lazy\" title=\"\"><\/a><figcaption><\/figcaption><\/figure>","protected":false},"excerpt":{"rendered":"<p>Aten\u00e7\u00e3o concurseiros! Nesta segunda-feira, 12 de setembro, o prefeito Bruno Reis, anunciou a realiza\u00e7\u00e3o de um novo concurso Prefeitura de Salvador \u2013 BA para \u00e1rea da sa\u00fade. Saiba mais! De acordo com o prefeito, ser\u00e3o oferecidas 229 vagas com sal\u00e1rios iniciais que ir\u00e3o variar de R$3.158,87 a R$12.481,41. As oportunidades s\u00e3o para as seguintes carreiras: [&hellip;]<\/p>\n","protected":false},"author":54679,"featured_media":171635,"comment_status":"closed","ping_status":"closed","sticky":false,"template":"","format":"standard","meta":{"_acf_changed":false,"footnotes":"","_wp_rev_ctl_limit":""},"categories":[228],"tags":[],"class_list":["post-171624","post","type-post","status-publish","format-standard","has-post-thumbnail","hentry","category-noticias"],"acf":[],"_links":{"self":[{"href":"https:\/\/www.novaconcursos.com.br\/portal\/wp-json\/wp\/v2\/posts\/171624","targetHints":{"allow":["GET"]}}],"collection":[{"href":"https:\/\/www.novaconcursos.com.br\/portal\/wp-json\/wp\/v2\/posts"}],"about":[{"href":"https:\/\/www.novaconcursos.com.br\/portal\/wp-json\/wp\/v2\/types\/post"}],"author":[{"embeddable":true,"href":"https:\/\/www.novaconcursos.com.br\/portal\/wp-json\/wp\/v2\/users\/54679"}],"replies":[{"embeddable":true,"href":"https:\/\/www.novaconcursos.com.br\/portal\/wp-json\/wp\/v2\/comments?post=171624"}],"version-history":[{"count":8,"href":"https:\/\/www.novaconcursos.com.br\/portal\/wp-json\/wp\/v2\/posts\/171624\/revisions"}],"predecessor-version":[{"id":171643,"href":"https:\/\/www.novaconcursos.com.br\/portal\/wp-json\/wp\/v2\/posts\/171624\/revisions\/171643"}],"wp:featuredmedia":[{"embeddable":true,"href":"https:\/\/www.novaconcursos.com.br\/portal\/wp-json\/wp\/v2\/media\/171635"}],"wp:attachment":[{"href":"https:\/\/www.novaconcursos.com.br\/portal\/wp-json\/wp\/v2\/media?parent=171624"}],"wp:term":[{"taxonomy":"category","embeddable":true,"href":"https:\/\/www.novaconcursos.com.br\/portal\/wp-json\/wp\/v2\/categories?post=171624"},{"taxonomy":"post_tag","embeddable":true,"href":"https:\/\/www.novaconcursos.com.br\/portal\/wp-json\/wp\/v2\/tags?post=171624"}],"curies":[{"name":"wp","href":"https:\/\/api.w.org\/{rel}","templated":true}]}}