{"id":171690,"date":"2022-09-13T13:35:33","date_gmt":"2022-09-13T16:35:33","guid":{"rendered":"https:\/\/www.novaconcursos.com.br\/portal\/?p=171690"},"modified":"2022-09-13T13:35:38","modified_gmt":"2022-09-13T16:35:38","slug":"concurso-agu-criterios-advogado-procurador-alterados","status":"publish","type":"post","link":"https:\/\/www.novaconcursos.com.br\/portal\/noticias\/concurso-agu-criterios-advogado-procurador-alterados\/","title":{"rendered":"Concurso AGU: Crit\u00e9rios para Advogado e Procurador s\u00e3o alterados!"},"content":{"rendered":"<p>Aten\u00e7\u00e3o concurseiros! Na \u00faltima quinta-feira, 8 de setembro, foi publicado no Di\u00e1rio Oficial da Uni\u00e3o a resolu\u00e7\u00e3o 7, de 5 de setembro, que altera os crit\u00e9rios para realiza\u00e7\u00e3o do pr\u00f3ximo<a href=\"https:\/\/www.novaconcursos.com.br\/portal\/concursos\/concurso-agu\/\"> concurso AGU <\/a>para as carreiras de <strong>Advogado e Procurador<\/strong>. Veja!<\/p>\n\n\n\n<p> O novo documento <strong>altera a resolu\u00e7\u00e3o 11 da\u00a0AGU<\/strong>, de outubro de 2021, que trata da pontua\u00e7\u00e3o obtida nos t\u00edtulos. De acordo com o novo documento, tamb\u00e9m passa a ser considerado: <\/p>\n\n\n\n<blockquote class=\"wp-block-quote is-layout-flow wp-block-quote-is-layout-flow\"><p><em> II \u2013 o cumprimento de ao menos 1 (um) ano de est\u00e1gio de p\u00f3s-gradua\u00e7\u00e3o em Direito que atenda aos crit\u00e9rios definidos pelo edital, bem como daquele desempenhado no \u00e2mbito dos \u00f3rg\u00e3os da Advocacia-Geral da Uni\u00e3o.\u201d\u00a0 <\/em><\/p><\/blockquote>\n\n\n\n<p><\/p>\n\n\n\n<p>Al\u00e9m disso, o <strong>artigo 27<\/strong> da resolu\u00e7\u00e3o tamb\u00e9m foi alterado. Anteriormente, o texto era da seguinte forma:<\/p>\n\n\n\n<blockquote class=\"wp-block-quote is-layout-flow wp-block-quote-is-layout-flow\"><p><em>IV \u2013 a efetiva participa\u00e7\u00e3o no programa de est\u00e1gio em p\u00f3s-gradua\u00e7\u00e3o em Direito nos \u00f3rg\u00e3os da Advocacia-Geral da Uni\u00e3o.<\/em><\/p><\/blockquote>\n\n\n\n<p><\/p>\n\n\n\n<p>No entanto, atualmente o texto ser\u00e1 o seguinte:<\/p>\n\n\n\n<blockquote class=\"wp-block-quote is-layout-flow wp-block-quote-is-layout-flow\"><p><em>IV \u2013 a efetiva participa\u00e7\u00e3o em programas de est\u00e1gio de p\u00f3s-gradua\u00e7\u00e3o em Direito que atenda aos crit\u00e9rios definidos pelo edital, bem como naquele desempenhado no \u00e2mbito dos \u00f3rg\u00e3os da Advocacia-Geral da Uni\u00e3o.<\/em><\/p><\/blockquote>\n\n\n\n<p><\/p>\n\n\n\n<ul class=\"wp-block-list\"><li><strong>Confira:<\/strong> <a href=\"https:\/\/www.novaconcursos.com.br\/livro\/resumos-concurso-publico-informatica?q=informatica\">Inform\u00e1tica para Concursos<\/a><\/li><\/ul><p><\/p>\n\n\n\n<p>Estude para o concurso dos seus sonhos com o <strong>M\u00e9todo<\/strong> que j\u00e1 ajudou na <strong>aprova\u00e7\u00e3o de mais de 70 mil alunos!<\/strong> <a rel=\"noreferrer noopener\" aria-label=\"Clique aqui (abre numa nova aba)\" href=\"https:\/\/aprovacao.novaconcursos.com.br\/assinatura\" target=\"_blank\">Clique aqui<\/a> e saiba mais!<\/p>\n\n\n\n<h2 class=\"wp-block-heading\" id=\"concurso-agu-vagas-solicitadas\">Concurso AGU: Vagas solicitadas<\/h2>\n\n\n\n<p>Aguardando o\u00a0<strong>aval do Minist\u00e9rio da Economia<\/strong>, o\u00a0concurso\u00a0AGU foi solicitado para preenchimento de\u00a0<strong>300 vagas<\/strong>, sendo 100 para Advogado da Uni\u00e3o, 100 para Procurador da Fazenda Nacional e 100 para Procurador Federal.\u00a0<\/p>\n\n\n\n<blockquote class=\"wp-block-quote is-layout-flow wp-block-quote-is-layout-flow\"><p><em>\u201cRessalte-se, todavia, que o tema ainda est\u00e1 sob an\u00e1lise no \u00e2mbito do Minist\u00e9rio da Economia\u201d<\/em>, destacou o Conselho.<\/p><\/blockquote>\n\n\n\n<p><\/p>\n\n\n\n<p>No entanto, at\u00e9 o momento, apenas a carreira de advogado j\u00e1 contou com aval. <\/p>\n\n\n\n<p>Para participar da sele\u00e7\u00e3o ser\u00e1 necess\u00e1rio\u00a0<strong>n\u00edvel superior em Direito\u00a0<\/strong>e\u00a0inscri\u00e7\u00e3o na Ordem dos Advogados do Brasil (OAB), al\u00e9m de comprova\u00e7\u00e3o de, no m\u00ednimo, dois anos de experi\u00eancia, que agora podem ser considerados antes da obten\u00e7\u00e3o do grau de bacharel em direito.  <\/p>\n\n\n\n<p>Vale lembrar que os sal\u00e1rios iniciais s\u00e3o de\u00a0<strong>R$ 21.472,49,<\/strong>\u00a0j\u00e1 considerando os R$ 458 de aux\u00edlio-alimenta\u00e7\u00e3o.<\/p>\n\n\n\n<figure class=\"wp-block-image size-large\"><a href=\"https:\/\/aprovacao.novaconcursos.com.br\/assinatura\" target=\"_blank\" rel=\"noreferrer noopener\"><img decoding=\"async\" src=\"https:\/\/www.novaconcursos.com.br\/portal\/wp-content\/uploads\/2022\/01\/Faixa-Frete-Gr%E2%80%A0tis-portal.png\" alt=\"assinatura completa\" class=\"wp-image-153078\" loading=\"lazy\" title=\"\"><\/a><figcaption><\/figcaption><\/figure>","protected":false},"excerpt":{"rendered":"<p>Aten\u00e7\u00e3o concurseiros! Na \u00faltima quinta-feira, 8 de setembro, foi publicado no Di\u00e1rio Oficial da Uni\u00e3o a resolu\u00e7\u00e3o 7, de 5 de setembro, que altera os crit\u00e9rios para realiza\u00e7\u00e3o do pr\u00f3ximo concurso AGU para as carreiras de Advogado e Procurador. Veja! O novo documento altera a resolu\u00e7\u00e3o 11 da\u00a0AGU, de outubro de 2021, que trata da [&hellip;]<\/p>\n","protected":false},"author":54679,"featured_media":161299,"comment_status":"closed","ping_status":"closed","sticky":false,"template":"","format":"standard","meta":{"_acf_changed":false,"footnotes":"","_wp_rev_ctl_limit":""},"categories":[228],"tags":[],"class_list":["post-171690","post","type-post","status-publish","format-standard","has-post-thumbnail","hentry","category-noticias"],"acf":[],"_links":{"self":[{"href":"https:\/\/www.novaconcursos.com.br\/portal\/wp-json\/wp\/v2\/posts\/171690","targetHints":{"allow":["GET"]}}],"collection":[{"href":"https:\/\/www.novaconcursos.com.br\/portal\/wp-json\/wp\/v2\/posts"}],"about":[{"href":"https:\/\/www.novaconcursos.com.br\/portal\/wp-json\/wp\/v2\/types\/post"}],"author":[{"embeddable":true,"href":"https:\/\/www.novaconcursos.com.br\/portal\/wp-json\/wp\/v2\/users\/54679"}],"replies":[{"embeddable":true,"href":"https:\/\/www.novaconcursos.com.br\/portal\/wp-json\/wp\/v2\/comments?post=171690"}],"version-history":[{"count":7,"href":"https:\/\/www.novaconcursos.com.br\/portal\/wp-json\/wp\/v2\/posts\/171690\/revisions"}],"predecessor-version":[{"id":171700,"href":"https:\/\/www.novaconcursos.com.br\/portal\/wp-json\/wp\/v2\/posts\/171690\/revisions\/171700"}],"wp:featuredmedia":[{"embeddable":true,"href":"https:\/\/www.novaconcursos.com.br\/portal\/wp-json\/wp\/v2\/media\/161299"}],"wp:attachment":[{"href":"https:\/\/www.novaconcursos.com.br\/portal\/wp-json\/wp\/v2\/media?parent=171690"}],"wp:term":[{"taxonomy":"category","embeddable":true,"href":"https:\/\/www.novaconcursos.com.br\/portal\/wp-json\/wp\/v2\/categories?post=171690"},{"taxonomy":"post_tag","embeddable":true,"href":"https:\/\/www.novaconcursos.com.br\/portal\/wp-json\/wp\/v2\/tags?post=171690"}],"curies":[{"name":"wp","href":"https:\/\/api.w.org\/{rel}","templated":true}]}}