{"id":171904,"date":"2022-09-16T09:01:40","date_gmt":"2022-09-16T12:01:40","guid":{"rendered":"https:\/\/www.novaconcursos.com.br\/portal\/?p=171904"},"modified":"2025-12-03T13:46:52","modified_gmt":"2025-12-03T16:46:52","slug":"o-que-estudar-em-regime-juridico-unico-para-o-concurso-inss","status":"publish","type":"post","link":"https:\/\/www.novaconcursos.com.br\/portal\/artigos\/o-que-estudar-em-regime-juridico-unico-para-o-concurso-inss\/","title":{"rendered":"O que estudar em Regime Jur\u00eddico \u00danico para o concurso INSS?"},"content":{"rendered":"<p> Aten\u00e7\u00e3o concurseiros! Foi publicado o edital do<a href=\"https:\/\/www.novaconcursos.com.br\/portal\/concursos\/concurso-inss\/\">\u00a0concurso INSS<\/a>\u00a0com oferta de\u00a0<strong>1.000 vagas<\/strong>\u00a0para a carreira de T\u00e9cnico de Seguro Social, exig\u00eancia de\u00a0<strong>n\u00edvel m\u00e9dio<\/strong>, com sal\u00e1rios de at\u00e9\u00a0<strong>R$ 5.905,79!\u00a0<\/strong>Saiba mais! <\/p>\n\n\n\n<p>Para se inscrever \u00e9 necess\u00e1rio acessar o site do\u00a0Cebraspe, banca organizadora no per\u00edodo de\u00a0<strong>16 de setembro at\u00e9 3 de outubro de 2022.<\/strong><\/p>\n\n\n\n<p>Al\u00e9m disso, ser\u00e1 necess\u00e1rio efetuar o pagamento da\u00a0<strong>taxa de inscri\u00e7\u00e3o<\/strong>\u00a0no valor de\u00a0<strong>R$ 80,00\u00a0<\/strong>para que a candidatura seja homologada.<\/p>\n\n\n\n<p>As provas ser\u00e3o aplicadas no dia<strong> 27 de novembro de 2022.<\/strong><\/p>\n\n\n\n<p>Dessa forma, \u00e9 essencial se preparar para garantir um bom desempenho nas provas. Neste artigo separamos os pontos mais importantes da mat\u00e9ria de <strong>Regime Jur\u00eddico \u00danico. <\/strong><\/p>\n\n\n\n<h2 class=\"wp-block-heading\" id=\"o-que-estudar-em-regime-jurdico-nico\">O que estudar em Regime Jur\u00eddico \u00danico?<\/h2>\n\n\n\n<p>Regime Jur\u00eddico \u00danico \u00e9 a Lei 8.112\/1990 de todos o <strong>Servidores P\u00fablicos Civis da Esfera da Uni\u00e3o<\/strong> e das funda\u00e7\u00f5es p\u00fablicas federais.<\/p>\n\n\n\n<p>De acordo com a lei, os <strong>requisitos m\u00ednimos<\/strong> para participar de um concurso p\u00fablico, s\u00e3o:<\/p>\n\n\n\n<ul class=\"wp-block-list\"><li>Nacionalidade brasileira;<\/li>\n\n\n\n<li>Gozo dos direitos pol\u00edticos;<\/li>\n\n\n\n<li>Quita\u00e7\u00e3o com obriga\u00e7\u00f5es militares e eleitorais;<\/li>\n\n\n\n<li>N\u00edvel de escolaridade exigido para exerc\u00edcio do cargo;<\/li>\n\n\n\n<li>Idade m\u00ednima de dezoito anos;<\/li>\n\n\n\n<li>Aptid\u00e3o f\u00edsica e mental.<\/li>\n<\/ul><p><\/p>\n\n\n\n<p>Al\u00e9m disso, vale destacar que conforme a lei, 20% das vagas em concursos s\u00e3o destinadas a pessoas com defici\u00eancia.<\/p>\n\n\n\n<p>Confira os artigos mais <strong>importantes <\/strong>da Lei 8.112\/1990 que podem ser cobrados em sua prova:<\/p>\n\n\n\n<p>Art. 7\u00ba A investidura em cargo p\u00fablico ocorrer\u00e1 com a posse.<\/p>\n\n\n\n<p>Assim, n\u00e3o basta ser aprovado no concurso, \u00e9 necess\u00e1rio ser empossado. S\u00e3o formas de provimento de cargo p\u00fablico:<\/p>\n\n\n\n<ul class=\"wp-block-list\"><li>Nomea\u00e7\u00e3o;<\/li>\n\n\n\n<li>Promo\u00e7\u00e3o;<\/li>\n\n\n\n<li>Readapta\u00e7\u00e3o;<\/li>\n\n\n\n<li>Revers\u00e3o;<\/li>\n\n\n\n<li>Aproveitamento;<\/li>\n\n\n\n<li>Reintegra\u00e7\u00e3o;<\/li>\n\n\n\n<li>Recondu\u00e7\u00e3o.<\/li>\n<\/ul><p><\/p>\n\n\n\n<h2 class=\"wp-block-heading\" id=\"\"><\/h2>\n\n\n\n<p>Art. 11. O concurso ser\u00e1 de <strong>provas ou provas e t\u00edtulos,<\/strong> podendo ser realizado em duas etapas conforme dispuseram a lei e o regulamento do respectivo plano de carreira, condicionada a inscri\u00e7\u00e3o do candidato ao pagamento do valor fixado ao edital.<\/p>\n\n\n\n<p>Art. 12. O concurso p\u00fablico ter\u00e1 validade de <strong>at\u00e9 2 anos<\/strong>, podendo ser prorrogado uma \u00fanica vez, por igual per\u00edodo.<\/p>\n\n\n\n<p>Art. 13. A posse dar-se-\u00e1 pela <strong>assinatura do respectivo termo<\/strong>, no qual dever\u00e3o constar as atribui\u00e7\u00f5es, deveres e direitos inerentes ao cargo ocupado, que <strong>n\u00e3o poder\u00e3o ser alterados <\/strong>unilateralmente, por qualquer das partes.<\/p>\n\n\n\n<p>Art. 16. O in\u00edcio, a suspens\u00e3o, a interrup\u00e7\u00e3o e o reinicio do exerc\u00edcio ser\u00e3o registrados no assentamento individual do servidor.<\/p>\n\n\n\n<p>Art. 20. Ao entrar em exerc\u00edcio, o servidor nomeado para o cargo de provimento efetivo ficar\u00e1 sujeito a<strong> est\u00e1gio probat\u00f3rio<\/strong> por per\u00edodo de <strong>24 meses,<\/strong> durante o qual sua aptid\u00e3o e capacidade ser\u00e3o objeto de avalia\u00e7\u00e3o.<\/p>\n\n\n\n<p>Art. 21. O servidor habilitado em concurso p\u00fablico e empossado em cargo de provimento efetivo adquirir\u00e1 estabilidade no servi\u00e7o p\u00fablico ao completar dois anos de efetivo exerc\u00edcio.<\/p>\n\n\n\n<p>Art. 22. O servidor est\u00e1vel s\u00f3 perder\u00e1 o cargo em virtude de senten\u00e7a judicial transitada em julgado ou de processo administrativo disciplinar no qual lhe seja assegurada ampla defesa.<\/p>\n\n\n\n<p><\/p>","protected":false},"excerpt":{"rendered":"<p>Aten\u00e7\u00e3o concurseiros! Foi publicado o edital do\u00a0concurso INSS\u00a0com oferta de\u00a01.000 vagas\u00a0para a carreira de T\u00e9cnico de Seguro Social, exig\u00eancia de\u00a0n\u00edvel m\u00e9dio, com sal\u00e1rios de at\u00e9\u00a0R$ 5.905,79!\u00a0Saiba mais! Para se inscrever \u00e9 necess\u00e1rio acessar o site do\u00a0Cebraspe, banca organizadora no per\u00edodo de\u00a016 de setembro at\u00e9 3 de outubro de 2022. Al\u00e9m disso, ser\u00e1 necess\u00e1rio efetuar o [&hellip;]<\/p>\n","protected":false},"author":54679,"featured_media":155656,"comment_status":"closed","ping_status":"closed","sticky":false,"template":"","format":"standard","meta":{"_acf_changed":false,"footnotes":"","_wp_rev_ctl_limit":""},"categories":[33508],"tags":[],"class_list":["post-171904","post","type-post","status-publish","format-standard","has-post-thumbnail","hentry","category-artigos"],"acf":[],"_links":{"self":[{"href":"https:\/\/www.novaconcursos.com.br\/portal\/wp-json\/wp\/v2\/posts\/171904","targetHints":{"allow":["GET"]}}],"collection":[{"href":"https:\/\/www.novaconcursos.com.br\/portal\/wp-json\/wp\/v2\/posts"}],"about":[{"href":"https:\/\/www.novaconcursos.com.br\/portal\/wp-json\/wp\/v2\/types\/post"}],"author":[{"embeddable":true,"href":"https:\/\/www.novaconcursos.com.br\/portal\/wp-json\/wp\/v2\/users\/54679"}],"replies":[{"embeddable":true,"href":"https:\/\/www.novaconcursos.com.br\/portal\/wp-json\/wp\/v2\/comments?post=171904"}],"version-history":[{"count":13,"href":"https:\/\/www.novaconcursos.com.br\/portal\/wp-json\/wp\/v2\/posts\/171904\/revisions"}],"predecessor-version":[{"id":298412,"href":"https:\/\/www.novaconcursos.com.br\/portal\/wp-json\/wp\/v2\/posts\/171904\/revisions\/298412"}],"wp:featuredmedia":[{"embeddable":true,"href":"https:\/\/www.novaconcursos.com.br\/portal\/wp-json\/wp\/v2\/media\/155656"}],"wp:attachment":[{"href":"https:\/\/www.novaconcursos.com.br\/portal\/wp-json\/wp\/v2\/media?parent=171904"}],"wp:term":[{"taxonomy":"category","embeddable":true,"href":"https:\/\/www.novaconcursos.com.br\/portal\/wp-json\/wp\/v2\/categories?post=171904"},{"taxonomy":"post_tag","embeddable":true,"href":"https:\/\/www.novaconcursos.com.br\/portal\/wp-json\/wp\/v2\/tags?post=171904"}],"curies":[{"name":"wp","href":"https:\/\/api.w.org\/{rel}","templated":true}]}}