{"id":172021,"date":"2022-09-16T10:44:32","date_gmt":"2022-09-16T13:44:32","guid":{"rendered":"https:\/\/www.novaconcursos.com.br\/portal\/?p=172021"},"modified":"2025-12-03T14:15:42","modified_gmt":"2025-12-03T17:15:42","slug":"concurso-inss-2022-perguntas-respostas-tire-todas-duvidas","status":"publish","type":"post","link":"https:\/\/www.novaconcursos.com.br\/portal\/noticias\/concurso-inss-2022-perguntas-respostas-tire-todas-duvidas\/","title":{"rendered":"Concurso INSS 2022: Perguntas e respostas! Tire todas as d\u00favidas!"},"content":{"rendered":"<p>Aten\u00e7\u00e3o concurseiros! Foi publicado o edital do\u00a0<a href=\"https:\/\/www.novaconcursos.com.br\/portal\/concursos\/concurso-inss\/\">concurso INSS<\/a>\u00a0com oferta de\u00a0<strong>1.000 vagas<\/strong>\u00a0para a carreira de T\u00e9cnico de Seguro Social, exig\u00eancia de\u00a0<strong>n\u00edvel m\u00e9dio<\/strong>, com sal\u00e1rios de at\u00e9\u00a0<strong>R$ 5.905,79!\u00a0<\/strong><\/p>\n\n\n\n<h2 class=\"wp-block-heading\" id=\"quantas-vagas-sero-oferecidas\">Quantas vagas ser\u00e3o oferecidas?<\/h2>\n\n\n\n<p>Ao todo, ser\u00e3o oferecidas <strong>1.000 vagas<\/strong>\u00a0para a carreira de T\u00e9cnico de Seguro Social, al\u00e9m de 2.500 oportunidades em cadastro reserva, exig\u00eancia de\u00a0<strong>n\u00edvel m\u00e9dio<\/strong>. <\/p>\n\n\n\n<h2 class=\"wp-block-heading\" id=\"qual-o-salrio-de-um-tcnico-do-inss\">Qual o sal\u00e1rio de um T\u00e9cnico do INSS?<\/h2>\n\n\n\n<p>Os aprovados ser\u00e3o remunerados com sal\u00e1rios iniciais de<strong>\u00a0R$5.905,79<\/strong>, para jornada de 40 horas semanais. Veja a distribui\u00e7\u00e3o do valor:<\/p>\n\n\n\n<ul class=\"wp-block-list\"><li>Vencimento b\u00e1sico:\u00a0<strong>R$ 712,61<\/strong>;<\/li>\n\n\n\n<li>Gratifica\u00e7\u00e3o de Atividade Executiva (GAE):\u00a0<strong>R$ 1.140,18<\/strong>;<\/li>\n\n\n\n<li>Gratifica\u00e7\u00e3o de Atividade de Desempenho de Atividade do Seguro Social (GDASS):\u00a0<strong>R$ 3.595,00<\/strong>;<\/li>\n\n\n\n<li>Aux\u00edlio-alimenta\u00e7\u00e3o no valor de\u00a0<strong>R$ 458,00<\/strong>.<\/li>\n<\/ul><h2 class=\"wp-block-heading\" id=\"como-se-inscrever\">Como se inscrever?<\/h2>\n\n\n\n<p>Para se inscrever \u00e9 necess\u00e1rio acessar o site do\u00a0<a rel=\"noreferrer noopener\" href=\"https:\/\/www.cebraspe.org.br\/concursos\/\" target=\"_blank\">Cebraspe<\/a>, banca organizadora no per\u00edodo de\u00a0<strong>16 de setembro at\u00e9 3 de outubro de 2022.<\/strong><\/p>\n\n\n\n<p>Al\u00e9m disso, ser\u00e1 necess\u00e1rio efetuar o pagamento da\u00a0<strong>taxa de inscri\u00e7\u00e3o<\/strong>\u00a0no valor de\u00a0<strong>R$ 80,00\u00a0<\/strong>para que a candidatura seja homologada.<\/p>\n\n\n\n<p>No entanto, os inscritos no\u00a0Cadastro \u00danico para Programas Sociais do Governo Federal (Cad\u00danico) e doadores de medula \u00f3ssea poder\u00e3o solicitar a<strong>\u00a0isen\u00e7\u00e3o da taxa<\/strong>\u00a0de inscri\u00e7\u00e3o, durante todo o per\u00edodo de inscri\u00e7\u00f5es, tamb\u00e9m no site da banca.<\/p>\n\n\n\n<h2 class=\"wp-block-heading\" id=\"fui-aprovado-onde-vou-trabalhar\">Fui aprovado, onde vou trabalhar?<\/h2>\n\n\n\n<p> As vagas est\u00e3o distribu\u00eddas por 97 regi\u00f5es. Os convocados poder\u00e3o ser lotados em qualquer ag\u00eancia pertencente \u00e0 <strong>ger\u00eancia executiva<\/strong> do INSS \u00e0 qual optou por concorrer. Veja!<\/p>\n\n\n\n<figure class=\"wp-block-image size-large\"><img decoding=\"async\" width=\"985\" height=\"645\" src=\"https:\/\/www.novaconcursos.com.br\/portal\/wp-content\/uploads\/2022\/07\/gerencias-executivas-inss-2.png\" alt=\"\" class=\"wp-image-166319\" loading=\"lazy\" title=\"\" srcset=\"https:\/\/www.novaconcursos.com.br\/portal\/wp-content\/uploads\/2022\/07\/gerencias-executivas-inss-2-300x196.png 300w, https:\/\/www.novaconcursos.com.br\/portal\/wp-content\/uploads\/2022\/07\/gerencias-executivas-inss-2.png 985w\" sizes=\"auto, (max-width: 480px) 100vw, (max-width: 768px) 100vw, (max-width: 1200px) 70vw, 768px\"><figcaption><\/figcaption><\/figure><h2 class=\"wp-block-heading\" id=\"quais-as-atribuies-de-um-tcnico-do-concurso-inss\">Quais as atribui\u00e7\u00f5es de um T\u00e9cnico do concurso INSS?<\/h2>\n\n\n\n<p>Em s\u00edntese, a principal fun\u00e7\u00e3o da carreira \u00e9\u00a0<strong>atuar diretamente com o p\u00fablico nas ag\u00eancias<\/strong>, fazendo atendimento, revis\u00e3o dos pedidos inscritos na previd\u00eancia social, desenvolvendo pesquisas, coletando informa\u00e7\u00f5es para a plena execu\u00e7\u00e3o das atividades, dentre outros.<\/p>\n\n\n\n<p>Al\u00e9m disso, o servidor tamb\u00e9m ir\u00e1 atuar na \u00e1rea de\u00a0<strong>An\u00e1lise de Reconhecimento de Direitos (RGPS).\u00a0<\/strong><\/p>\n\n\n\n<h2 class=\"wp-block-heading\" id=\"quais-os-requisitos-para-ser-um-tcnico-do-inss\">Quais os requisitos para ser um T\u00e9cnico do INSS?<\/h2>\n\n\n\n<ul class=\"wp-block-list\"><li>Ser aprovado no concurso p\u00fablico.<\/li>\n\n\n\n<li>Ter a nacionalidade brasileira ou portuguesa e, no caso de nacionalidade portuguesa, estar amparado pelo Estatuto de Igualdade entre Brasileiros e Portugueses, com reconhecimento do gozo dos direitos pol\u00edticos, nos termos do \u00a7 1\u00ba do art. 12 da Constitui\u00e7\u00e3o Federal.<\/li>\n\n\n\n<li>Estar em gozo dos direitos pol\u00edticos; quite com as obriga\u00e7\u00f5es militares, em caso de candidato do sexo masculino, bem como, com as obriga\u00e7\u00f5es eleitorais.<\/li>\n\n\n\n<li>Possuir os requisitos exigidos para o exerc\u00edcio do cargo, conforme o item 2 deste edital.<\/li>\n\n\n\n<li>Ter idade m\u00ednima de 18 anos completos na data da posse.<\/li>\n\n\n\n<li>Ter aptid\u00e3o f\u00edsica e mental para o exerc\u00edcio das atribui\u00e7\u00f5es do cargo.<\/li>\n\n\n\n<li>O candidato dever\u00e1 declarar, na solicita\u00e7\u00e3o de inscri\u00e7\u00e3o, que tem ci\u00eancia e aceita que, caso aprovado, dever\u00e1 entregar os documentos comprobat\u00f3rios dos requisitos exigidos para o cargo por ocasi\u00e3o da posse.<\/li>\n\n\n\n<li>Cumprir as determina\u00e7\u00f5es deste edital.<\/li>\n<\/ul><p><\/p>\n\n\n\n<h2 class=\"wp-block-heading\" id=\"o-que-vai-cair-na-prova\">O que vai cair na prova?<\/h2>\n\n\n\n<p> Assim, a prova objetiva ser\u00e1 aplicada no dia\u00a0<strong>27 de novembro de 2022<\/strong>\u00a0e ser\u00e1 composta de\u00a0<strong>120 quest\u00f5es\u00a0<\/strong>dos seguintes conhecimentos: <\/p>\n\n\n\n<ul class=\"wp-block-list\"><li><strong>Conhecimentos b\u00e1sicos: 50 quest\u00f5es<\/strong>\n<ul class=\"wp-block-list\"><li>L\u00edngua Portuguesa;<\/li>\n\n\n\n<li>\u00c9tica no Servi\u00e7o P\u00fablico;<\/li>\n\n\n\n<li>No\u00e7\u00f5es de Direito\n<ul class=\"wp-block-list\"><li>Constitucional;<\/li>\n\n\n\n<li>Administrativo;<\/li>\n<\/ul><\/li>\n\n\n\n<li>No\u00e7\u00f5es de Inform\u00e1tica;<\/li>\n\n\n\n<li>Racioc\u00ednio L\u00f3gico-Matem\u00e1tico.<\/li>\n<\/ul><\/li>\n<\/ul><p><\/p>\n\n\n\n<ul class=\"wp-block-list\"><li><strong>Conhecimentos espec\u00edficos: 70 quest\u00f5es<\/strong><ul><li>Seguridade Social;<\/li><li>Legisla\u00e7\u00e3o Previdenci\u00e1ria;<\/li><li>Regime Geral de Previd\u00eancia Social;<\/li><li>Empresa e Empregador Dom\u00e9stico: Conceito Previdenci\u00e1rio;<\/li><li>Financiamento da Seguridade Social;<\/li><li>Decad\u00eancia e Prescri\u00e7\u00e3o;<\/li><li>Crimes Contra a Seguridade Social;<\/li><li>Recurso das Decis\u00f5es Administrativas;<\/li><li>Plano de Benef\u00edcios da Previd\u00eancia Social;<\/li><li>Manuten\u00e7\u00e3o, Perda e Restabelecimento da Qualidade de Segurado;<\/li><\/ul><ul><li>Servi\u00e7os Previdenci\u00e1rios;<\/li><li>Benef\u00edcios Decorrentes de Legisla\u00e7\u00f5es Especiais;<\/li><li>Seguro Desemprego Pescador Artesanal;<\/li><li>Lei Org\u00e2nica da Assist\u00eancia Social;<\/li><li>Regimes Pr\u00f3prios de Previd\u00eancia Social;<\/li><li>Emenda Constitucional n\u00ba 103\/2019;<\/li><li>Lei Complementar n\u00ba 142\/2013;<\/li><li>Lei n\u00ba 8.212\/1991 e suas Altera\u00e7\u00f5es;<\/li><\/ul><ul class=\"wp-block-list\"><li>Decreto n\u00ba 3.048\/1999 e suas Altera\u00e7\u00f5es;<\/li>\n\n\n\n<li>Instru\u00e7\u00e3o Normativa PRES\/INSS n\u00ba 128\/2022;<\/li>\n\n\n\n<li>O Servidor P\u00fablico como Agente de Desenvolvimento Social;<\/li>\n\n\n\n<li>Sa\u00fade e Qualidade de Vida no Servi\u00e7o P\u00fablico.<\/li>\n<\/ul><\/li>\n<\/ul>","protected":false},"excerpt":{"rendered":"<p>Aten\u00e7\u00e3o concurseiros! Foi publicado o edital do\u00a0concurso INSS\u00a0com oferta de\u00a01.000 vagas\u00a0para a carreira de T\u00e9cnico de Seguro Social, exig\u00eancia de\u00a0n\u00edvel m\u00e9dio, com sal\u00e1rios de at\u00e9\u00a0R$ 5.905,79!\u00a0 Quantas vagas ser\u00e3o oferecidas? Ao todo, ser\u00e3o oferecidas 1.000 vagas\u00a0para a carreira de T\u00e9cnico de Seguro Social, al\u00e9m de 2.500 oportunidades em cadastro reserva, exig\u00eancia de\u00a0n\u00edvel m\u00e9dio. Qual o [&hellip;]<\/p>\n","protected":false},"author":54679,"featured_media":155656,"comment_status":"closed","ping_status":"closed","sticky":false,"template":"","format":"standard","meta":{"_acf_changed":false,"footnotes":"","_wp_rev_ctl_limit":""},"categories":[228],"tags":[],"class_list":["post-172021","post","type-post","status-publish","format-standard","has-post-thumbnail","hentry","category-noticias"],"acf":[],"_links":{"self":[{"href":"https:\/\/www.novaconcursos.com.br\/portal\/wp-json\/wp\/v2\/posts\/172021","targetHints":{"allow":["GET"]}}],"collection":[{"href":"https:\/\/www.novaconcursos.com.br\/portal\/wp-json\/wp\/v2\/posts"}],"about":[{"href":"https:\/\/www.novaconcursos.com.br\/portal\/wp-json\/wp\/v2\/types\/post"}],"author":[{"embeddable":true,"href":"https:\/\/www.novaconcursos.com.br\/portal\/wp-json\/wp\/v2\/users\/54679"}],"replies":[{"embeddable":true,"href":"https:\/\/www.novaconcursos.com.br\/portal\/wp-json\/wp\/v2\/comments?post=172021"}],"version-history":[{"count":16,"href":"https:\/\/www.novaconcursos.com.br\/portal\/wp-json\/wp\/v2\/posts\/172021\/revisions"}],"predecessor-version":[{"id":298430,"href":"https:\/\/www.novaconcursos.com.br\/portal\/wp-json\/wp\/v2\/posts\/172021\/revisions\/298430"}],"wp:featuredmedia":[{"embeddable":true,"href":"https:\/\/www.novaconcursos.com.br\/portal\/wp-json\/wp\/v2\/media\/155656"}],"wp:attachment":[{"href":"https:\/\/www.novaconcursos.com.br\/portal\/wp-json\/wp\/v2\/media?parent=172021"}],"wp:term":[{"taxonomy":"category","embeddable":true,"href":"https:\/\/www.novaconcursos.com.br\/portal\/wp-json\/wp\/v2\/categories?post=172021"},{"taxonomy":"post_tag","embeddable":true,"href":"https:\/\/www.novaconcursos.com.br\/portal\/wp-json\/wp\/v2\/tags?post=172021"}],"curies":[{"name":"wp","href":"https:\/\/api.w.org\/{rel}","templated":true}]}}