{"id":172861,"date":"2022-09-23T11:28:27","date_gmt":"2022-09-23T14:28:27","guid":{"rendered":"https:\/\/www.novaconcursos.com.br\/portal\/?p=172861"},"modified":"2025-12-02T08:44:01","modified_gmt":"2025-12-02T11:44:01","slug":"concurso-cbmerj-edital-para-oficial-e-retificado","status":"publish","type":"post","link":"https:\/\/www.novaconcursos.com.br\/portal\/noticias\/concurso-cbmerj-edital-para-oficial-e-retificado\/","title":{"rendered":"Concurso CBMERJ: Edital para Oficial \u00e9 retificado!"},"content":{"rendered":"<p>Aten\u00e7\u00e3o para mudan\u00e7as, concurseiros! Com inscri\u00e7\u00f5es abertas, o edital do <a href=\"https:\/\/www.novaconcursos.com.br\/portal\/concursos\/bombeiros-rj-oficiais\/\">concurso CBMERJ<\/a>\u00a0sofreu retifica\u00e7\u00f5es. A oferta \u00e9 de\u00a0<strong>40 vagas<\/strong>\u00a0para a carreira de Oficial. A sele\u00e7\u00e3o tem iniciais de R$ 3 mil e n\u00e3o h\u00e1\u00a0<strong>limite de idade<\/strong>!<\/p>\n\n\n\n<ul class=\"wp-block-list\"><li><strong>Adquira:<\/strong>\u00a0<a href=\"https:\/\/www.novaconcursos.com.br\/curso-online\/curso-completo-cbme-rj-curso-de-formacao-de-oficiais-cfo\">Curso completo concurso CBMERJ<\/a><\/li>\n<\/ul><p><\/p>\n\n\n\n<p>Estude para o concurso dos seus sonhos com o\u00a0<strong>M\u00e9todo<\/strong>\u00a0que j\u00e1 ajudou na\u00a0<strong>aprova\u00e7\u00e3o de mais de 70 mil alunos.<\/strong>\u00a0<a rel=\"noreferrer noopener\" aria-label=\" (abre numa nova aba)\" href=\"https:\/\/aprovacao.novaconcursos.com.br\/assinatura\" target=\"_blank\">Clique aqui<\/a>\u00a0e saiba mais!<\/p>\n\n\n\n<h2 class=\"wp-block-heading\" id=\"concurso-cbmerj-o-que-mudou\">Concurso CBMERJ: o que mudou?<\/h2>\n\n\n\n<p>Portanto, o edital do Corpo de Bombeiros Militar do\u00a0<a href=\"https:\/\/www.novaconcursos.com.br\/portal\/concursos-previstos\/rj\/\">Estado do Rio de Janeiro<\/a>\u00a0sofreu algumas mudan\u00e7as nesta semana.<\/p>\n\n\n\n<p>Assim, a retifica\u00e7\u00e3o incluiu a\u00a0<strong>cota de 20% das vagas para candidatos negros e ind\u00edgenas<\/strong>.<\/p>\n\n\n\n<p>Sendo assim, ser\u00e3o <strong>8 oportunidades<\/strong> do total de vagas reservadas para o p\u00fablico alvo. Ademais, a cota de 10% para <strong>hipossuficientes <\/strong>permanece inalterada. <\/p>\n\n\n\n<p>Al\u00e9m disso, o<strong> total de vagas<\/strong> tamb\u00e9m n\u00e3o sofreu altera\u00e7\u00f5es. Portanto, agora a divis\u00e3o fica da seguinte maneira:<\/p>\n\n\n\n<ul class=\"wp-block-list\"><li>Ampla concorr\u00eancia: 28 vagas;<\/li>\n\n\n\n<li>Cota hipossufici\u00eancia: 4 vagas;<\/li>\n\n\n\n<li>Cota negros e ind\u00edgenas: 8 vagas.<\/li>\n<\/ul><p><\/p>\n\n\n\n<p>Al\u00e9m disso, vale destacar que esta sele\u00e7\u00e3o, diferentemente das outras, n\u00e3o conta com\u00a0<strong>divis\u00e3o\u00a0<\/strong>entre homens e mulheres.<\/p>\n\n\n\n<p>Tamb\u00e9m n\u00e3o h\u00e1\u00a0<strong>limite de idade<\/strong>\u00a0m\u00e1xima para inscri\u00e7\u00e3o, entretanto, \u00e9 preciso ter mais de 18 anos.<\/p>\n\n\n\n<p>Posteriormente, os aprovados ter\u00e3o sal\u00e1rios iniciais de\u00a0<strong>R$3.897,24<\/strong>, podendo ser\u00a0acrescido das gratifica\u00e7\u00f5es e adicionais.<\/p>\n\n\n\n<p><a href=\"https:\/\/www.novaconcursos.com.br\/portal\/artigos\/como-gabaritar-provas-banca-fgv-analise-completa\/\">Como gabaritar provas da banca FGV? An\u00e1lise completa!<\/a><\/p>\n\n\n\n<h2 class=\"wp-block-heading\" id=\"concurso-cbmerj-inscries-continuam-abertas-at-outubro\">Concurso CBMERJ: inscri\u00e7\u00f5es continuam abertas at\u00e9 outubro<\/h2>\n\n\n\n<p>Assim, os interessados ter\u00e3o at\u00e9 o dia\u00a0<strong>6 de outubro<\/strong>\u00a0para se inscreverem, por meio do\u00a0<a rel=\"noreferrer noopener\" href=\"https:\/\/conhecimento.fgv.br\/concursos\" target=\"_blank\">site da Funda\u00e7\u00e3o Get\u00falio Vargas (FGV)<\/a>,\u00a0<strong>banca\u00a0<\/strong>organizadora.<\/p>\n\n\n\n<p>Vale destacar ainda que ser\u00e1\u00a0preciso pagar uma taxa de<strong>\u00a0R$ 94,50,\u00a0<\/strong>at\u00e9 o dia 7 de outubro, um dia ap\u00f3s o encerramento dos cadastros.<\/p>\n\n\n\n<p>Al\u00e9m disso, n\u00e3o h\u00e1 mais prazo para solicitar a <strong>isen\u00e7\u00e3o <\/strong>da taxa, que ficou aberto entre 1 e 6 de setembro.<\/p>\n\n\n\n<p>Confira o edital do concurso, publicado no Di\u00e1rio Oficial,\u00a0<a rel=\"noreferrer noopener\" href=\"http:\/\/www.ioerj.com.br\/portal\/modules\/conteudoonline\/mostra_edicao.php?session=VWtWUk5FOVVTWHBTVlZsMFVrUkZNRTVwTURCTlJHUkRURlZLUTA5VlRYUk9WRVpEVWxWT1FsSkZWVEJPUkVFMFRWUlpNazFVVlhoUFZGRTBUbWM5UFE9PQ==\" target=\"_blank\">clicando aqui<\/a>\u00a0\u00a0(a partir da\u00a0<strong>p\u00e1gina 28<\/strong>).<\/p>\n\n\n\n<h2 class=\"wp-block-heading\" id=\"concurso-cbmerj-provas-sero-aplicadas-em-novembro\"><strong>Concurso CBMERJ: provas ser\u00e3o aplicadas em novembro<\/strong><\/h2>\n\n\n\n<p>Portanto, \u00e9 importante destacar que os inscritos ser\u00e3o avaliados por meio de\u00a0<strong>diversas etapas<\/strong>\u00a0de sele\u00e7\u00e3o. Assim, confira:<\/p>\n\n\n\n<ul class=\"wp-block-list\"><li><strong>Aplicada pela FGV<\/strong>\n<ul class=\"wp-block-list\"><li>prova objetiva<\/li>\n<\/ul><\/li>\n\n\n\n<li><strong>Aplicados pelo Corpo de Bombeiros<\/strong>\n<ul class=\"wp-block-list\"><li>Teste de Aptid\u00e3o F\u00edsica (TAF);<\/li>\n\n\n\n<li>Inspe\u00e7\u00e3o de Sa\u00fade; e<\/li>\n\n\n\n<li>Exame Documental.<\/li>\n<\/ul><\/li>\n<\/ul><p><\/p>\n\n\n\n<p>Todas as etapas ocorrer\u00e3o na cidade do Rio de Janeiro.\u00a0Ademais, a prova objetiva est\u00e1 marcada para o dia<strong> 27 de novembro<\/strong>.<\/p>\n\n\n\n<p>Assim, ela ser\u00e1 aplicada no turno da tarde, com o fechamento dos port\u00f5es \u00e0s 12h30. Ser\u00e3o\u00a0<strong>100 quest\u00f5es<\/strong>\u00a0sobre as seguintes disciplinas:<\/p>\n\n\n\n<ul class=\"wp-block-list\"><li>L\u00edngua Portuguesa (15 perguntas);<\/li>\n\n\n\n<li>Matem\u00e1tica (15);<\/li>\n\n\n\n<li>F\u00edsica (15);<\/li>\n\n\n\n<li>Qu\u00edmica (15);<\/li>\n\n\n\n<li>Biologia (10);<\/li>\n\n\n\n<li>Geografia (10);<\/li>\n\n\n\n<li>Hist\u00f3ria (10);<\/li>\n\n\n\n<li>L\u00edngua Estrangeira \u2013 Ingl\u00eas (05); e<\/li>\n\n\n\n<li>Sociologia (05).<\/li>\n<\/ul><p><\/p>\n\n\n\n<p>Al\u00e9m disso, para ser considerado\u00a0<strong>aprovado<\/strong>, \u00e9 preciso acertar, no m\u00ednimo, 50 quest\u00f5es do total da prova.<\/p>\n\n\n\n<p>Posteriormente, o Teste de Aptid\u00e3o F\u00edsica (TAF) est\u00e1 previsto para ocorrer nos dias<strong>\u00a03, 4, 9 e 10<\/strong>\u00a0de janeiro de 2023.<\/p>\n\n\n\n<figure class=\"wp-block-image size-large\"><a href=\"https:\/\/aprovacao.novaconcursos.com.br\/assinatura\" target=\"_blank\" rel=\"noreferrer noopener\"><img decoding=\"async\" src=\"https:\/\/www.novaconcursos.com.br\/portal\/wp-content\/uploads\/2022\/01\/Faixa-Frete-Gr%E2%80%A0tis-portal.png\" alt=\"assinatura completa\" class=\"wp-image-153078\" loading=\"lazy\" title=\"\"><\/a><figcaption><\/figcaption><\/figure>","protected":false},"excerpt":{"rendered":"<p>Aten\u00e7\u00e3o para mudan\u00e7as, concurseiros! Com inscri\u00e7\u00f5es abertas, o edital do concurso CBMERJ\u00a0sofreu retifica\u00e7\u00f5es. A oferta \u00e9 de\u00a040 vagas\u00a0para a carreira de Oficial. A sele\u00e7\u00e3o tem iniciais de R$ 3 mil e n\u00e3o h\u00e1\u00a0limite de idade! Estude para o concurso dos seus sonhos com o\u00a0M\u00e9todo\u00a0que j\u00e1 ajudou na\u00a0aprova\u00e7\u00e3o de mais de 70 mil alunos.\u00a0Clique aqui\u00a0e saiba [&hellip;]<\/p>\n","protected":false},"author":54671,"featured_media":156857,"comment_status":"closed","ping_status":"closed","sticky":false,"template":"","format":"standard","meta":{"_acf_changed":false,"footnotes":"","_wp_rev_ctl_limit":""},"categories":[228],"tags":[],"class_list":["post-172861","post","type-post","status-publish","format-standard","has-post-thumbnail","hentry","category-noticias"],"acf":[],"_links":{"self":[{"href":"https:\/\/www.novaconcursos.com.br\/portal\/wp-json\/wp\/v2\/posts\/172861","targetHints":{"allow":["GET"]}}],"collection":[{"href":"https:\/\/www.novaconcursos.com.br\/portal\/wp-json\/wp\/v2\/posts"}],"about":[{"href":"https:\/\/www.novaconcursos.com.br\/portal\/wp-json\/wp\/v2\/types\/post"}],"author":[{"embeddable":true,"href":"https:\/\/www.novaconcursos.com.br\/portal\/wp-json\/wp\/v2\/users\/54671"}],"replies":[{"embeddable":true,"href":"https:\/\/www.novaconcursos.com.br\/portal\/wp-json\/wp\/v2\/comments?post=172861"}],"version-history":[{"count":5,"href":"https:\/\/www.novaconcursos.com.br\/portal\/wp-json\/wp\/v2\/posts\/172861\/revisions"}],"predecessor-version":[{"id":298015,"href":"https:\/\/www.novaconcursos.com.br\/portal\/wp-json\/wp\/v2\/posts\/172861\/revisions\/298015"}],"wp:featuredmedia":[{"embeddable":true,"href":"https:\/\/www.novaconcursos.com.br\/portal\/wp-json\/wp\/v2\/media\/156857"}],"wp:attachment":[{"href":"https:\/\/www.novaconcursos.com.br\/portal\/wp-json\/wp\/v2\/media?parent=172861"}],"wp:term":[{"taxonomy":"category","embeddable":true,"href":"https:\/\/www.novaconcursos.com.br\/portal\/wp-json\/wp\/v2\/categories?post=172861"},{"taxonomy":"post_tag","embeddable":true,"href":"https:\/\/www.novaconcursos.com.br\/portal\/wp-json\/wp\/v2\/tags?post=172861"}],"curies":[{"name":"wp","href":"https:\/\/api.w.org\/{rel}","templated":true}]}}