{"id":173105,"date":"2022-09-27T10:16:00","date_gmt":"2022-09-27T13:16:00","guid":{"rendered":"https:\/\/www.novaconcursos.com.br\/portal\/?p=173105"},"modified":"2022-09-27T10:16:06","modified_gmt":"2022-09-27T13:16:06","slug":"concurso-prefeitura-de-fortaleza-edital-anuncia-prefeito","status":"publish","type":"post","link":"https:\/\/www.novaconcursos.com.br\/portal\/noticias\/concurso-prefeitura-de-fortaleza-edital-anuncia-prefeito\/","title":{"rendered":"Concurso Prefeitura de Fortaleza: Edital com mais de 400 vagas, anuncia prefeito!"},"content":{"rendered":"<p>Boa not\u00edcia, concurseiros! O prefeito de Fortaleza, Jos\u00e9 Sarto, anunciou a realiza\u00e7\u00e3o de um novo concurso\u00a0<a href=\"https:\/\/www.novaconcursos.com.br\/portal\/concursos\/concurso-prefeitura-de-fortaleza-ce\/\">Prefeitura de Fortaleza CE<\/a>, com mais de <strong>400 vagas para 10 secretarias.<\/strong> Sal\u00e1rios chegam a R$ 20 mil!<\/p>\n\n\n\n<ul class=\"wp-block-list\"><li>Confira:\u00a0<a href=\"https:\/\/www.novaconcursos.com.br\/apostila\/concursos-prefeituras\">Apostila Concursos de Prefeituras<\/a><\/li><li>Confira:\u00a0<a href=\"https:\/\/www.novaconcursos.com.br\/curso-online\/concursos-de-prefeituras\">Curso Online Concursos de Prefeituras<\/a><\/li><\/ul><p><\/p>\n\n\n\n<p>Estude para o concurso dos seus sonhos com o M\u00e9todo que j\u00e1 ajudou na aprova\u00e7\u00e3o de mais de 70 mil alunos!\u00a0<a rel=\"noreferrer noopener\" aria-label=\" (abre numa nova aba)\" href=\"https:\/\/aprovacao.novaconcursos.com.br\/assinatura\" target=\"_blank\">Clique aqui<\/a>\u00a0e saiba mais!<\/p>\n\n\n\n<h2 class=\"wp-block-heading\" id=\"concurso-prefeitura-de-fortaleza-quando-sai-o-edital\">Concurso Prefeitura de Fortaleza: quando sai o edital?<\/h2>\n\n\n\n<p>\u00c9 o que os concurseiros querem saber! E a Prefeitura de Fortaleza, no <a href=\"https:\/\/www.novaconcursos.com.br\/portal\/concursos-previstos\/ce\/\">Estado do Cear\u00e1<\/a>, ter\u00e1 novo <strong>edital muito em breve.<\/strong><\/p>\n\n\n\n<p>Isso porque o documento foi anunciado pelo <strong>prefeito <\/strong>Jos\u00e9 Sarto, na tarde desta segunda-feira (26). Entretanto, ainda n\u00e3o h\u00e1 uma data concreta.<\/p>\n\n\n\n<p>O que se sabe, no entanto, \u00e9 que o concurso vai ofertar, ao todo, mais de <strong>400 vagas <\/strong>para 10 secretarias do munic\u00edpio. <\/p>\n\n\n\n<p>Al\u00e9m disso, os sal\u00e1rios dos cargos que ser\u00e3o ofertados podem chegar ao valor de at\u00e9 <strong>R$ 20 mil.<\/strong><\/p>\n\n\n\n<h3 class=\"wp-block-heading\">Outros editais devem surgir<\/h3>\n\n\n\n<p>A Prefeitura deve anunciar tamb\u00e9m, muito em breve, o concurso para a <strong>Guarda Municipal de Fortaleza. <\/strong><\/p>\n\n\n\n<p>Sendo assim, neste caso ser\u00e3o ofertadas <strong>1.000 vagas<\/strong> e o edital deve ser lan\u00e7ado ainda no segundo semestre deste ano.<\/p>\n\n\n\n<p>Al\u00e9m disso, tamb\u00e9m foi anunciado pelo prefeito nesta segunda-feira, um novo edital para o concurso<strong> ISS Fortaleza. <\/strong><\/p>\n\n\n\n<p>Segundo o prefeito, ser\u00e3o para a Secretaria Municipal das Finan\u00e7as (Sefin)<strong>, 50 vagas<\/strong>. As oportunidades ser\u00e3o distribu\u00eddas da seguinte forma:<\/p>\n\n\n\n<ul class=\"wp-block-list\"><li>30 vagas para o cargo de Auditor;<\/li><li>20 vagas para o cargo de Analista.<\/li><\/ul><p><\/p>\n\n\n\n<p>Vale lembrar que o concurso j\u00e1 conta com a <strong>comiss\u00e3o <\/strong>de planejamento formada desde <strong>14 de setembro.<\/strong><\/p>\n\n\n\n<h2 class=\"wp-block-heading\" id=\"como-foi-o-ltimo-concurso-prefeitura-de-fortaleza-ce\">Como foi o \u00faltimo concurso Prefeitura de Fortaleza CE?<\/h2>\n\n\n\n<p>Ademais, o \u00faltimo concurso para a Prefeitura de Fortaleza, no <a href=\"https:\/\/www.novaconcursos.com.br\/portal\/concursos-abertos\/ce\/\">Estado do Cear\u00e1<\/a>, ainda est\u00e1 em andamento e o edital foi publicado em junho desse ano.<\/p>\n\n\n\n<p>Foram oferecidas\u00a0<strong>2 mil vagas\u00a0<\/strong>para secretaria da educa\u00e7\u00e3o, sendo\u00a0<strong>944 vagas para professores<\/strong>\u00a0em \u00e1reas espec\u00edficas, distribu\u00eddas da seguinte maneira:<\/p>\n\n\n\n<ul class=\"wp-block-list\"><li>Ci\u00eancias;<\/li><li>L\u00edngua Portuguesa;<\/li><li>Educa\u00e7\u00e3o F\u00edsica;<\/li><li>Geografia;<\/li><li>Hist\u00f3ria;<\/li><li>L\u00edngua Portuguesa\/Literatura;<\/li><li>Matem\u00e1tica;<\/li><li>Ensino Religioso.<\/li><\/ul><p><\/p>\n\n\n\n<p>Dessa forma, a carreira exige\u00a0<strong>Licenciatura Plena<\/strong>\u00a0na respectiva \u00e1rea, com sal\u00e1rio inicial de R$\u00a0<strong>4.384,82.<\/strong><\/p>\n\n\n\n<p>As outras<strong>\u00a01.056 vagas dispon\u00edveis<\/strong>\u00a0s\u00e3o para<strong>\u00a0pedagogos<\/strong>, exigindo Licenciatura Plena em Pedagogia, em Regime Regular ou Especial, ou Forma\u00e7\u00e3o de Professores do Ensino Fundamental (1\u00aa \u00e0 4\u00aa S\u00e9ries).<\/p>\n\n\n\n<p>Essa carreira tamb\u00e9m conta com um sal\u00e1rio inicial no valor de\u00a0<strong>R$ 4.384,82,\u00a0<\/strong>com jornada de trabalho de<strong>\u00a0200 horas mensais.<\/strong><\/p>\n\n\n\n<p>Portanto, os <strong>candidatos<\/strong>\u00a0inscritos ser\u00e3o avaliados pelas seguintes etapas:<\/p>\n\n\n\n<ul class=\"wp-block-list\"><li>Prova objetiva;<\/li><li>Pr\u00e1tica de did\u00e1tica (aula);<\/li><li>Entrega de t\u00edtulos;<\/li><li>Comprova\u00e7\u00e3o profissional.\u00a0<\/li><\/ul><p><\/p>\n\n\n\n<p>Por fim, a<strong>\u00a0prova objetiva<\/strong>\u00a0vai conter\u00a0<strong>60 quest\u00f5es<\/strong>\u00a0e est\u00e1 marcada para o dia\u00a0<strong>7 de agosto<\/strong>\u00a0para professores e\u00a0<strong>14 de agosto<\/strong>\u00a0para pedagogos.<\/p>\n\n\n\n<figure class=\"wp-block-image size-large\"><a href=\"https:\/\/aprovacao.novaconcursos.com.br\/assinatura\" target=\"_blank\" rel=\"noreferrer noopener\"><img decoding=\"async\" src=\"https:\/\/www.novaconcursos.com.br\/portal\/wp-content\/uploads\/2022\/01\/Faixa-Frete-Gr%E2%80%A0tis-portal.png\" alt=\"assinatura completa\" class=\"wp-image-153078\" loading=\"lazy\" title=\"\"><\/a><figcaption><\/figcaption><\/figure>","protected":false},"excerpt":{"rendered":"<p>Boa not\u00edcia, concurseiros! O prefeito de Fortaleza, Jos\u00e9 Sarto, anunciou a realiza\u00e7\u00e3o de um novo concurso\u00a0Prefeitura de Fortaleza CE, com mais de 400 vagas para 10 secretarias. Sal\u00e1rios chegam a R$ 20 mil! Confira:\u00a0Apostila Concursos de Prefeituras Confira:\u00a0Curso Online Concursos de Prefeituras Estude para o concurso dos seus sonhos com o M\u00e9todo que j\u00e1 ajudou [&hellip;]<\/p>\n","protected":false},"author":54671,"featured_media":161320,"comment_status":"closed","ping_status":"closed","sticky":false,"template":"","format":"standard","meta":{"_acf_changed":false,"footnotes":"","_wp_rev_ctl_limit":""},"categories":[228],"tags":[],"class_list":["post-173105","post","type-post","status-publish","format-standard","has-post-thumbnail","hentry","category-noticias"],"acf":[],"_links":{"self":[{"href":"https:\/\/www.novaconcursos.com.br\/portal\/wp-json\/wp\/v2\/posts\/173105","targetHints":{"allow":["GET"]}}],"collection":[{"href":"https:\/\/www.novaconcursos.com.br\/portal\/wp-json\/wp\/v2\/posts"}],"about":[{"href":"https:\/\/www.novaconcursos.com.br\/portal\/wp-json\/wp\/v2\/types\/post"}],"author":[{"embeddable":true,"href":"https:\/\/www.novaconcursos.com.br\/portal\/wp-json\/wp\/v2\/users\/54671"}],"replies":[{"embeddable":true,"href":"https:\/\/www.novaconcursos.com.br\/portal\/wp-json\/wp\/v2\/comments?post=173105"}],"version-history":[{"count":4,"href":"https:\/\/www.novaconcursos.com.br\/portal\/wp-json\/wp\/v2\/posts\/173105\/revisions"}],"predecessor-version":[{"id":173109,"href":"https:\/\/www.novaconcursos.com.br\/portal\/wp-json\/wp\/v2\/posts\/173105\/revisions\/173109"}],"wp:featuredmedia":[{"embeddable":true,"href":"https:\/\/www.novaconcursos.com.br\/portal\/wp-json\/wp\/v2\/media\/161320"}],"wp:attachment":[{"href":"https:\/\/www.novaconcursos.com.br\/portal\/wp-json\/wp\/v2\/media?parent=173105"}],"wp:term":[{"taxonomy":"category","embeddable":true,"href":"https:\/\/www.novaconcursos.com.br\/portal\/wp-json\/wp\/v2\/categories?post=173105"},{"taxonomy":"post_tag","embeddable":true,"href":"https:\/\/www.novaconcursos.com.br\/portal\/wp-json\/wp\/v2\/tags?post=173105"}],"curies":[{"name":"wp","href":"https:\/\/api.w.org\/{rel}","templated":true}]}}