{"id":173122,"date":"2022-09-27T11:03:30","date_gmt":"2022-09-27T14:03:30","guid":{"rendered":"https:\/\/www.novaconcursos.com.br\/portal\/?p=173122"},"modified":"2022-09-27T11:03:35","modified_gmt":"2022-09-27T14:03:35","slug":"concurso-sad-ms-comissao-organizadora-definida","status":"publish","type":"post","link":"https:\/\/www.novaconcursos.com.br\/portal\/noticias\/concurso-sad-ms-comissao-organizadora-definida\/","title":{"rendered":"Concurso SAD MS: Comiss\u00e3o organizadora definida!"},"content":{"rendered":"<p>Aten\u00e7\u00e3o concurseiros! Um novo <strong>concurso SAD MS <\/strong>(Secretaria de Administra\u00e7\u00e3o e Desburocratiza\u00e7\u00e3o do Estado do Mato Grosso do Sul) deve ser publicado em breve. Uma <strong>comiss\u00e3o <\/strong>organizadora foi <strong>montada <\/strong>e o edital ser\u00e1 para Gest\u00e3o Organizacional!<\/p>\n\n\n\n<ul class=\"wp-block-list\"><li><strong>Confira:<\/strong>\u00a0<a rel=\"noreferrer noopener\" aria-label=\" (abre numa nova aba)\" href=\"https:\/\/www.novaconcursos.com.br\/eventos\/guia-definitivo-como-montar-um-mapa-mental\/\" target=\"_blank\">Guia Definitivo Como montar um mapa mental (Gr\u00e1tis)<\/a><\/li><\/ul><p><\/p>\n\n\n\n<p>Estude para o concurso dos seus sonhos com o\u00a0<strong>M\u00e9todo<\/strong>\u00a0que j\u00e1 ajudou na\u00a0<strong>aprova\u00e7\u00e3o de mais de 70 mil alunos.<\/strong>\u00a0<a rel=\"noreferrer noopener\" href=\"https:\/\/aprovacao.novaconcursos.com.br\/assinatura?promo_creative=Clique+aqui&amp;promo_name=noticia&amp;promo_id=%2Fportal%2Fnoticias%2Fconcurso-bombeiros-ba-fcc-sera-responsavel-pelo-novo-edital&amp;promo_position=corpo-texto\" target=\"_blank\">Clique <\/a><a rel=\"noreferrer noopener\" aria-label=\"a (abre numa nova aba)\" href=\"https:\/\/aprovacao.novaconcursos.com.br\/assinatura\" target=\"_blank\">a<\/a><a rel=\"noreferrer noopener\" href=\"https:\/\/aprovacao.novaconcursos.com.br\/assinatura?promo_creative=Clique+aqui&amp;promo_name=noticia&amp;promo_id=%2Fportal%2Fnoticias%2Fconcurso-bombeiros-ba-fcc-sera-responsavel-pelo-novo-edital&amp;promo_position=corpo-texto\" target=\"_blank\">qui<\/a>\u00a0e saiba mais!<\/p>\n\n\n\n<h2 class=\"wp-block-heading\" id=\"concurso-sad-ms-quando-sai-o-edital\">Concurso SAD MS: quando sai o edital?<\/h2>\n\n\n\n<p>\u00c9 o que os concurseiros querem saber! E um <strong>novo edital <\/strong>para o concurso da Secretaria de Administra\u00e7\u00e3o e Desburocratiza\u00e7\u00e3o do <a href=\"https:\/\/www.novaconcursos.com.br\/portal\/concursos-previstos\/ms\/\">Estado do Mato Grosso do Sul<\/a> est\u00e1 pr\u00f3ximo.<\/p>\n\n\n\n<p>Entretanto, <strong>n\u00e3o h\u00e1 uma data concreta<\/strong> para sua publica\u00e7\u00e3o, uma vez que os tr\u00e2mites come\u00e7aram a andar recentemente.<\/p>\n\n\n\n<p>Assim, a comiss\u00e3o organizadora foi formada nesta semana e dar\u00e1 in\u00edcio a <strong>escolha da banca<\/strong> e forma\u00e7\u00e3o do<strong> projeto b\u00e1sico<\/strong> do concurso.<\/p>\n\n\n\n<p>Vale destacar que o documento que <strong>formou a comiss\u00e3o<\/strong> foi publicado no Di\u00e1rio Oficial. Portanto, ela ter\u00e1 os seguintes servidores:<\/p>\n\n\n\n<ul class=\"wp-block-list\"><li>Ana Carolina Araujo Nardes \u2013 presidente<\/li><li>Ana Carina do Prado Avila Verbisck \u2013 membro<\/li><li>Carla Rouledo Moretti Leite \u2013 membro<\/li><li>Ceres Gon\u00e7alves Pereira Zambon \u2013 membro<\/li><li>Le\u00f4nia In\u00eas da Cruz Pav\u00e3o \u2013 membro<\/li><li>Tania Margarida Lopes de Arruda \u2013 membro<\/li><\/ul><p><\/p>\n\n\n\n<h3 class=\"wp-block-heading\">Previs\u00e3o de vagas e cargos<\/h3>\n\n\n\n<p>Al\u00e9m disso, o documento ainda detalha que o certame ser\u00e1 destinado para provimento de vagas para cargo de <strong>Gestor Organizacional. <\/strong><\/p>\n\n\n\n<p>Vale destacar que a autoriza\u00e7\u00e3o do novo\u00a0concurso SAD MS\u00a0foi publicada no in\u00edcio de junho e informou que est\u00e3o sendo previstas <strong>100 vagas<\/strong> nas seguintes especialidades:<\/p>\n\n\n\n<ul class=\"wp-block-list\"><li><strong>Gestor Organizacional<\/strong><ul><li>Analista de Compras e Suprimentos \u2013 20 vagas;<\/li><li>Analista Cont\u00e1bil \u2013 20 vagas; e<\/li><li>Gestor Organizacional e de Pessoal \u2013 60 vagas.<\/li><\/ul><\/li><\/ul><p><\/p>\n\n\n\n<h3 class=\"wp-block-heading\">Requisitos<\/h3>\n\n\n\n<p>Al\u00e9m disso, \u00e9 importante que os concurseiros se atentem aos<strong> requisitos b\u00e1sicos <\/strong>para sele\u00e7\u00e3o, que s\u00e3o:<\/p>\n\n\n\n<ul class=\"wp-block-list\"><li>Analista de Compras e Suprimentos e Gestor Organizacional e de Pessoal<ul><li>Gradua\u00e7\u00e3o em N\u00edvel Superior na \u00e1rea de forma\u00e7\u00e3o exigida edital de concurso p\u00fablico, reconhecido pelo \u00f3rg\u00e3o competente e acrescido de registro profissional no \u00f3rg\u00e3o fiscalizador da profiss\u00e3o.<\/li><\/ul><\/li><li>Analista Cont\u00e1bil<ul><li>Gradua\u00e7\u00e3o em ci\u00eancias cont\u00e1beis e registro profissional no \u00f3rg\u00e3o fiscalizador da profiss\u00e3o, acrescido de habilita\u00e7\u00e3o espec\u00edfica na \u00e1rea de atua\u00e7\u00e3o, quando previsto em edital de concurso p\u00fablico.<\/li><\/ul><\/li><\/ul><p><\/p>\n\n\n\n<h3 class=\"wp-block-heading\">E os sal\u00e1rios?<\/h3>\n\n\n\n<p>Ademais, o sal\u00e1rio inicial para a carreira \u00e9 de<strong>\u00a0R$ 5.817,12<\/strong>. Entretanto, esse valor pode chegar a\u00a0<strong>R$ 11.401,54\u00a0<\/strong>ao final da carreira.<\/p>\n\n\n\n<p>Al\u00e9m disso, \u00e9 importante lembrar que o cargo passou a ser chamar Gest\u00e3o Organizacional recentemente com a publica\u00e7\u00e3o da\u00a0<a rel=\"noreferrer noopener\" href=\"https:\/\/www.tjms.jus.br\/legislacao\/public\/pdf-legislacoes\/lei_n._5.818.pdf\" target=\"_blank\">lei 5.818\/21<\/a>.<\/p>\n\n\n\n<p>Sendo assim, anteriormente o cargo era conhecido como Servi\u00e7os Organizacionais.<\/p>\n\n\n\n<p>Ent\u00e3o, se atentem as novas informa\u00e7\u00f5es do concurso da Secretaria de Administra\u00e7\u00e3o e Desburocratiza\u00e7\u00e3o do <a href=\"https:\/\/www.novaconcursos.com.br\/portal\/concursos-abertos\/ms\/\">Estado do Mato Grosso do Sul<\/a>.<\/p>\n\n\n\n<figure class=\"wp-block-image size-large\"><a href=\"https:\/\/aprovacao.novaconcursos.com.br\/assinatura\" target=\"_blank\" rel=\"noreferrer noopener\"><img decoding=\"async\" src=\"https:\/\/www.novaconcursos.com.br\/portal\/wp-content\/uploads\/2022\/01\/Faixa-Frete-Gr%E2%80%A0tis-portal.png\" alt=\"assinatura completa\" class=\"wp-image-153078\" loading=\"lazy\" title=\"\"><\/a><figcaption><\/figcaption><\/figure>","protected":false},"excerpt":{"rendered":"<p>Aten\u00e7\u00e3o concurseiros! Um novo concurso SAD MS (Secretaria de Administra\u00e7\u00e3o e Desburocratiza\u00e7\u00e3o do Estado do Mato Grosso do Sul) deve ser publicado em breve. Uma comiss\u00e3o organizadora foi montada e o edital ser\u00e1 para Gest\u00e3o Organizacional! Confira:\u00a0Guia Definitivo Como montar um mapa mental (Gr\u00e1tis) Estude para o concurso dos seus sonhos com o\u00a0M\u00e9todo\u00a0que j\u00e1 ajudou [&hellip;]<\/p>\n","protected":false},"author":54671,"featured_media":173123,"comment_status":"closed","ping_status":"closed","sticky":false,"template":"","format":"standard","meta":{"_acf_changed":false,"footnotes":"","_wp_rev_ctl_limit":""},"categories":[228],"tags":[],"class_list":["post-173122","post","type-post","status-publish","format-standard","has-post-thumbnail","hentry","category-noticias"],"acf":[],"_links":{"self":[{"href":"https:\/\/www.novaconcursos.com.br\/portal\/wp-json\/wp\/v2\/posts\/173122","targetHints":{"allow":["GET"]}}],"collection":[{"href":"https:\/\/www.novaconcursos.com.br\/portal\/wp-json\/wp\/v2\/posts"}],"about":[{"href":"https:\/\/www.novaconcursos.com.br\/portal\/wp-json\/wp\/v2\/types\/post"}],"author":[{"embeddable":true,"href":"https:\/\/www.novaconcursos.com.br\/portal\/wp-json\/wp\/v2\/users\/54671"}],"replies":[{"embeddable":true,"href":"https:\/\/www.novaconcursos.com.br\/portal\/wp-json\/wp\/v2\/comments?post=173122"}],"version-history":[{"count":4,"href":"https:\/\/www.novaconcursos.com.br\/portal\/wp-json\/wp\/v2\/posts\/173122\/revisions"}],"predecessor-version":[{"id":173127,"href":"https:\/\/www.novaconcursos.com.br\/portal\/wp-json\/wp\/v2\/posts\/173122\/revisions\/173127"}],"wp:featuredmedia":[{"embeddable":true,"href":"https:\/\/www.novaconcursos.com.br\/portal\/wp-json\/wp\/v2\/media\/173123"}],"wp:attachment":[{"href":"https:\/\/www.novaconcursos.com.br\/portal\/wp-json\/wp\/v2\/media?parent=173122"}],"wp:term":[{"taxonomy":"category","embeddable":true,"href":"https:\/\/www.novaconcursos.com.br\/portal\/wp-json\/wp\/v2\/categories?post=173122"},{"taxonomy":"post_tag","embeddable":true,"href":"https:\/\/www.novaconcursos.com.br\/portal\/wp-json\/wp\/v2\/tags?post=173122"}],"curies":[{"name":"wp","href":"https:\/\/api.w.org\/{rel}","templated":true}]}}