{"id":173163,"date":"2022-09-28T08:00:55","date_gmt":"2022-09-28T11:00:55","guid":{"rendered":"https:\/\/www.novaconcursos.com.br\/portal\/?post_type=nc-public-tender&#038;p=173163"},"modified":"2024-12-16T09:49:02","modified_gmt":"2024-12-16T12:49:02","slug":"processo-seletivo-sejusp-mg","status":"publish","type":"post","link":"https:\/\/www.novaconcursos.com.br\/portal\/concursos\/processo-seletivo-sejusp-mg\/","title":{"rendered":"Processo Seletivo Sejusp MG: Edital publicado! 168 vagas!"},"content":{"rendered":"<p>Excelente not\u00edcia, concurseiros! Foi publicado o edital do processo seletivo da <strong>Sejusp MG<\/strong>!<\/p>\n<p>O PSS ofertar\u00e1 centenas de vagas de <strong>n\u00edvel m\u00e9dio<\/strong>, com sal\u00e1rio de at\u00e9 R$ 5 mil.<\/p>\n<p>Se interessa pela sele\u00e7\u00e3o? Ent\u00e3o, continue nesta p\u00e1gina e confira todos os detalhes logo mais!<\/p>\n<ul><li><a class=\"_ps2id\" href=\"#vagas-cargo-salario\" data-ps2id-offset=\"\">Vagas, cargo e sal\u00e1rio<\/a><\/li>\n<li><a class=\"_ps2id\" href=\"#inscricoes\" data-ps2id-offset=\"\">Inscri\u00e7\u00f5es<\/a><\/li>\n<li><a class=\"_ps2id\" href=\"#requisitos\" data-ps2id-offset=\"\">Requisitos<\/a><\/li>\n<li><a class=\"_ps2id\" href=\"#etapas-provas\" data-ps2id-offset=\"\">Etapas e Provas<\/a><\/li>\n<li><a class=\"_ps2id\" href=\"#atribuicoes\" data-ps2id-offset=\"\">Atribui\u00e7\u00f5es<\/a><\/li>\n<li><a class=\"_ps2id\" href=\"#sobre-sejusp-mg\" data-ps2id-offset=\"\">Sobre a Sejusp MG<\/a><\/li>\n<\/ul><h2 id=\"\"><\/h2>\n<h2 id=\"ps2id-idvagascargosalario-targetvagas-cargo-e-salrio\">[ps2id id=\u2019vagas-cargo-salario\u2019 target=\u201d\/]Vagas, cargo e sal\u00e1rio<\/h2>\n<p>O edital do processo seletivo da Secretaria de Estado de Justi\u00e7a e Seguran\u00e7a P\u00fablica de <a href=\"https:\/\/www.novaconcursos.com.br\/portal\/concursos-abertos\/mg\/\">Minas Gerais<\/a> foi publicado, contando com oferta de 168 vagas para o cargo de Agente de Seguran\u00e7a Socioeducativo, que exige n\u00edvel m\u00e9dio de escolaridade.<\/p>\n<p>As <strong>vagas<\/strong> s\u00e3o divididas entre femininas e masculinas, sendo:<\/p>\n<ul><li>Vagas femininas: 24<\/li>\n<li>Vagas masculinas: 144<\/li>\n<\/ul><p>\u00a0<\/p>\n<p>Ademais, os aprovados na sele\u00e7\u00e3o far\u00e3o jus a <strong>sal\u00e1rio<\/strong> de R$ 5.097,15 e dever\u00e3o cumprir carga hor\u00e1ria semanal de 40 horas.<\/p>\n<p>Por fim, cabe destacar que o certame ter\u00e1\u00a0<strong>validade\u00a0<\/strong>de um ano, podendo ser prorrogado por igual per\u00edodo.<\/p>\n<p>Cabe recordar, ainda, que um <a href=\"https:\/\/www.novaconcursos.com.br\/portal\/noticias\/concurso-sejusp-mg-detalhes-edital-agente-socioeducativo\/\">concurso<\/a> Sejusp MG para Agente Socioeducativo est\u00e1 em andamento, contando com o IBFC (Instituto Brasileiro de Forma\u00e7\u00e3o e Capacita\u00e7\u00e3o) como banca organizadora.<\/p>\n<p>Estude para o concurso dos seus sonhos com o\u00a0<strong>M\u00e9todo<\/strong>\u00a0que j\u00e1 ajudou na\u00a0<strong>aprova\u00e7\u00e3o de mais de 70 mil alunos<\/strong>.\u00a0<a class=\"c-link\" href=\"https:\/\/www.novaconcursos.com.br\/eventos\/assinatura?promo_creative=Clique+aqui&amp;promo_name=concurso&amp;promo_id=%2Fportal%2Fconcursos%2Fconcurso-uespi-edital-autorizado-160-vagas&amp;promo_position=corpo-texto\" target=\"_blank\" rel=\"noopener noreferrer\" data-stringify-link=\"https:\/\/www.novaconcursos.com.br\/eventos\/assinatura?promo_creative=Clique+aqui&amp;promo_name=concurso&amp;promo_id=%2Fportal%2Fconcursos%2Fconcurso-uespi-edital-autorizado-160-vagas&amp;promo_position=corpo-texto\" data-sk=\"tooltip_parent\">Clique aqui<\/a>e saiba mais!<\/p>\n<h2 id=\"ps2id-idinscricoes-targetconcurso-sejusp-mg-inscries\">[ps2id id=\u2019inscricoes\u2019 target=\u201d\/]Concurso Sejusp MG: Inscri\u00e7\u00f5es<\/h2>\n<p>As inscri\u00e7\u00f5es para o PSS Sejusp MG j\u00e1 est\u00e3o abertas e podem ser efetuadas at\u00e9 as 17 horas do dia 7 de outubro de 2022 por meio do site da <a href=\"https:\/\/www.fundatec.org.br\/portal\/concursos\/index_concursos.php?concurso=687\" target=\"_blank\" rel=\"noopener noreferrer\">Fundatec<\/a> (Funda\u00e7\u00e3o Universidade Empresa de Tecnologia e Ci\u00eancias), banca respons\u00e1vel pela sele\u00e7\u00e3o.<\/p>\n<p>Ademais, a <strong>taxa de inscri\u00e7\u00e3o\u00a0<\/strong>\u00e9 de R$ 59,90.<\/p>\n<p>Cabe ressaltar, ainda, que havia possibilidade de isen\u00e7\u00e3o da taxa de inscri\u00e7\u00e3o. Todavia, o <strong>per\u00edodo<\/strong> para a solicita\u00e7\u00e3o foi encerrado no dia 23 de setembro de 2022.<\/p>\n<h2 id=\"ps2id-idrequisitos-targeto-que-preciso-para-trabalhar-na-sej\">[ps2id id=\u2019requisitos\u2019 target=\u201d\/]O que \u00e9 preciso para trabalhar na Sejusp MG?<\/h2>\n<p>Al\u00e9m de Ensino M\u00e9dio completo, o interessado ao cargo ofertado pelo certame dever\u00e1 <strong>cumprir<\/strong>, ainda, com os seguintes requisitos:<\/p>\n<ul><li>Ser brasileiro ou gozar das prerrogativas legais correspondentes;<\/li>\n<li>Ter idade m\u00ednima de 18 anos na data da assinatura do contrato;<\/li>\n<li>Estar quite com a justi\u00e7a eleitoral;<\/li>\n<li>Estar quite com o servi\u00e7o militar, se do sexo masculino;<\/li>\n<li>N\u00e3o ter sofrido, no exerc\u00edcio de fun\u00e7\u00e3o p\u00fablica, penalidade incompat\u00edvel com a nova investidura;<\/li>\n<li>N\u00e3o ser aposentado por invalidez;<\/li>\n<li>N\u00e3o ter sofrido redu\u00e7\u00e3o de sua capacidade laboral que implique em limita\u00e7\u00e3o do exerc\u00edcio das fun\u00e7\u00f5es do cargo;<\/li>\n<li>N\u00e3o possuir ac\u00famulo de cargos e\/ou outro v\u00ednculo empregat\u00edcio ativo \u00e0 \u00e9poca da contrata\u00e7\u00e3o, por se tratar de carreira de dedica\u00e7\u00e3o exclusiva nos termos da Lei Estadual n.\u00ba 15.302\/2004; e<\/li>\n<li>Estar apto f\u00edsica e mentalmente para o exerc\u00edcio da fun\u00e7\u00e3o.<\/li>\n<\/ul><p>\u00a0<\/p>\n<h2 id=\"ps2id-idetapasprovas-targetetapas-e-provas\">[ps2id id=\u2019etapas-provas\u2019 target=\u201d\/]Etapas e Provas<\/h2>\n<p>O processo seletivo simplificado da Sejusp MG contar\u00e1 com\u00a0<strong>tr\u00eas etapas<\/strong>, sendo elas:<\/p>\n<ul><li>Prova Objetiva (eliminat\u00f3ria e classificat\u00f3ria)<\/li>\n<li>Avalia\u00e7\u00e3o Psicol\u00f3gica (eliminat\u00f3ria)<\/li>\n<li>Investiga\u00e7\u00e3o Social (eliminat\u00f3ria)<\/li>\n<\/ul><p>\u00a0<\/p>\n<p>Todas as etapas ser\u00e3o realizadas no\u00a0<strong>munic\u00edpio\u00a0<\/strong>de Belo Horizonte, capital mineira.<\/p>\n<p>A\u00a0<strong>prova objetiva\u00a0<\/strong>ser\u00e1 aplicada no dia\u00a0<strong>6 de novembro de 2022<\/strong> entre as 9h40 e as 13h40.<\/p>\n<p>Ademais, a avalia\u00e7\u00e3o contar\u00e1 com\u00a0<strong>60 quest\u00f5es\u00a0<\/strong>acerca das disciplinas a seguir:<\/p>\n<ul><li>L\u00edngua Portuguesa \u2013 20 quest\u00f5es<\/li>\n<li>No\u00e7\u00f5es de Direito \u2013 10 quest\u00f5es<\/li>\n<li>Direitos Humanos \u2013 10 quest\u00f5es<\/li>\n<li>Legisla\u00e7\u00e3o Especial\u00a0 \u2013 10 quest\u00f5es<\/li>\n<li>Racioc\u00ednio L\u00f3gico \u2013 10 quest\u00f5es<\/li>\n<\/ul><p>\u00a0<\/p>\n<h2 id=\"ps2id-idatribuicoes-targetatribuies\">[ps2id id=\u2019atribuicoes\u2019 target=\u201d\/]Atribui\u00e7\u00f5es<\/h2>\n<p>Confira as\u00a0<strong>atribui\u00e7\u00f5es\u00a0<\/strong>gerais e espec\u00edficas do cargo de Agente de Seguran\u00e7a Socioeducativo:<\/p>\n<p><strong>Atribui\u00e7\u00f5es Gerais<\/strong><\/p>\n<ul><li>Exercer atividades de vigil\u00e2ncia e escolta nos espa\u00e7os intramuros e extramuros nos estabelecimentos da Superintend\u00eancia de Atendimento \u00e0s Medidas Socioeducativas, zelando pela integridade f\u00edsica, mental e emocional dos adolescentes em regime de interna\u00e7\u00e3o e semiliberdade;<\/li>\n<li>Garantir a integridade do patrim\u00f4nio e a seguran\u00e7a dos servidores em exerc\u00edcio nas unidades de atendimento;<\/li>\n<li>Assegurar o cumprimento das medidas socioeducativas; e<\/li>\n<li>Atuar como orientador no processo de reinser\u00e7\u00e3o social do adolescente em conflito com a lei.<\/li>\n<\/ul><p>\u00a0<\/p>\n<p><strong>Atribui\u00e7\u00f5es Espec\u00edficas<\/strong><\/p>\n<ul><li>Atuar com modera\u00e7\u00e3o, de forma direta ou indireta, no processo socioeducativo dos adolescentes, por meio do di\u00e1logo, orienta\u00e7\u00f5es e media\u00e7\u00e3o de conflitos, sendo utilizada a conten\u00e7\u00e3o como \u00faltimo recurso;<\/li>\n<li>Participar de reuni\u00f5es t\u00e9cnicas e administrativas, quando convocado;<\/li>\n<li>Participar da elabora\u00e7\u00e3o, execu\u00e7\u00e3o e avalia\u00e7\u00e3o do Plano Individual de Atendimento;<\/li>\n<li>Registrar as irregularidades e fatos importantes para o atendimento t\u00e9cnico, no livro de ocorr\u00eancias, observados na admiss\u00e3o e desligamento dos adolescentes da unidade de interna\u00e7\u00e3o, nas movimenta\u00e7\u00f5es internas e externas, durante todo o cumprimento da medida socioeducativa;<\/li>\n<li>Efetuar e controlar a movimenta\u00e7\u00e3o interna de adolescentes, acompanhando os atendimentos t\u00e9cnicos, os hor\u00e1rios de lazer, cultura e esporte, as atividades escolares e os cursos profissionalizantes;<\/li>\n<li>Atuar como um canal de comunica\u00e7\u00e3o entre o adolescente e os diversos setores de atendimento t\u00e9cnico do centro;<\/li>\n<li>Efetuar a identifica\u00e7\u00e3o e revista no adolescente e vistoria nos seus pertences durante a admiss\u00e3o e desligamento da unidade de interna\u00e7\u00e3o e nas movimenta\u00e7\u00f5es internas e externas;<\/li>\n<li>Vistoriar periodicamente os alojamentos;<\/li>\n<li>Promover a identifica\u00e7\u00e3o e revista de visitantes e vistoria em seus pertences;<\/li>\n<li>Registrar e acompanhar a entrada e sa\u00edda de visitantes, bem como as ocorr\u00eancias de irregularidades durante a visita\u00e7\u00e3o;<\/li>\n<li>Efetuar a revista em funcion\u00e1rios e vistoria em seus pertences;<\/li>\n<li>Vistoriar cargas e ve\u00edculos que ir\u00e3o ingressar no centro (alimenta\u00e7\u00e3o, materiais diversos);<\/li>\n<li>Acompanhar as movimenta\u00e7\u00f5es internas e os atendimentos aos adolescentes em pontos estrat\u00e9gicos;<\/li>\n<li>Planejar, preparar e executar as movimenta\u00e7\u00f5es externas junto com a equipe t\u00e9cnica;<\/li>\n<li>Acompanhar os adolescentes durante as refei\u00e7\u00f5es;<\/li>\n<li>Fazer a confer\u00eancia di\u00e1ria e identificar a quantidade de adolescentes no centro;<\/li>\n<li>Intervir direta ou indiretamente em situa\u00e7\u00f5es de emerg\u00eancia no centro, atrav\u00e9s de conten\u00e7\u00e3o e primeiros socorros, quando necess\u00e1rio, utilizando-se de interven\u00e7\u00f5es pedag\u00f3gicas depois de controlada a situa\u00e7\u00e3o;<\/li>\n<li>Zelar pela ordem, disciplina e seguran\u00e7a no interior dos centros de interna\u00e7\u00e3o; e<\/li>\n<li>Desempenhar outras atividades compat\u00edveis com as atribui\u00e7\u00f5es gerais contempladas no art. 4\u00ba da Lei n.\u00ba 15.302, de 2004 (Decreto 44.371, de 07\/08\/2006).<\/li>\n<\/ul><p>\u00a0<\/p>\n<h2 id=\"ps2id-idsobresejuspmg-targetsobre-a-sejusp-mg\">[ps2id id=\u2019sobre-sejusp-mg\u2019 target=\u201d\/]Sobre a Sejusp MG<\/h2>\n<p>A <strong>Secretaria de Estado de Justi\u00e7a e Seguran\u00e7a P\u00fablica<\/strong>\u00a0foi criada a partir de uma reforma administrativa da estrutura org\u00e2nica da administra\u00e7\u00e3o p\u00fablica do Poder Executivo, por meio da Lei 23.304, de 30 de maio de 2019.<\/p>\n<p>Confira, em s\u00edntese, a estrutura organizacional da <a href=\"https:\/\/www.seguranca.mg.gov.br\" target=\"_blank\" rel=\"noopener noreferrer\">Sejusp MG<\/a>:<\/p>\n<p><strong>Miss\u00e3o:<\/strong> Promover a pol\u00edtica estadual de Seguran\u00e7a P\u00fablica e Defesa Social de Minas Gerais, de maneira integrada com os \u00f3rg\u00e3os de Seguran\u00e7a P\u00fablica federais, estaduais e municipais, no \u00e2mbito do Sistema \u00danico de Seguran\u00e7a P\u00fabica (SUSP), de forma articulada com os demais poderes.<\/p>\n<p><strong>Vis\u00e3o:<\/strong> Ser reconhecida em \u00e2mbito nacional e particularmente pela sociedade mineira como institui\u00e7\u00e3o de excel\u00eancia nas a\u00e7\u00f5es de integra\u00e7\u00e3o dos \u00f3rg\u00e3os de Seguran\u00e7a P\u00fablica na cust\u00f3dia e ressocializa\u00e7\u00e3o do indiv\u00edduo privado de liberdade.<\/p>","protected":false},"excerpt":{"rendered":"<p>Excelente not\u00edcia, concurseiros! Foi publicado o edital da Sejusp MG!<br \/>\nO processo seletivo simplificado ofertar\u00e1 centenas de vagas de n\u00edvel m\u00e9dio, com sal\u00e1rio de at\u00e9 R$ 5 mil.<\/p>\n","protected":false},"author":54677,"featured_media":155900,"comment_status":"closed","ping_status":"closed","sticky":false,"template":"","format":"standard","meta":{"_acf_changed":false,"footnotes":"","_wp_rev_ctl_limit":""},"categories":[44999],"tags":[],"class_list":["post-173163","post","type-post","status-publish","format-standard","has-post-thumbnail","hentry","category-concursos"],"acf":[],"_links":{"self":[{"href":"https:\/\/www.novaconcursos.com.br\/portal\/wp-json\/wp\/v2\/posts\/173163","targetHints":{"allow":["GET"]}}],"collection":[{"href":"https:\/\/www.novaconcursos.com.br\/portal\/wp-json\/wp\/v2\/posts"}],"about":[{"href":"https:\/\/www.novaconcursos.com.br\/portal\/wp-json\/wp\/v2\/types\/post"}],"author":[{"embeddable":true,"href":"https:\/\/www.novaconcursos.com.br\/portal\/wp-json\/wp\/v2\/users\/54677"}],"replies":[{"embeddable":true,"href":"https:\/\/www.novaconcursos.com.br\/portal\/wp-json\/wp\/v2\/comments?post=173163"}],"version-history":[{"count":8,"href":"https:\/\/www.novaconcursos.com.br\/portal\/wp-json\/wp\/v2\/posts\/173163\/revisions"}],"predecessor-version":[{"id":173193,"href":"https:\/\/www.novaconcursos.com.br\/portal\/wp-json\/wp\/v2\/posts\/173163\/revisions\/173193"}],"wp:featuredmedia":[{"embeddable":true,"href":"https:\/\/www.novaconcursos.com.br\/portal\/wp-json\/wp\/v2\/media\/155900"}],"wp:attachment":[{"href":"https:\/\/www.novaconcursos.com.br\/portal\/wp-json\/wp\/v2\/media?parent=173163"}],"wp:term":[{"taxonomy":"category","embeddable":true,"href":"https:\/\/www.novaconcursos.com.br\/portal\/wp-json\/wp\/v2\/categories?post=173163"},{"taxonomy":"post_tag","embeddable":true,"href":"https:\/\/www.novaconcursos.com.br\/portal\/wp-json\/wp\/v2\/tags?post=173163"}],"curies":[{"name":"wp","href":"https:\/\/api.w.org\/{rel}","templated":true}]}}